{"id":19030,"date":"2022-06-01T12:38:41","date_gmt":"2022-06-01T09:38:41","guid":{"rendered":"http:\/\/akdenizolaygazetesi.com\/?p=19030"},"modified":"2022-06-01T12:38:41","modified_gmt":"2022-06-01T09:38:41","slug":"mersin-icin-ortak-paydada-her-zaman-yan-yana-olmaya-hazirim","status":"publish","type":"post","link":"https:\/\/akdenizolaygazetesi.com\/?p=19030","title":{"rendered":"&#8220;MERS\u0130N \u0130\u00c7\u0130N ORTAK PAYDADA HER ZAMAN YAN YANA OLMAYA HAZIRIM&#8221;"},"content":{"rendered":"<p>Mersin B\u00fcy\u00fck\u015fehir Belediye Ba\u015fkan\u0131 Vahap Se\u00e7er, Mersin Yat\u0131r\u0131mc\u0131 \u0130\u015f \u0130nsanlar\u0131 Derne\u011fi&#8217;nin (MERYAD) d\u00fczenledi\u011fi baloda kent protokol\u00fc ve i\u015f insanlar\u0131yla bir araya geldi. \u00c7ok sekt\u00f6rl\u00fc bir kent olan Mersin&#8217;in avantajlar\u0131n\u0131n ve bunlar\u0131n f\u0131rsata \u00e7evrilmesinin konu\u015fuldu\u011fu etkinlikte Ba\u015fkan Se\u00e7er, &#8220;Mersin i\u00e7in ortak paydada her zaman yan yana olmaya haz\u0131r\u0131m&#8221; dedi. Etkinli\u011fin devam\u0131nda Ba\u015fkan Se\u00e7er, MERYAD&#8217;\u0131n Y\u00fcksek \u0130sti\u015fare Kurulu \u00fcyelerine plaketlerini verdi.<br \/>\nVali Pehlivan: &#8220;Mersin&#8217;in ortak paydas\u0131nda i\u015f birli\u011fi i\u00e7erisinde olaca\u011f\u0131z&#8221;<br \/>\nBaloya Ba\u015fkan Se\u00e7er&#8217;in yan\u0131 s\u0131ra Mersin Valisi Ali Hamza Pehlivan, Akdeniz B\u00f6lge ve Garnizon Komutan\u0131 Tu\u011famiral Fuat Gedik, KKTC Mersin Ba\u015fkonsolosu Zalihe Mendeli, kent protokol\u00fc ve i\u015f insanlar\u0131 kat\u0131ld\u0131. Mersin Valisi Ali Hamza Pehlivan, Mersin&#8217;in yaln\u0131zca Akdeniz&#8217;in de\u011fil T\u00fcrkiye&#8217;nin incisi oldu\u011funu s\u00f6yledi. Mersin&#8217;in do\u011fal g\u00fczellikleri ile sekt\u00f6rel zenginliklerinden s\u00f6z eden Vali Pehlivan, Mersin&#8217;in sanat, turizm ve festival gibi konularda da desteklenmesi gerekti\u011fine de\u011findi. Mersin B\u00fcy\u00fck\u015fehir Belediye Ba\u015fkan\u0131 Vahap Se\u00e7er&#8217;in de Mersin&#8217;in geli\u015fmesi a\u00e7\u0131s\u0131ndan el birli\u011fi ile \u00e7al\u0131\u015fmaya devam edeceklerini s\u00f6yledi\u011fini an\u0131msatan Vali Pehlivan, Mersin&#8217;in ortak paydas\u0131nda i\u015f birli\u011fi i\u00e7erisinde olacaklar\u0131n\u0131 kaydetti.<br \/>\n&#8220;Mersin&#8217;in \u00f6n\u00fcnde kimse duramaz&#8221;<br \/>\nB\u00fcy\u00fck\u015fehir Belediye Ba\u015fkan\u0131 Vahap Se\u00e7er, kent i\u00e7in yat\u0131r\u0131m\u0131n \u00f6nemine de\u011finerek, Mersin&#8217;de ya\u015fayan herkesin Mersinli oldu\u011funu vurgulad\u0131. Ba\u015fkan Se\u00e7er, &#8220;Ya\u015fad\u0131\u011f\u0131m\u0131z, doydu\u011fumuz, \u00e7ocuklar\u0131m\u0131za istikbal arad\u0131\u011f\u0131m\u0131z kent bizim \u015ferefimiz, her \u015feyimiz, gelece\u011fimiz. Biz Mersinliyiz. Bunu geli\u015ftirebilirsek, herkese &#8216;Mersinliyim&#8217; dedirtebilirsek,  Mersin&#8217;in \u00f6n\u00fcnde kimse duramaz&#8221; dedi.  &#8220;Mersin, Toroslar\u0131n tepesinde muazzam bir endemik bitki&#8221; ifadelerini kullanan Ba\u015fkan Se\u00e7er, \u015funlar\u0131 s\u00f6yledi:<br \/>\n&#8220;Ama bu nadide bitki bilinmiyor, tan\u0131nm\u0131yor. Bizim bunu tan\u0131tmam\u0131z laz\u0131m. 3 y\u0131ll\u0131k Belediye Ba\u015fkanl\u0131\u011f\u0131 s\u00fcrem i\u00e7erisinde \u00e7ok derinden hissetti\u011fim ve \u00fcz\u00fcld\u00fc\u011f\u00fcm konu Mersin&#8217;in tan\u0131nm\u0131yor olmas\u0131. Oysa \u00e7ok muazzam dinamiklerimiz, f\u0131rsatlar\u0131m\u0131z var. Buras\u0131 f\u0131rsatlar kenti. O nedenle e\u011fer Mersin i\u00e7in bir \u015feyler yapmak istiyorsak ki hepiniz bir \u015feyler yap\u0131yorsunuz. Daha ne olacak? \u0130stihdam sa\u011flamaktan, \u00fclke ekonomisine katk\u0131 sunmaktan kutsal ne olabilir? En de\u011ferli i\u015fi yap\u0131yorsunuz ama bu &#8216;Mersinliyiz&#8217; kimli\u011fini, bilincini geli\u015ftirmek, Mersin&#8217;i tan\u0131tmak bizim as\u0131l g\u00f6revimiz olmal\u0131.&#8221;<br \/>\n&#8220;\u0130\u015f birli\u011fimizin b\u00fcy\u00fck bir g\u00fc\u00e7 olaca\u011f\u0131n\u0131 d\u00fc\u015f\u00fcn\u00fcyorum&#8221;<br \/>\nMersin Valisi Ali Hamza Pehlivan&#8217;a da bir kere daha &#8220;Ho\u015f geldiniz&#8221; diyen Ba\u015fkan Se\u00e7er, &#8220;Sizinle de i\u015f birli\u011fi i\u00e7inde g\u00fczel i\u015fler yapaca\u011f\u0131m\u0131z\u0131 umut ediyorum. \u0130\u015f birli\u011fimizin b\u00fcy\u00fck bir g\u00fc\u00e7 olaca\u011f\u0131n\u0131 d\u00fc\u015f\u00fcn\u00fcyorum&#8221; ifadelerini kulland\u0131. \u0130\u015f insan\u0131n\u0131n partisi ve milliyeti olmayaca\u011f\u0131n\u0131 s\u00f6zlerine ekleyen Ba\u015fkan Se\u00e7er, &#8220;\u0130\u015f insanlar\u0131 evrensel d\u00fc\u015f\u00fcn\u00fcr. Beni g\u00f6r\u00fcrken, bana bakarken partimle de\u011fil, g\u00f6revimle; yani bu kentte ya\u015fayan herkesin Belediye Ba\u015fkan\u0131 olma h\u00fcviyetimle bakman\u0131z\u0131 istiyorum. G\u00f6rev yaparken de hem di\u011fer siyasi partilerle, di\u011fer siyasi partilerin se\u00e7ilmi\u015fleriyle, mevcut iktidar\u0131n b\u00fcrokratlar\u0131yla da ayn\u0131 duygu ve d\u00fc\u015f\u00fcncelerle samimiyetimle s\u00f6yl\u00fcyorum; Mersin i\u00e7in ortak paydada her zaman yan yana olmaya haz\u0131r\u0131m. Bug\u00fcne kadar oldu\u011fu gibi bundan sonra da b\u00f6yle olacak&#8221; dedi.<br \/>\n&#8220;Bug\u00fcne kadar oldu\u011fu gibi bundan sonra da \u00e7al\u0131\u015fmalar\u0131m\u0131z\u0131 gayet g\u00fczel yapaca\u011f\u0131z&#8221;<br \/>\nMersin&#8217;in g\u00fc\u00e7l\u00fc bir kent dinami\u011fi ve yap\u0131s\u0131na sahip oldu\u011funu anlatan Ba\u015fkan Se\u00e7er, d\u00fcnyada ve Orta Do\u011fu co\u011frafyas\u0131nda ya\u015fanan bir\u00e7ok olumsuz olaya ra\u011fmen Mersin&#8217;in g\u00fc\u00e7l\u00fc bir kent oldu\u011funu ifade ederek, &#8220;Bunu da f\u0131rsata \u00e7evirmek laz\u0131m. \u0130n\u015fallah el birli\u011fiyle bug\u00fcne kadar oldu\u011fu gibi bundan sonra da \u00e7al\u0131\u015fmalar\u0131m\u0131z\u0131 gayet g\u00fczel bir \u015fekilde yapaca\u011f\u0131z. Merkezi h\u00fck\u00fcmetin de yerel y\u00f6netimlerin de eksikleriyle, fazlas\u0131yla ciddi yat\u0131r\u0131mlar\u0131 var. G\u00f6n\u00fcl ister ki hem merkezi h\u00fck\u00fcmetin hem bizlerin yat\u0131r\u0131mlar\u0131 bir an \u00f6nce bitirmesi&#8221; dedi.<br \/>\nMersin Metrosu hakk\u0131nda bilgiler veren ve s\u00fcreci anlatan Ba\u015fkan Se\u00e7er, &#8220;Umut ediyorum, merkezi y\u00f6netimin de pozitif bak\u0131\u015f a\u00e7\u0131s\u0131yla Metro projesi bug\u00fcnden sonra \u00e7ok daha h\u0131zl\u0131 bir \u015fekilde in\u015faat s\u00fcrecini tamamlayacakt\u0131r ve Mersinlilerin hizmetine girecektir&#8221; s\u00f6zleriyle konu\u015fmas\u0131n\u0131 sonland\u0131rd\u0131.<br \/>\n&#8220;Sizlerle birlikte olman\u0131n mutlulu\u011funu ya\u015f\u0131yoruz&#8221;<br \/>\nMERYAD Ba\u015fkan\u0131 Co\u015fkun Do\u011fmu\u015f ise pandeminin t\u00fcm d\u00fcnyay\u0131 oldu\u011fu gibi kendilerini de ekonomik ve sosyal a\u00e7\u0131dan etkiledi\u011fine de\u011finerek, &#8220;Ya\u015fam\u0131\u015f oldu\u011fumuz bu tecr\u00fcbe ile bir arada olman\u0131n, birlikte olman\u0131n ne kadar de\u011ferli oldu\u011funu bir kez daha anl\u0131yoruz. Sizlerle birlikte olman\u0131n mutlulu\u011funu ya\u015f\u0131yoruz. H\u0131zla de\u011fi\u015fen ve d\u00f6n\u00fc\u015fen d\u00fcnyada \u00e7evremizde geli\u015fen olaylar\u0131 iyi okumak durumunday\u0131z. Bizler \u00e7al\u0131\u015fmalar\u0131m\u0131za bilimin de katk\u0131s\u0131n\u0131 sa\u011flamak i\u00e7in kendi alan\u0131nda uzman ve ba\u015far\u0131l\u0131 i\u015flere imza atm\u0131\u015f hocalar\u0131m\u0131zla bir Bilim Kurulu kurduk. Hocalar\u0131m\u0131z, sekt\u00f6r\u00fcn ba\u015far\u0131l\u0131 temsilcileri ve \u00fcyelerimizle birlikte b\u00f6lgemiz, \u00fclkemiz ve d\u00fcnyadaki sosyal, ekonomik ve stratejik geli\u015fmeleri yak\u0131ndan takip ediyoruz&#8221; dedi.<\/p>\n","protected":false},"excerpt":{"rendered":"<p>Mersin B\u00fcy\u00fck\u015fehir Belediye Ba\u015fkan\u0131 Vahap Se\u00e7er, Mersin Yat\u0131r\u0131mc\u0131 \u0130\u015f \u0130nsanlar\u0131 Derne\u011fi&#8217;nin (MERYAD) d\u00fczenledi\u011fi baloda kent protokol\u00fc ve i\u015f insanlar\u0131yla bir araya geldi. \u00c7ok sekt\u00f6rl\u00fc bir kent olan Mersin&#8217;in avantajlar\u0131n\u0131n ve &hellip; <a href=\"https:\/\/akdenizolaygazetesi.com\/?p=19030\" class=\"more-link\">Devam\u0131n\u0131 Oku&#8230;<\/a><\/p>\n","protected":false},"author":2,"featured_media":19031,"comment_status":"open","ping_status":"open","sticky":false,"template":"","format":"standard","meta":[],"categories":[8,1,2,3,5,6],"tags":[],"_links":{"self":[{"href":"https:\/\/akdenizolaygazetesi.com\/index.php?rest_route=\/wp\/v2\/posts\/19030"}],"collection":[{"href":"https:\/\/akdenizolaygazetesi.com\/index.php?rest_route=\/wp\/v2\/posts"}],"about":[{"href":"https:\/\/akdenizolaygazetesi.com\/index.php?rest_route=\/wp\/v2\/types\/post"}],"author":[{"embeddable":true,"href":"https:\/\/akdenizolaygazetesi.com\/index.php?rest_route=\/wp\/v2\/users\/2"}],"replies":[{"embeddable":true,"href":"https:\/\/akdenizolaygazetesi.com\/index.php?rest_route=%2Fwp%2Fv2%2Fcomments&post=19030"}],"version-history":[{"count":1,"href":"https:\/\/akdenizolaygazetesi.com\/index.php?rest_route=\/wp\/v2\/posts\/19030\/revisions"}],"predecessor-version":[{"id":19032,"href":"https:\/\/akdenizolaygazetesi.com\/index.php?rest_route=\/wp\/v2\/posts\/19030\/revisions\/19032"}],"wp:featuredmedia":[{"embeddable":true,"href":"https:\/\/akdenizolaygazetesi.com\/index.php?rest_route=\/wp\/v2\/media\/19031"}],"wp:attachment":[{"href":"https:\/\/akdenizolaygazetesi.com\/index.php?rest_route=%2Fwp%2Fv2%2Fmedia&parent=19030"}],"wp:term":[{"taxonomy":"category","embeddable":true,"href":"https:\/\/akdenizolaygazetesi.com\/index.php?rest_route=%2Fwp%2Fv2%2Fcategories&post=19030"},{"taxonomy":"post_tag","embeddable":true,"href":"https:\/\/akdenizolaygazetesi.com\/index.php?rest_route=%2Fwp%2Fv2%2Ftags&post=19030"}],"curies":[{"name":"wp","href":"https:\/\/api.w.org\/{rel}","templated":true}]}}