{"id":19045,"date":"2022-06-02T12:45:35","date_gmt":"2022-06-02T09:45:35","guid":{"rendered":"http:\/\/akdenizolaygazetesi.com\/?p=19045"},"modified":"2022-06-02T12:45:35","modified_gmt":"2022-06-02T09:45:35","slug":"ak-partili-yilmaz-bolu-belediye-baskaninin-ahlaksiz-tavrini-ve-partisinin-iki-yuzlu-tutumunu-kiniyorum","status":"publish","type":"post","link":"https:\/\/akdenizolaygazetesi.com\/?p=19045","title":{"rendered":"AK Parti&#8217;li Y\u0131lmaz: Bolu Belediye Ba\u015fkan\u0131&#8217;n\u0131n ahlaks\u0131z tavr\u0131n\u0131 ve partisinin iki y\u00fczl\u00fc tutumunu k\u0131n\u0131yorum"},"content":{"rendered":"<p>TBMM Anayasa Komisyonu Katip \u00dcyesi ve AK Parti Mersin Milletvekili Zeynep G\u00fcl Y\u0131lmaz, CHP&#8217;li Bolu Belediye Ba\u015fkan\u0131 Tanju \u00d6zcan&#8217;\u0131n, AK Partili kad\u0131n belediye meclis \u00fcyesine y\u00f6nelik s\u00f6zleriyle ilgili, &#8220;Belediye Ba\u015fkan\u0131n\u0131n bu ahlaks\u0131z tavr\u0131n\u0131 ve patisinin iki y\u00fczl\u00fc tutumunu \u015fiddetle k\u0131n\u0131yorum.&#8221; dedi.<br \/>\nTBMM Genel Kurulunda s\u00f6z alan AK Parti Mersin Milletvekili Zeynep G\u00fcl Y\u0131lmaz, Bolu Belediye Ba\u015fkan\u0131 CHP&#8217;li \u00d6zcan&#8217;\u0131n, kad\u0131n meclis \u00fcyesine y\u00f6nelik infiale neden olan ifadelerine tepki g\u00f6sterdi. CHP&#8217;li y\u00f6neticilerin de \u00d6zcan&#8217;\u0131n a\u00e7\u0131klamalar\u0131na sessiz kalmay\u0131 tercih etti\u011fini belirten Milletvekili Y\u0131lmaz, &#8220;Her daim kad\u0131nlar\u0131n karar alma mercilerinde yer almas\u0131 gerekti\u011finden bahseden CHP, CHP&#8217;li Bolu Belediye Ba\u015fkan\u0131n\u0131, meclis toplant\u0131s\u0131 esnas\u0131nda s\u00f6z almak i\u00e7in el kald\u0131ran belediye meclis \u00fcyemize y\u00f6nelik, &#8216;Bana el sallama han\u0131mefendi. Ben evli barkl\u0131 bir adam\u0131m, ay\u0131p oluyor&#8217;  \u015feklindeki utanmaz ve hadsiz cevab\u0131na sessiz kalm\u0131\u015ft\u0131r. \u00d6zellikle kad\u0131n vekillerinden de tek bir k\u0131nama dahi gelmemi\u015ftir.&#8221; dedi.<br \/>\nCHP&#8217;nin iki y\u00fczl\u00fc bir tav\u0131r sergiledi\u011fini kaydeden Y\u0131lmaz, &#8220;Bu yaman \u00e7eli\u015fki, i\u015flerine geldi\u011fi gibi bazen a\u011fa\u00e7, bazen sanat\u00e7\u0131, bazen \u00e7ocuk, bazen de kad\u0131nda ya\u015fanmaktad\u0131r. Belediye Ba\u015fkan\u0131n\u0131n bu ahlaks\u0131z tavr\u0131n\u0131 ve patisinin iki y\u00fczl\u00fc tutumunu \u015fiddetle k\u0131n\u0131yorum.&#8221; ifadelerine yer verdi.<br \/>\n&#8220;CUMHURBA\u015eKANIMIZIN TANE TANE SORDU\u011eU SORULARA EN KISA S\u00dcREDE CEVAP BEKL\u0130YORUZ&#8221;<br \/>\nMilletvekili Zeynep G\u00fcl Y\u0131lmaz, ayr\u0131ca Cumhurba\u015fkan\u0131 Recep Tayyip Erdo\u011fan&#8217;\u0131n, bug\u00fcnk\u00fc grup toplant\u0131s\u0131nda CHP Genel Ba\u015fkan\u0131 Kemal K\u0131l\u0131\u00e7daro\u011flu&#8217;na y\u00f6nelik y\u00f6neltti\u011fi sorularla ilgili olarak da, &#8220;Say\u0131n Cumhurba\u015fkan\u0131m\u0131z\u0131n, grup toplant\u0131m\u0131zda K\u0131l\u0131\u00e7daro\u011flu&#8217;nun anlayaca\u011f\u0131 \u015fekilde tane tane ve madde madde sordu\u011fu sorulara en k\u0131sa zamanda cevap bekledi\u011fimiz ifade ediyorum.&#8221; diye konu\u015ftu. <\/p>\n","protected":false},"excerpt":{"rendered":"<p>TBMM Anayasa Komisyonu Katip \u00dcyesi ve AK Parti Mersin Milletvekili Zeynep G\u00fcl Y\u0131lmaz, CHP&#8217;li Bolu Belediye Ba\u015fkan\u0131 Tanju \u00d6zcan&#8217;\u0131n, AK Partili kad\u0131n belediye meclis \u00fcyesine y\u00f6nelik s\u00f6zleriyle ilgili, &#8220;Belediye Ba\u015fkan\u0131n\u0131n &hellip; <a href=\"https:\/\/akdenizolaygazetesi.com\/?p=19045\" class=\"more-link\">Devam\u0131n\u0131 Oku&#8230;<\/a><\/p>\n","protected":false},"author":2,"featured_media":19046,"comment_status":"open","ping_status":"open","sticky":false,"template":"","format":"standard","meta":[],"categories":[3,6],"tags":[],"_links":{"self":[{"href":"https:\/\/akdenizolaygazetesi.com\/index.php?rest_route=\/wp\/v2\/posts\/19045"}],"collection":[{"href":"https:\/\/akdenizolaygazetesi.com\/index.php?rest_route=\/wp\/v2\/posts"}],"about":[{"href":"https:\/\/akdenizolaygazetesi.com\/index.php?rest_route=\/wp\/v2\/types\/post"}],"author":[{"embeddable":true,"href":"https:\/\/akdenizolaygazetesi.com\/index.php?rest_route=\/wp\/v2\/users\/2"}],"replies":[{"embeddable":true,"href":"https:\/\/akdenizolaygazetesi.com\/index.php?rest_route=%2Fwp%2Fv2%2Fcomments&post=19045"}],"version-history":[{"count":1,"href":"https:\/\/akdenizolaygazetesi.com\/index.php?rest_route=\/wp\/v2\/posts\/19045\/revisions"}],"predecessor-version":[{"id":19047,"href":"https:\/\/akdenizolaygazetesi.com\/index.php?rest_route=\/wp\/v2\/posts\/19045\/revisions\/19047"}],"wp:featuredmedia":[{"embeddable":true,"href":"https:\/\/akdenizolaygazetesi.com\/index.php?rest_route=\/wp\/v2\/media\/19046"}],"wp:attachment":[{"href":"https:\/\/akdenizolaygazetesi.com\/index.php?rest_route=%2Fwp%2Fv2%2Fmedia&parent=19045"}],"wp:term":[{"taxonomy":"category","embeddable":true,"href":"https:\/\/akdenizolaygazetesi.com\/index.php?rest_route=%2Fwp%2Fv2%2Fcategories&post=19045"},{"taxonomy":"post_tag","embeddable":true,"href":"https:\/\/akdenizolaygazetesi.com\/index.php?rest_route=%2Fwp%2Fv2%2Ftags&post=19045"}],"curies":[{"name":"wp","href":"https:\/\/api.w.org\/{rel}","templated":true}]}}