{"id":1905,"date":"2020-11-04T18:22:27","date_gmt":"2020-11-04T15:22:27","guid":{"rendered":"http:\/\/mersinekonomipolitikagazetesi.com\/?p=1905"},"modified":"2020-11-04T18:22:27","modified_gmt":"2020-11-04T15:22:27","slug":"saglik-bakani-mersinden-cikacak","status":"publish","type":"post","link":"https:\/\/akdenizolaygazetesi.com\/?p=1905","title":{"rendered":"\u201cSA\u011eLIK BAKANI MERS\u0130N&#8217;DEN \u00c7IKACAK\u201d"},"content":{"rendered":"<p>CHP Mersin Milletvekili Prof. Dr. Aytu\u011f At\u0131c\u0131, milletvekilli\u011fine aday olmayaca\u011f\u0131n\u0131 a\u00e7\u0131klad\u0131. Yapt\u0131\u011f\u0131 ba\u015far\u0131l\u0131 \u00e7al\u0131\u015fmalarla Mersinlilerin sevgisini ve deste\u011fini kazanan Prof. Dr. Aytu\u011f At\u0131c\u0131 CHP milletvekilli\u011fi i\u00e7in adayl\u0131k ba\u015fvurusunda bulunmayaca\u011f\u0131n\u0131 s\u00f6yledi.<\/p>\n<blockquote style=\"color: rgb(34, 34, 34); font-family: arial, sans-serif; font-size: 12.8px; font-style: normal; line-height: normal;\" type=\"cite\">\n<blockquote type=\"cite\">\n<div dir=\"ltr\">\n<div><span style=\"font-size:16px;\">Gazetemize a\u00e7\u0131klamada bulunan, Prof. Dr. Aytu\u011f At\u0131c\u0131: &#8220;Bu se\u00e7imlerde h\u00fck\u00fcmeti kazanaca\u011f\u0131m\u0131za inan\u0131yorum. Bu ba\u011flamda da Mersin&#8217;e Sa\u011fl\u0131k Bakanl\u0131\u011f\u0131\u2019n\u0131 \u00a0kazand\u0131rmak istiyorum. Sa\u011fl\u0131k Bakan\u0131 oldu\u011fum takdirde kentimiz ve \u00fclkemiz i\u00e7in \u00f6nemli kazan\u0131mlar elde edece\u011fimize inan\u0131yorum. Bilindi\u011fi gibi yap\u0131lan yasa de\u011fi\u015fikli\u011fiyle Bakanlar art\u0131k milletvekilleri aras\u0131ndan se\u00e7ilmiyor. Milletvekilli\u011fine ba\u015fvurup ba\u015fka arkada\u015flar\u0131m\u0131n hakk\u0131n\u0131 da almak istemiyorum. \u00c7ok de\u011ferli milletvekili aday adaylar\u0131m\u0131z var. Onlar\u0131n yerimizi fazlas\u0131yla dolduraca\u011f\u0131na inan\u0131yorum.&#8221; diye konu\u015ftu.<\/span><\/div>\n<div>\u00a0<\/div>\n<div><span style=\"font-size:16px;\">&#8220;B\u00dcY\u00dcK\u015eEH\u0130RLE \u0130LG\u0130L\u0130 \u00c7ALI\u015eMALARIMIZ S\u00dcR\u00dcYOR&#8221;<\/span><br style=\"box-sizing: border-box; background-color: rgb(238, 238, 238);\" \/><br \/>\n\u00a0<\/div>\n<div><span style=\"font-size:16px;\">Mersinliler\u2019in yo\u011fun istek ve talebi do\u011frultusunda Mersin B\u00fcy\u00fck\u015fehir Beledyesi Ba\u015fkanl\u0131\u011f\u0131 i\u00e7in de \u00e7al\u0131\u015fmalar\u0131n\u0131n devam etti\u011fini belirten Prof. Dr. Aytu\u011f At\u0131c\u0131: &#8220;Bilindi\u011fi \u00fczere Mersin B\u00fcy\u00fck\u015fehir Belediye Ba\u015fkanl\u0131\u011f\u0131 i\u00e7in uzun s\u00fcredir \u00e7al\u0131\u015fmalar\u0131m\u0131z devam ediyor. Mersin B\u00fcy\u00fck\u015fehir Belediyesi ile ilgili \u00f6nemli projelerimiz var. Mersin&#8217;in \u00fclkemizde ve uluslararas\u0131 alanda tan\u0131t\u0131m\u0131 ba\u015fta olmak \u00fczere, i\u015fsizlik konusunda projelerimiz var. Ula\u015f\u0131m sorunu ba\u015fta olmak \u00fczere Belediye hizmetlerinin modern \u015fekilde vatanda\u015flar\u0131m\u0131za ula\u015fmas\u0131 i\u00e7in \u00e7al\u0131\u015fmalar\u0131m\u0131z\u0131 s\u00fcrd\u00fcrmekteyiz. Mersin&#8217;i belediye hizmetleri alan\u0131nda haketti\u011fi \u015fekilde y\u00f6netilmesi i\u00e7in elimizden geleni yapaca\u011f\u0131z.&#8221; \u015feklinde konu\u015ftu.<\/span><\/div>\n<\/div>\n<\/blockquote>\n<\/blockquote>\n","protected":false},"excerpt":{"rendered":"<p>CHP Mersin Milletvekili Prof. Dr. Aytu\u011f At\u0131c\u0131, milletvekilli\u011fine aday olmayaca\u011f\u0131n\u0131 a\u00e7\u0131klad\u0131. Yapt\u0131\u011f\u0131 ba\u015far\u0131l\u0131 \u00e7al\u0131\u015fmalarla Mersinlilerin sevgisini ve deste\u011fini kazanan Prof. Dr. Aytu\u011f At\u0131c\u0131 CHP milletvekilli\u011fi i\u00e7in adayl\u0131k ba\u015fvurusunda bulunmayaca\u011f\u0131n\u0131 s\u00f6yledi. &hellip; <a href=\"https:\/\/akdenizolaygazetesi.com\/?p=1905\" class=\"more-link\">Devam\u0131n\u0131 Oku&#8230;<\/a><\/p>\n","protected":false},"author":1,"featured_media":0,"comment_status":"open","ping_status":"open","sticky":false,"template":"","format":"standard","meta":[],"categories":[],"tags":[],"_links":{"self":[{"href":"https:\/\/akdenizolaygazetesi.com\/index.php?rest_route=\/wp\/v2\/posts\/1905"}],"collection":[{"href":"https:\/\/akdenizolaygazetesi.com\/index.php?rest_route=\/wp\/v2\/posts"}],"about":[{"href":"https:\/\/akdenizolaygazetesi.com\/index.php?rest_route=\/wp\/v2\/types\/post"}],"author":[{"embeddable":true,"href":"https:\/\/akdenizolaygazetesi.com\/index.php?rest_route=\/wp\/v2\/users\/1"}],"replies":[{"embeddable":true,"href":"https:\/\/akdenizolaygazetesi.com\/index.php?rest_route=%2Fwp%2Fv2%2Fcomments&post=1905"}],"version-history":[{"count":0,"href":"https:\/\/akdenizolaygazetesi.com\/index.php?rest_route=\/wp\/v2\/posts\/1905\/revisions"}],"wp:attachment":[{"href":"https:\/\/akdenizolaygazetesi.com\/index.php?rest_route=%2Fwp%2Fv2%2Fmedia&parent=1905"}],"wp:term":[{"taxonomy":"category","embeddable":true,"href":"https:\/\/akdenizolaygazetesi.com\/index.php?rest_route=%2Fwp%2Fv2%2Fcategories&post=1905"},{"taxonomy":"post_tag","embeddable":true,"href":"https:\/\/akdenizolaygazetesi.com\/index.php?rest_route=%2Fwp%2Fv2%2Ftags&post=1905"}],"curies":[{"name":"wp","href":"https:\/\/api.w.org\/{rel}","templated":true}]}}