{"id":19051,"date":"2022-06-02T12:49:27","date_gmt":"2022-06-02T09:49:27","guid":{"rendered":"http:\/\/akdenizolaygazetesi.com\/?p=19051"},"modified":"2022-06-02T12:49:27","modified_gmt":"2022-06-02T09:49:27","slug":"biz-projeleri-bilimin-suzgecinden-geciriyoruz","status":"publish","type":"post","link":"https:\/\/akdenizolaygazetesi.com\/?p=19051","title":{"rendered":"&#8220;B\u0130Z PROJELER\u0130 B\u0130L\u0130M\u0130N S\u00dcZGEC\u0130NDEN GE\u00c7\u0130R\u0130YORUZ&#8221;"},"content":{"rendered":"<p>Mersin Yat\u0131r\u0131mc\u0131 \u0130\u015f \u0130nsanlar\u0131 Derne\u011fi (MERYAD) Co\u015fkun Erdo\u011fmu\u015f ba\u015fkanl\u0131\u011f\u0131nda Mersin Divan Otel&#8217;de d\u00fczenlenen \u00d6zel Balo Gecesi&#8217;nde Mersin protokol\u00fcn\u00fc ve i\u015f d\u00fcnyas\u0131n\u0131 bir araya getirdi.<\/p>\n<p>&#8220;KATILIM YO\u011eUNDU&#8221;<\/p>\n<p>Yapt\u0131\u011f\u0131 i\u015flerle ve projelerle ad\u0131ndan s\u00f6z ettiren Co\u015fkun Do\u011fmu\u015f ba\u015fkanl\u0131\u011f\u0131nda d\u00fczenlenen geceye Mersin Valisi Ali Hamza Pehlivan, AK Parti Mersin Milletvekili Zeynep G\u00fcl Y\u0131lmaz, Mersin B\u00fcy\u00fck\u015fehir Belediye Ba\u015fkan\u0131 Vahap Se\u00e7er, Mezitli Belediye Ba\u015fkan\u0131 Ne\u015fet Tarhan, Akdeniz B\u00f6lge ve Garnizon Komutan\u0131 Tu\u011famiral Fuat Gedik, Mersin \u00dcniversitesi Rekt\u00f6r\u00fc Prof. Dr. Ahmet \u00c7amsar\u0131, Mersin \u0130l Emniyet M\u00fcd\u00fcr\u00fc Mehmet Arslan, Mersin \u0130l Jandarma Komutan\u0131 Tu\u011fgeneral Necip \u00c7ar\u0131k\u00e7\u0131o\u011flu, AK Parti Mersin \u0130l Ba\u015fkan\u0131 Cesim Ercik, CHP Mersin \u0130l Ba\u015fkan\u0131 Adil Aktay, dernek ba\u015fkanlar\u0131 ve Mersin i\u015f d\u00fcnyas\u0131n\u0131n \u00f6nemli isimleri kat\u0131l\u0131m g\u00f6sterdi.<\/p>\n<p>Gecenin a\u00e7\u0131l\u0131\u015f konu\u015fmas\u0131n\u0131 yapan MERYAD Y\u00f6netim Kurulu Ba\u015fkan\u0131 Co\u015fkun Do\u011fmu\u015f, desteklerini esirgemeyen herkese te\u015fekk\u00fcrlerini ileterek; &#8220;\u00d6ncelikle davetimize icabet ederek bizleri onurland\u0131ran b\u00fct\u00fcn misafirlerimize te\u015fekk\u00fcr ediyorum. Mersin sevgisi, b\u00f6lgemiz ve T\u00fcrkiye sevgisi ile yola \u00e7\u0131kan bizler, bu ak\u015fam uzun bir pandemi s\u00fcrecinden sonra sizlerle bir arada olman\u0131n mutlulu\u011funu ya\u015f\u0131yoruz. Bu s\u00fcre\u00e7, t\u00fcm d\u00fcnyay\u0131 hem bireysel hem de kurumsal olarak etkiledi\u011fi gibi, biz MERYAD \u00fcyelerini de Ekonomik ve Sosyal A\u00e7\u0131dan etkiledi. Ya\u015fam\u0131\u015f oldu\u011fumuz bu tecr\u00fcbe ile bir arada olman\u0131n birlikte olman\u0131n ne kadar de\u011ferli oldu\u011funu bir kez daha anlad\u0131k. D\u00fcnya art\u0131k k\u00fcresel bir k\u00f6y oldu. H\u0131zla de\u011fi\u015fen ve d\u00f6n\u00fc\u015fen d\u00fcnyada gelece\u011fimizi iyi okumak durumunday\u0131z.<\/p>\n<p>&#8220;B\u0130Z PROJELER\u0130 B\u0130L\u0130M\u0130N S\u00dcZGEC\u0130NDEN GE\u00c7\u0130R\u0130YORUZ&#8221;<\/p>\n<p>Biz Yat\u0131r\u0131mc\u0131 i\u015f insanlar\u0131 olarak, yapt\u0131\u011f\u0131m\u0131z \u00e7al\u0131\u015fmalar\u0131 bilimin \u0131\u015f\u0131\u011f\u0131nda \u00fcretmek amac\u0131 ile; kendi alanlar\u0131nda uzman ve ba\u015far\u0131l\u0131 i\u015flere imza atm\u0131\u015f hocalar\u0131m\u0131zdan bir bilim kurulu olu\u015fturduk. Hocalar\u0131m\u0131z ve sekt\u00f6r\u00fcn\u00fcn ba\u015far\u0131l\u0131 temsilcileri olan \u00fcyelerimizle birlikte; b\u00f6lgemiz, \u00fclkemiz ve d\u00fcnyadaki sosyal ve ekonomik geli\u015fmeleri yak\u0131ndan takip ediyoruz. K\u0131sa, orta ve uzun vadedeki projelerimizi bilimin s\u00fczgecinden ge\u00e7irerek haz\u0131rl\u0131yoruz ve projelerimizin hayata ge\u00e7ilmesi noktas\u0131nda t\u00fcm \u00fcyelerimizle birlikte \u00e7aba sarf ediyoruz. B\u00fct\u00fcn projelerde bizlere destek veren hocalar\u0131m\u0131za ayr\u0131 ayr\u0131 te\u015fekk\u00fcr ediyoruz.<\/p>\n<p>&#8220;SADECE MERS\u0130N \u0130\u00c7\u0130N DE\u011e\u0130L T\u00dcRK\u0130YE \u0130\u00c7\u0130N \u00c7ALI\u015eIYORUZ&#8221;<\/p>\n<p>Tar\u0131m turizm ve lojisti\u011fin Do\u011fu Akdeniz merkezi olan ilimizde, ekonomik ve sosyal hayat\u0131n geli\u015fmesine katk\u0131 sa\u011flayan faaliyetlerde bulunduk. Bug\u00fcne kadar MERYAD olarak, Mersin&#8217;in mevcut devam eden ve gelecekte hayata ge\u00e7ecek olan b\u00fct\u00fcn projelerinin takip\u00e7isi olduk, olmaya da devam ediyoruz.Sadece Mersin&#8217;i de\u011fil t\u00fcm \u00fclkemizi yak\u0131ndan ilgilendiren tar\u0131m \u00fcr\u00fcnlerinin \u00fcretim ve ihracat\u0131nda en b\u00fcy\u00fck engel olan Akdeniz meyve sine\u011fi ile m\u00fccadelede uygulanan k\u0131s\u0131r b\u00f6cek tekni\u011fi Projesinin uluslararas\u0131 atom ajans\u0131 taraf\u0131ndan onaylanmas\u0131 ve T\u00fcrkiye&#8217;de ilk olarak ilimizde hayata ge\u00e7irilen tar\u0131m teknopark projesinin imzalanmas\u0131 s\u00fcrecindeki giri\u015fimlerimiz ile 2 \u00f6nemli projenin hayata ge\u00e7mesi ve h\u0131zland\u0131r\u0131lmas\u0131nda katk\u0131da bulunduk. Her iki projenin hayata ge\u00e7irilmesi noktas\u0131nda b\u00fcy\u00fck destek veren bakan\u0131m\u0131z Sn. L\u00fctfi Elvan ve D\u0131\u015fi\u015fleri Bakan Yard\u0131mc\u0131m\u0131z Sn. Faruk Kaymak\u00e7\u0131&#8217; ya te\u015fekk\u00fcr ederiz.<\/p>\n<p>&#8220;TARIM \u0130\u00c7\u0130N, \u00dcLKEM\u0130Z \u0130\u00c7\u0130N B\u0130R\u00c7OK YEN\u0130 PROJEM\u0130Z VAR&#8221;<\/p>\n<p>\u0130limiz tar\u0131m, turizm, sanayi ve lojistik sekt\u00f6rleri ba\u015fta olmak \u00fczere bir\u00e7ok i\u015f kolunda Do\u011fu Akdeniz&#8217;de \u00f6nemli bir merkez, bundan sonraki s\u00fcre\u00e7te bu ana sekt\u00f6rler ba\u015fta olmak \u00fczere yapaca\u011f\u0131m\u0131z ekonomik, sosyal ve \u00e7evre odakl\u0131 \u00e7al\u0131\u015fmalar\u0131m\u0131z ve projelerimiz ile ilgili bilgiler sizlere sunulacak. T\u00fcm d\u00fcnyada oldu\u011fu gibi; T\u00fcrkiye&#8217;de de tar\u0131m sekt\u00f6r\u00fc stratejik sekt\u00f6r bizlerde, buradan hareketle ilimizde tar\u0131msal \u00fcr\u00fcn deseninin belirlenmesi, Tar\u0131m ve tar\u0131ma dayal\u0131 sanayinin geli\u015fmesi, Paris iklim anla\u015fmas\u0131, Ye\u015fil mutabakat zapt\u0131 ve 11. kalk\u0131nma plan\u0131nda ortaya konulan biyolojik ve biyoteknik m\u00fccadelenin yayg\u0131nla\u015ft\u0131r\u0131lmas\u0131, zirai ila\u00e7 kullan\u0131m\u0131n\u0131n azalt\u0131lmas\u0131 ve \u00e7evre odakl\u0131 \u00fcretim hedefleri do\u011frultusunda Mersin&#8217;de faaliyet g\u00f6steren t\u00fcm sivil toplum kurulu\u015flar\u0131, \u00fcniversiteler, belediyeler ve di\u011fer t\u00fcm payda\u015flar\u0131m\u0131zla birlikte \u00e7al\u0131\u015fmalar\u0131m\u0131za a\u011f\u0131rl\u0131k verece\u011fiz. Bu ak\u015fam Mersin&#8217;de ya\u015fayan, ticaret yapan Mersin&#8217;in ekonomik ve sosyal hayat\u0131n\u0131n daha ileri ta\u015f\u0131mak amac\u0131 ile bir araya gelen arkada\u015flar\u0131m\u0131za pandemi nedeniyle veremedi\u011fimiz \u00fcyelik plaketlerini sizlerin huzurunda takdim edece\u011fiz, bu gecede bizleri gecemize kat\u0131larak onurland\u0131rd\u0131\u011f\u0131n\u0131z i\u00e7in tekrar ayr\u0131 ayr\u0131 te\u015fekk\u00fcr eder sayg\u0131lar sunar\u0131m&#8221;\u015feklinde konu\u015ftu.<\/p>\n<p>&#8220;MERS\u0130N&#8217;E G\u00dcZELL\u0130K KATAN MERYAD&#8217;A TE\u015eEKK\u00dcR ED\u0130YORUM&#8221;<\/p>\n<p>Bir di\u011fer konu\u015fma da Mersin B\u00fcy\u00fck\u015fehir Belediye Ba\u015fkan\u0131 Vahap Se\u00e7er&#8217;den geldi. Se\u00e7er; &#8220;Mersin&#8217;in Mersin olma nedeni; Burada da MERYAD&#8217;\u0131n isminin ald\u0131\u011f\u0131 yat\u0131r\u0131m, yat\u0131r\u0131mc\u0131 durumudur. 3 Y\u0131ll\u0131k belediye ba\u015fkanl\u0131\u011f\u0131m s\u00fcresinde beni derinden etkileyen tek bir konu var; Mersin&#8217;in tan\u0131nm\u0131yor olmas\u0131d\u0131r. Oysa Mersin&#8217;de muazzam f\u0131rsatlar var. Buras\u0131 f\u0131rsatlar kentidir. Kent i\u00e7in burada bulunan t\u00fcm i\u015f insanlar\u0131m\u0131z yeni yat\u0131r\u0131mlar yap\u0131yor, kentimize ekstra istihdam alanlar\u0131 olu\u015fturuyor. Bu bir \u00fclkenin gelece\u011fi a\u00e7\u0131s\u0131ndan en kutsal g\u00f6revlerden biridir. Fakat, kentimizin tan\u0131nmas\u0131 ve bilinirli\u011fini art\u0131rmaya y\u00f6nelik \u00e7al\u0131\u015fmalar da yapmam\u0131z gerekiyor. Ben Mersin B\u00fcy\u00fck\u015fehir Belediye Ba\u015fkan\u0131 s\u0131fat\u0131mla, Mersin&#8217;in ortak paydas\u0131nda bulu\u015fmaya haz\u0131r\u0131m. Her zaman b\u00f6yle oldu, bundan sonra da b\u00f6yle olacak. Bu nedenle kentimize yap\u0131lacak yat\u0131r\u0131mlar\u0131n her zaman destek\u00e7isi olaca\u011f\u0131mdan hi\u00e7 \u015f\u00fcpheniz olmas\u0131n. Bu noktada MERYAD \u00fcyelerini tebrik ediyor, i\u015f hayatlar\u0131nda ba\u015far\u0131lar diliyorum&#8221; dedi.<\/p>\n<p>&#8220;MERS\u0130N \u0130\u00c7\u0130N EL\u0130NDEN GELEN DESTE\u011e\u0130 S\u00dcRD\u00dcRECE\u011e\u0130N\u0130 BEL\u0130RTEN VAL\u0130 PEHL\u0130VAN&#8217;<\/p>\n<p>Mersin&#8217;in \u00e7ok \u00f6zel potansiyellere sahip oldu\u011funu dile getiren Mersin Valisi Ali Hamza Pehlivan ise; &#8220;Mersin&#8217;in \u00e7ok g\u00fczel bir enerjisi ve \u00f6zel potansiyellere sahip oldu\u011funu g\u00f6rd\u00fcm ve tabi ki tan\u0131ma tan\u0131\u015fma s\u00fcrecimiz yeni ba\u015flad\u0131. Yo\u011fun bir \u015fekilde bu s\u00fcreci ya\u015f\u0131yoruz. \u0130limiz ger\u00e7ekten Akdeniz&#8217;in incisi olarak tan\u0131n\u0131yor. Mersin sadece Akdeniz&#8217;in de\u011fil, \u00fclkemizin de inci ve \u00f6nc\u00fcs\u00fc olarak g\u00f6r\u00fcn\u00fcyor. Geli\u015fim s\u00fcrecini yakalam\u0131\u015f olan Mersinimiz, elbette tarihten bug\u00fcne medeniyetlere ev sahipli\u011fi yapm\u0131\u015f, ekonomik sahada tar\u0131m\u0131ndan sanayisine bir\u00e7ok alanda geli\u015fme kat etmi\u015f bir ilimizdir. Mersin&#8217;e yap\u0131lan yat\u0131r\u0131mlar\u0131 ve devam etmekte olan projelerin yap\u0131m projelerini inceledi\u011fimde bir kez daha devletimle gurur duydum. Baz\u0131 yat\u0131r\u0131mlar zaman alabiliyor fakat bu yat\u0131r\u0131mlar k\u00fc\u00e7\u00fck yat\u0131r\u0131mlar de\u011fil. Her projenin hayata ge\u00e7mek bir olgunla\u015fma evresi vard\u0131r. Mersin&#8217;e \u00e7ok \u00f6nemli yat\u0131r\u0131mlar yap\u0131l\u0131yor. Bunlardan birisi de \u015fuanda y\u00fczde 70&#8217;i tamamlanan \u00c7ukurova B\u00f6lgesel Havaliman\u0131 projesi. Y\u0131l sonunda Mersin&#8217;de Sn. Cumhurba\u015fkan\u0131m\u0131z\u0131n te\u015frifleri ile a\u00e7\u0131lacak olan havaliman\u0131m\u0131z Mersin&#8217;e \u00f6nemli \u00f6l\u00e7\u00fcde de\u011fer katacakt\u0131r. Havaalan\u0131m\u0131z t\u00fcm sekt\u00f6rlerimize bir b\u00fct\u00fcnl\u00fck i\u00e7erisinde yans\u0131malar\u0131 olacakt\u0131r. Genel olarak s\u00f6yleyecek olursak; Mersin&#8217;de y\u00fcz\u00fcm\u00fcz\u00fc g\u00fcld\u00fcrecek, hayata pozitif bakmam\u0131z\u0131 gerektirecek o kadar \u00e7ok \u015fey var ki; bu \u015fehirde asla umutsuzlu\u011fa yer olmad\u0131\u011f\u0131n\u0131 g\u00f6steriyor. Gelece\u011fe hep birlikte umutla bak\u0131yoruz. Bu kadar bollu\u011fun ve bereketin oldu\u011fu bir ile de bu yak\u0131\u015f\u0131r. \u00d6nce Mersin paydas\u0131nda g\u00f6n\u00fcl birli\u011fi i\u00e7erisinde olaca\u011f\u0131z, beraberinde i\u015fbirli\u011fi i\u00e7erisinde olaca\u011f\u0131z. Bu geceyi tertip ettikleri i\u00e7in MERYAD ailesine te\u015fekk\u00fcr ediyor, t\u00fcm i\u015f insanlar\u0131na ayr\u0131 ayr\u0131 \u00e7al\u0131\u015fmalar\u0131nda ba\u015far\u0131lar diliyorum.&#8221;ifadeleri kulland\u0131.<\/p>\n","protected":false},"excerpt":{"rendered":"<p>Mersin Yat\u0131r\u0131mc\u0131 \u0130\u015f \u0130nsanlar\u0131 Derne\u011fi (MERYAD) Co\u015fkun Erdo\u011fmu\u015f ba\u015fkanl\u0131\u011f\u0131nda Mersin Divan Otel&#8217;de d\u00fczenlenen \u00d6zel Balo Gecesi&#8217;nde Mersin protokol\u00fcn\u00fc ve i\u015f d\u00fcnyas\u0131n\u0131 bir araya getirdi. &#8220;KATILIM YO\u011eUNDU&#8221; Yapt\u0131\u011f\u0131 i\u015flerle ve projelerle &hellip; <a href=\"https:\/\/akdenizolaygazetesi.com\/?p=19051\" class=\"more-link\">Devam\u0131n\u0131 Oku&#8230;<\/a><\/p>\n","protected":false},"author":2,"featured_media":19052,"comment_status":"open","ping_status":"open","sticky":false,"template":"","format":"standard","meta":[],"categories":[8,34,2,3,5],"tags":[],"_links":{"self":[{"href":"https:\/\/akdenizolaygazetesi.com\/index.php?rest_route=\/wp\/v2\/posts\/19051"}],"collection":[{"href":"https:\/\/akdenizolaygazetesi.com\/index.php?rest_route=\/wp\/v2\/posts"}],"about":[{"href":"https:\/\/akdenizolaygazetesi.com\/index.php?rest_route=\/wp\/v2\/types\/post"}],"author":[{"embeddable":true,"href":"https:\/\/akdenizolaygazetesi.com\/index.php?rest_route=\/wp\/v2\/users\/2"}],"replies":[{"embeddable":true,"href":"https:\/\/akdenizolaygazetesi.com\/index.php?rest_route=%2Fwp%2Fv2%2Fcomments&post=19051"}],"version-history":[{"count":1,"href":"https:\/\/akdenizolaygazetesi.com\/index.php?rest_route=\/wp\/v2\/posts\/19051\/revisions"}],"predecessor-version":[{"id":19053,"href":"https:\/\/akdenizolaygazetesi.com\/index.php?rest_route=\/wp\/v2\/posts\/19051\/revisions\/19053"}],"wp:featuredmedia":[{"embeddable":true,"href":"https:\/\/akdenizolaygazetesi.com\/index.php?rest_route=\/wp\/v2\/media\/19052"}],"wp:attachment":[{"href":"https:\/\/akdenizolaygazetesi.com\/index.php?rest_route=%2Fwp%2Fv2%2Fmedia&parent=19051"}],"wp:term":[{"taxonomy":"category","embeddable":true,"href":"https:\/\/akdenizolaygazetesi.com\/index.php?rest_route=%2Fwp%2Fv2%2Fcategories&post=19051"},{"taxonomy":"post_tag","embeddable":true,"href":"https:\/\/akdenizolaygazetesi.com\/index.php?rest_route=%2Fwp%2Fv2%2Ftags&post=19051"}],"curies":[{"name":"wp","href":"https:\/\/api.w.org\/{rel}","templated":true}]}}