{"id":1906,"date":"2020-11-04T18:22:27","date_gmt":"2020-11-04T15:22:27","guid":{"rendered":"http:\/\/mersinekonomipolitikagazetesi.com\/?p=1906"},"modified":"2020-11-04T18:22:27","modified_gmt":"2020-11-04T15:22:27","slug":"mgc-secimlerinde-43-yil-sonra-ilk-kadin-aday","status":"publish","type":"post","link":"https:\/\/akdenizolaygazetesi.com\/?p=1906","title":{"rendered":"MGC SE\u00c7\u0130MLER\u0130NDE 43 YIL SONRA \u0130LK KADIN ADAY"},"content":{"rendered":"<p>Mersin Gazeteciler Cemiyeti yeni d\u00f6nem ola\u011fan kongre ba\u015fkanl\u0131k se\u00e7imi i\u00e7in ba\u015fkan adaylar\u0131 son kez MGC\u2019de bir araya geldi.<\/p>\n<blockquote type=\"cite\">\n<div dir=\"ltr\">\n<p><span style=\"font-size:16px;\">MGC\u2019de bir araya gelen ba\u015fkan adaylar\u0131 5 May\u0131s 2018\u2019de Akdeniz Belediyesi Konferans\u0131nda yap\u0131lacak olan se\u00e7im ile ilgili toplant\u0131 ger\u00e7ekle\u015ftirerek se\u00e7im hakk\u0131nda k\u0131sa birer konu\u015fma yapt\u0131.<\/span><\/p>\n<p><span style=\"font-size:16px;\">MGC ba\u015fkanl\u0131k toplant\u0131s\u0131na; ba\u015fkan adaylar\u0131 Zeliha Akku\u015f,\u00a0 Kemal \u0130stek, Turgay Demirta\u015f, Fatih \u015eahin, Ali Ekber \u015een ve Eski D\u00f6nem MGC Ba\u015fkan\u0131 Ahmet \u00dcnal kat\u0131ld\u0131.<\/span><\/p>\n<p>\u00a0<\/p>\n<p><span style=\"font-size:16px;\">AHMET \u00dcNAL: \u201cGELECEK ARKADA\u015eLARIMIZ DAHA \u0130Y\u0130 \u015eEYLER YAPACAK\u201d<\/span><\/p>\n<p>\u00a0<\/p>\n<p><span style=\"font-size:16px;\">\u0130lk olarak toplant\u0131da konu\u015fmas\u0131n\u0131 ger\u00e7ekle\u015ftiren MGC Ba\u015fkan\u0131 Ahmet \u00dcnal \u015f\u00f6yle konu\u015ftu: \u201cBug\u00fcn bizim bayram g\u00fcn\u00fcm\u00fcz, \u00fclkemiz bir se\u00e7ime giriyor. Kentin haber alma hakk\u0131n\u0131 kullanan biz gazeteciler Cumartesi g\u00fcn\u00fc (bug\u00fcn) saat 13.00 de Akdeniz Belediyesi konferans salonunda ola\u011fan kongremizi ger\u00e7ekle\u015ftirece\u011fiz. Ge\u00e7en kongrede buradaki arkada\u015flar\u0131n tamam\u0131 bizimle ayn\u0131 y\u00f6netim kurulunu olu\u015fturan insanlar. Ge\u00e7en kongrede bir temel s\u00f6z vermi\u015ftik. MGC herkesin gelip s\u0131\u011f\u0131nabilece\u011fi bir s\u0131\u011f\u0131nakt\u0131r. Kimsesizlerin kimsesi olan bir cemiyet olu\u015fturma karar\u0131nda bulunmu\u015ftuk. Bug\u00fcn aradan 3 y\u0131l ge\u00e7ti. T\u00fcrkiye zor bir d\u00f6nemden ge\u00e7iyor. MGC b\u00f6lgemizde 30\u2019a yak\u0131n radyo, 20\u2019e yak\u0131n g\u00fcnl\u00fck gazete, 100\u2019den fazla haftal\u0131k gazete b\u00fcnyesinde bar\u0131nd\u0131r\u0131yor. Tabi cemiyette yapmak istediklerimizle yapamad\u0131klar\u0131m\u0131z oldu. \u0130n\u015fallah gelecek olan arkada\u015flar\u0131m\u0131z daha iyi \u015feyler yapacaklar. Se\u00e7ime giderken 5 tane aday\u0131m\u0131z var. Se\u00e7im s\u00fcrecinde tart\u0131\u015fmalar, gerginlikler olabilir. Y\u00f6netim kurulunda daha \u00f6nce bulunmayan Zeliha Akku\u015f da yer alm\u0131\u015ft\u0131r. Buradan t\u00fcm adaylara ba\u015far\u0131lar diliyorum\u201d<\/span><\/p>\n<p>\u00a0<\/p>\n<p><span style=\"font-size:16px;\">ZEL\u0130HA AKKU\u015e: \u201cMERS\u0130N\u2019E KADIN BA\u015eKAN \u00c7OK YAKI\u015eACAK\u201d<\/span><\/p>\n<p>\u00a0<\/p>\n<p><span style=\"font-size:16px;\">Toplant\u0131 ilk s\u00f6z\u00fc alan tek kad\u0131n ba\u015fkan aday\u0131 Zeliha Akku\u015f: \u201cMersin ger\u00e7ekten ilklerin kenti&#8230; Bu \u00fclkede geli\u015fmi\u015f iller aras\u0131nda Mersin\u2019in de kad\u0131n ba\u015fkan \u00e7\u0131karacak iller aras\u0131nda yer almas\u0131 gerekir. Mersin\u2019e kad\u0131n ba\u015fkan \u00e7ok yak\u0131\u015facak. Hep birlikte y\u00f6netim anlay\u0131\u015f\u0131yla, ge\u00e7mi\u015fte bize emek verenlerle, gen\u00e7lerle, kad\u0131nlarla hep beraber y\u00f6netime aday\u0131m. 5 adaydan 1 ki\u015fi \u00e7\u0131k\u0131p ba\u015fkan olacak. Se\u00e7im sonras\u0131nda kim kazan\u0131rsa cemiyetimiz ve gazeteciler i\u00e7in deste\u011fimizi esirgemeyece\u011fiz.\u201d ifadelerini kulland\u0131.<\/span><\/p>\n<p>\u00a0<\/p>\n<p><span style=\"font-size:16px;\">FAT\u0130H \u015eAH\u0130N: \u201cAMACIMIZ CEM\u0130YET\u0130M\u0130Z\u0130 DAHA \u0130LER\u0130 TA\u015eIMAK\u201d<\/span><\/p>\n<p>\u00a0<\/p>\n<p><span style=\"font-size:16px;\">Bir di\u011fer ba\u015fkan aday\u0131 Fatih \u015eahin ise \u015fu c\u00fcmleleri kaydetti: \u201c 5 adayla yar\u0131\u015fa girdik. Kim daha iyi yapabilir yar\u0131\u015f\u0131na girdik. Amac\u0131m\u0131z cemiyetimizi daha ileri ta\u015f\u0131mak. Kavgas\u0131z g\u00fcr\u00fclt\u00fcs\u00fcz bitecek. Bir kavgam\u0131z var bu da meslek kavgam\u0131zd\u0131r.\u201d<\/span><\/p>\n<p>\u00a0<\/p>\n<p><span style=\"font-size:16px;\">TURGAY DEM\u0130RTA\u015e: \u201cBU YARI\u015eA G\u00dcLEREK G\u0130RD\u0130K\u201d<\/span><\/p>\n<p>\u00a0<\/p>\n<p><span style=\"font-size:16px;\">Ba\u015fkan aday\u0131 Turgay Demirta\u015f da konu\u015fmas\u0131nda: \u201cBu yar\u0131\u015fa g\u00fclerek girdik. Ayn\u0131 \u015fekilde se\u00e7im bitiminden sonra da bu g\u00fcl\u00fc\u015flerimiz devam edecek. Kazanan arkada\u015f\u0131m\u0131z\u0131 tebrik ederiz. Hep birlikte buray\u0131 yine y\u00f6netiriz.\u201d dedi.<\/span><\/p>\n<p>\u00a0<\/p>\n<p><span style=\"font-size:16px;\">AL\u0130 EKBER \u015eEN: \u201cKADININ ADAY OLMASI \u00c7OK \u00d6NEML\u0130 B\u0130R \u015eEY DEMEKT\u0130R\u201d<\/span><\/p>\n<p>\u00a0<\/p>\n<p><span style=\"font-size:16px;\">Ba\u015fkan Aday\u0131 Ali Ekber \u015een de : \u201cHakikatten bu \u00f6nemli yar\u0131\u015f&#8230; \u00d6nceki se\u00e7imde d\u00f6rt aday\u0131m\u0131z vard\u0131. Ama bu kez be\u015f aday\u0131m\u0131z var. Bu sefer bir tane bayan aday var. Kad\u0131n\u0131n aday olmas\u0131 \u00e7ok \u00f6nemli bir \u015fey demektir. Ben \u015fahsi olarak bayan kotas\u0131na \u00f6nem veren biriyim. Bizim i\u00e7imizde kad\u0131nlar\u0131m\u0131z\u0131n olmas\u0131 bize g\u00fc\u00e7 ve kuvvet verecektir. Bu anlamda bunun \u00e7ok \u00f6nemli oldu\u011funu d\u00fc\u015f\u00fcn\u00fcyorum. Bir yar\u0131\u015fa girdik. Benim iste\u011fim ve arzum Mersin bas\u0131n\u0131n kazanmas\u0131d\u0131r. B\u00fct\u00fcn arkada\u015flar\u0131m\u0131n fikirlerine kat\u0131l\u0131yorum. Biz bir aile olabilirsek, iyi bir aile olmay\u0131 ba\u015farabilirsek sorunlar\u0131n \u00e7\u00f6z\u00fcm noktas\u0131ndan kesinlikle b\u00fct\u00fcn engelleri a\u015fabilece\u011fiz.\u201d diye konu\u015ftu.<\/span><\/p>\n<p>\u00a0<\/p>\n<p><span style=\"font-size:16px;\">KEMAL \u0130STEK: \u201cORTAK B\u0130R KARARLA \u0130K\u0130 L\u0130STE \u0130LE SE\u00c7\u0130M OLMALIYDI\u201d<\/span><\/p>\n<p>\u00a0<\/p>\n<p><span style=\"font-size:16px;\">Toplant\u0131n\u0131n son konu\u015fmas\u0131n\u0131 ger\u00e7ekle\u015ftiren bir di\u011fer aday Kemal \u0130stek ise \u015fu c\u00fcmleleri aktard\u0131: \u201cMersin Gazeteciler Cemiyeti bizler i\u00e7in \u00e7ok \u00f6nemli bir g\u00fc\u00e7 oda\u011f\u0131 diyebiliriz. T\u00fcrkiye\u2019de ger\u00e7ekten gazetecilik mesle\u011fini y\u00fcr\u00fctmek, g\u00f6n\u00fcl vermek hem riskli hem de zorluklar dolu diyebiliriz. MGC se\u00e7imleri i\u00e7in 5 aday adayl\u0131 koymu\u015f. Bu \u00e7o\u011funlukla se\u00e7ime girilecek. Kazanan k\u00fc\u00e7\u00fck bir y\u00fczdelikle ba\u015fkan olacak. Bu ba\u011flamda asl\u0131nda b\u00f6yle bir giri\u015fim bekliyordum. Ortak bir kararla iki ba\u015fkan aday\u0131yla se\u00e7im olmas\u0131yd\u0131. Adeta mesle\u011fimizi s\u00fcrd\u00fcrmek i\u00e7in y\u00fcre\u011fimizi koyuyoruz.\u201d \u015feklinde konu\u015ftu.<\/span><\/p>\n<\/div>\n<\/blockquote>\n","protected":false},"excerpt":{"rendered":"<p>Mersin Gazeteciler Cemiyeti yeni d\u00f6nem ola\u011fan kongre ba\u015fkanl\u0131k se\u00e7imi i\u00e7in ba\u015fkan adaylar\u0131 son kez MGC\u2019de bir araya geldi. MGC\u2019de bir araya gelen ba\u015fkan adaylar\u0131 5 May\u0131s 2018\u2019de Akdeniz Belediyesi Konferans\u0131nda &hellip; <a href=\"https:\/\/akdenizolaygazetesi.com\/?p=1906\" class=\"more-link\">Devam\u0131n\u0131 Oku&#8230;<\/a><\/p>\n","protected":false},"author":1,"featured_media":0,"comment_status":"open","ping_status":"open","sticky":false,"template":"","format":"standard","meta":[],"categories":[],"tags":[],"_links":{"self":[{"href":"https:\/\/akdenizolaygazetesi.com\/index.php?rest_route=\/wp\/v2\/posts\/1906"}],"collection":[{"href":"https:\/\/akdenizolaygazetesi.com\/index.php?rest_route=\/wp\/v2\/posts"}],"about":[{"href":"https:\/\/akdenizolaygazetesi.com\/index.php?rest_route=\/wp\/v2\/types\/post"}],"author":[{"embeddable":true,"href":"https:\/\/akdenizolaygazetesi.com\/index.php?rest_route=\/wp\/v2\/users\/1"}],"replies":[{"embeddable":true,"href":"https:\/\/akdenizolaygazetesi.com\/index.php?rest_route=%2Fwp%2Fv2%2Fcomments&post=1906"}],"version-history":[{"count":0,"href":"https:\/\/akdenizolaygazetesi.com\/index.php?rest_route=\/wp\/v2\/posts\/1906\/revisions"}],"wp:attachment":[{"href":"https:\/\/akdenizolaygazetesi.com\/index.php?rest_route=%2Fwp%2Fv2%2Fmedia&parent=1906"}],"wp:term":[{"taxonomy":"category","embeddable":true,"href":"https:\/\/akdenizolaygazetesi.com\/index.php?rest_route=%2Fwp%2Fv2%2Fcategories&post=1906"},{"taxonomy":"post_tag","embeddable":true,"href":"https:\/\/akdenizolaygazetesi.com\/index.php?rest_route=%2Fwp%2Fv2%2Ftags&post=1906"}],"curies":[{"name":"wp","href":"https:\/\/api.w.org\/{rel}","templated":true}]}}