{"id":19060,"date":"2022-06-03T12:45:02","date_gmt":"2022-06-03T09:45:02","guid":{"rendered":"http:\/\/akdenizolaygazetesi.com\/?p=19060"},"modified":"2022-06-03T12:45:02","modified_gmt":"2022-06-03T09:45:02","slug":"dunya-cevre-gunu-etkinlikleri-hafta-boyu-surecek","status":"publish","type":"post","link":"https:\/\/akdenizolaygazetesi.com\/?p=19060","title":{"rendered":"&#8216;D\u00dcNYA \u00c7EVRE G\u00dcN\u00dc&#8217; ETK\u0130NL\u0130KLER\u0130 HAFTA BOYU S\u00dcRECEK"},"content":{"rendered":"<p>Mersin B\u00fcy\u00fck\u015fehir Belediyesi taraf\u0131ndan &#8216;5 Haziran D\u00fcnya \u00c7evre G\u00fcn\u00fc&#8217; i\u00e7in dolu dolu bir etkinlik program\u0131 haz\u0131rland\u0131. &#8216;\u0130klim ve \u00c7evre \u015eenli\u011fi&#8217; ile ba\u015flayacak ve hafta boyunca devam edecek D\u00fcnya \u00c7evre G\u00fcn\u00fc etkinliklerinde bisiklet turu, \u00e7evre ve sanat sergisi, temizlik, dal\u0131\u015f ve deniz dibi temizlik etkinli\u011fi ve resim gibi \u00e7ok say\u0131da etkinlik Mersinlilerle bulu\u015facak.<\/p>\n<p>Etkinlikler &#8216;\u0130klim ve \u00c7evre \u015eenli\u011fi&#8217; ile ba\u015flayacak<br \/>\n5 Haziran Pazar g\u00fcn\u00fc &#8216;D\u00fcnya \u00c7evre G\u00fcn\u00fc&#8217; kapsam\u0131nda \u00d6zgecan Aslan Bar\u0131\u015f Meydan\u0131&#8217;nda saat 17.00&#8217;de &#8216;\u0130klim ve \u00c7evre \u015eenli\u011fi&#8217; ger\u00e7ekle\u015ftirilecek. \u015eenlik kapsam\u0131nda saat 16.30&#8217;da Ta\u015f Bina \u00f6n\u00fcnden ba\u015flayacak ve 17.00&#8217;de \u00d6zgecan Arslan Bar\u0131\u015f Meydan\u0131&#8217;nda sona erecek olan &#8216;\u0130klim \u0130\u00e7in Bisiklet Turu&#8217; yap\u0131lacak. Saat 17.00&#8217;de yine \u00d6zgecan Aslan Bar\u0131\u015f Meydan\u0131&#8217;nda &#8216;Circular 3. Ulusal \u00c7evre ve Sanat Etkinlikleri&#8217;nin a\u00e7\u0131l\u0131\u015f\u0131 ger\u00e7ekle\u015ftirilecek ve sergi 3-5 Haziran&#8217;da gezilebilecek. Ayr\u0131ca 17.00-19.00 saatleri aras\u0131nda Resim Etkinli\u011fi yap\u0131lacak.<br \/>\nSaat 17.30&#8217;da &#8216;Atma D\u00f6n\u00fc\u015ft\u00fcr Tasarla Yar\u0131\u015ft\u0131r&#8217; Liseler Aras\u0131 At\u0131k Malzemelerden Sanatsal Tasar\u0131m Yar\u0131\u015fmas\u0131 \u00d6d\u00fcl T\u00f6reni yap\u0131l\u0131rken, 18.00-19.00 saatleri aras\u0131nda da Kent Orkestras\u0131 Konseri ger\u00e7ekle\u015ftirilecek.<br \/>\nSergiler ve stantlar Mersinlilerle bulu\u015facak<br \/>\n\u015eenlikte animasyon g\u00f6sterileri, jongl\u00f6r ve palya\u00e7o g\u00f6sterileri de yer al\u0131rken, \u00c7evre Koruma ve Kontrol Dairesi personeli Dilek Cans\u0131z&#8217;\u0131n &#8216;Dilek&#8217;in Hayali&#8217; isimli geri d\u00f6n\u00fc\u015f\u00fcm tasar\u0131m sergisi etkinlikte yer alacak. MESK\u0130 personeli Recep Al\u00e7aml\u0131 taraf\u0131ndan &#8216;At\u0131k Kalemlerden Tasar\u0131m Sergisi&#8217; ve MESK\u0130 personeli Makbule Ko\u00e7 taraf\u0131ndan da &#8216;At\u0131k Lastiklerden Tasar\u0131m Sergisi&#8217; a\u00e7\u0131lacak.<\/p>\n<p>75. Y\u0131l Fen Lisesi taraf\u0131ndan Geri D\u00f6n\u00fc\u015f\u00fcmde Sanat\u0131n Ayak \u0130zleri Sergisi a\u00e7\u0131l\u0131rken, \u00c7evre Koruma ve Kontrol Dairesi&#8217;nin Kompost Yap\u0131m\u0131 Stand\u0131 da \u015fenlikte yer alacak. MESK\u0130&#8217;nin Gezici Su Analiz Laboratuvar Stand\u0131 ve Semiha Zorlu&#8217;nun &#8216;At\u0131k Malzemelerden Mozaik Tasar\u0131m Sergisi&#8217; yer alacak. Tar\u0131msal Hizmetler Dairesi Ba\u015fkanl\u0131\u011f\u0131&#8217;n\u0131n Fide Dikim Stand\u0131, Kad\u0131n ve Aile Hizmetleri Dairesi&#8217;nin Geri D\u00f6n\u00fc\u015f\u00fcm \u00dcretici Kad\u0131n Stantlar\u0131 ile Park ve Bah\u00e7eler Dairesi&#8217;nin &#8216;Yemye\u015filsin Mersin&#8217; \u00c7i\u00e7ek Ekimi Stand\u0131 etkinlikte yer alacak.<\/p>\n<p>\u00c7evre etkinlikleri hafta boyunca devam edecek<\/p>\n<p>6 Haziran Pazartesi g\u00fcn\u00fc de Atat\u00fcrk Caddesi&#8217;nde &#8216;Temizlik Etkinli\u011fi&#8217; ger\u00e7ekle\u015ftirilecek. \u00d6zel \u00f6\u011frencilerin de kat\u0131l\u0131m\u0131yla ger\u00e7ekle\u015ftirilecek Temizlik Etkinli\u011fi saat 10.00&#8217;da Ta\u015f Bina \u00f6n\u00fcnden ba\u015flayacak. 7 Haziran Sal\u0131 g\u00fcn\u00fc ise Sahil G\u00fcvenlik Komutanl\u0131\u011f\u0131 ve \u00c7evre \u015eehircilik ve \u0130klim De\u011fi\u015fikli\u011fi \u0130l M\u00fcd\u00fcrl\u00fc\u011f\u00fc&#8217;n\u00fcn kat\u0131l\u0131m\u0131yla Marina&#8217;da saat 10.00&#8217;da &#8216;Dal\u0131\u015f ve Deniz Dibi Temizlik Etkinli\u011fi&#8217; yap\u0131lacak. 8 Haziran \u00c7ar\u015famba g\u00fcn\u00fc Kocahasanl\u0131 Denizkumu Otel&#8217;de saat 10.00&#8217;da &#8216;Mavi Mersin \u0130\u00e7in Mavi Bayrak&#8217; paneli d\u00fczenlenecek. Ayn\u0131 g\u00fcn Silifke Bo\u011fsak&#8217;ta ise saat 14.00&#8217;ta &#8216;Deniz Alt\u0131nda Temizlik Dal\u0131\u015f Etkinli\u011fi&#8217; yap\u0131lacak.<br \/>\n9 Haziran Per\u015fembe g\u00fcn\u00fc ise il\u00e7elerde &#8216;Sahil Temizlik Etkinli\u011fi&#8217; ger\u00e7ekle\u015ftirilecek. Saat 09.00&#8217;da Karaduvar Sahili&#8217;nde, saat 10.00&#8217;da ise Anamur Sahili Rauf Denkta\u015f Park\u0131, Ayd\u0131nc\u0131k Sahili B\u00fcy\u00fckalan, Silifke Ta\u015fucu Kum Mahallesi ve Erdemli K\u0131zkalesi Sahili&#8217;nde sahil temizli\u011fi yap\u0131lacak. 10 Haziran&#8217;da ise Karag\u00f6l-\u00c7inilig\u00f6l&#8217;de Mersin B\u00fcy\u00fck\u015fehir Belediyesi \u00c7evre Koruma ve Kontrol Dairesi ile MESK\u0130&#8217;nin g\u00f6n\u00fcll\u00fc personellerinin kat\u0131l\u0131m\u0131yla &#8216;K\u00fcresel Is\u0131nma ve \u0130klim De\u011fi\u015fikli\u011fi Fark\u0131ndal\u0131k T\u0131rman\u0131\u015f\u0131&#8217; yap\u0131lacak ve etkinlikler sona erecek.<\/p>\n","protected":false},"excerpt":{"rendered":"<p>Mersin B\u00fcy\u00fck\u015fehir Belediyesi taraf\u0131ndan &#8216;5 Haziran D\u00fcnya \u00c7evre G\u00fcn\u00fc&#8217; i\u00e7in dolu dolu bir etkinlik program\u0131 haz\u0131rland\u0131. &#8216;\u0130klim ve \u00c7evre \u015eenli\u011fi&#8217; ile ba\u015flayacak ve hafta boyunca devam edecek D\u00fcnya \u00c7evre G\u00fcn\u00fc &hellip; <a href=\"https:\/\/akdenizolaygazetesi.com\/?p=19060\" class=\"more-link\">Devam\u0131n\u0131 Oku&#8230;<\/a><\/p>\n","protected":false},"author":2,"featured_media":19061,"comment_status":"open","ping_status":"open","sticky":false,"template":"","format":"standard","meta":[],"categories":[3,10],"tags":[],"_links":{"self":[{"href":"https:\/\/akdenizolaygazetesi.com\/index.php?rest_route=\/wp\/v2\/posts\/19060"}],"collection":[{"href":"https:\/\/akdenizolaygazetesi.com\/index.php?rest_route=\/wp\/v2\/posts"}],"about":[{"href":"https:\/\/akdenizolaygazetesi.com\/index.php?rest_route=\/wp\/v2\/types\/post"}],"author":[{"embeddable":true,"href":"https:\/\/akdenizolaygazetesi.com\/index.php?rest_route=\/wp\/v2\/users\/2"}],"replies":[{"embeddable":true,"href":"https:\/\/akdenizolaygazetesi.com\/index.php?rest_route=%2Fwp%2Fv2%2Fcomments&post=19060"}],"version-history":[{"count":1,"href":"https:\/\/akdenizolaygazetesi.com\/index.php?rest_route=\/wp\/v2\/posts\/19060\/revisions"}],"predecessor-version":[{"id":19062,"href":"https:\/\/akdenizolaygazetesi.com\/index.php?rest_route=\/wp\/v2\/posts\/19060\/revisions\/19062"}],"wp:featuredmedia":[{"embeddable":true,"href":"https:\/\/akdenizolaygazetesi.com\/index.php?rest_route=\/wp\/v2\/media\/19061"}],"wp:attachment":[{"href":"https:\/\/akdenizolaygazetesi.com\/index.php?rest_route=%2Fwp%2Fv2%2Fmedia&parent=19060"}],"wp:term":[{"taxonomy":"category","embeddable":true,"href":"https:\/\/akdenizolaygazetesi.com\/index.php?rest_route=%2Fwp%2Fv2%2Fcategories&post=19060"},{"taxonomy":"post_tag","embeddable":true,"href":"https:\/\/akdenizolaygazetesi.com\/index.php?rest_route=%2Fwp%2Fv2%2Ftags&post=19060"}],"curies":[{"name":"wp","href":"https:\/\/api.w.org\/{rel}","templated":true}]}}