{"id":19063,"date":"2022-06-03T12:46:51","date_gmt":"2022-06-03T09:46:51","guid":{"rendered":"http:\/\/akdenizolaygazetesi.com\/?p=19063"},"modified":"2022-06-03T12:46:51","modified_gmt":"2022-06-03T09:46:51","slug":"ihracatta-kirilan-rekorlara-mersinin-katkisi-cok-buyuk","status":"publish","type":"post","link":"https:\/\/akdenizolaygazetesi.com\/?p=19063","title":{"rendered":"&#8220;\u0130hracatta k\u0131r\u0131lan rekorlara Mersin&#8217;in katk\u0131s\u0131 \u00e7ok b\u00fcy\u00fck&#8221;"},"content":{"rendered":"<p>TBMM Anayasa Komisyonu Katip \u00dcyesi ve AK Parti Mersin Milletvekili Zeynep G\u00fcl Y\u0131lmaz, T\u00fcrkiye&#8217;nin ihracat rekorlar\u0131 k\u0131rmaya devam etti\u011fini belirterek, &#8220;\u00dclkemizin en \u00f6nemli ve en i\u015flek uluslararas\u0131 liman\u0131, ula\u015f\u0131m olana\u011f\u0131 ve geli\u015fmi\u015f serbest b\u00f6lge faaliyetlerini bar\u0131nd\u0131ran, lojistik g\u00fcc\u00fcyle T\u00fcrkiye&#8217;yi d\u00fcnyaya a\u00e7an Mersin&#8217;imiz, ger\u00e7ekle\u015ftirdi\u011fi ihracat rakamlar\u0131yla, bu rekorlar\u0131n k\u0131r\u0131lmas\u0131na b\u00fcy\u00fck katk\u0131 sa\u011flad\u0131.&#8221; dedi.<br \/>\nMay\u0131s ay\u0131 ihracat rakamlar\u0131n\u0131 de\u011ferlendiren Milletvekili Zeynep G\u00fcl Y\u0131lmaz, Mersin&#8217;in turizm, ticaret, tar\u0131m ve sanayinin bir arada geli\u015fti\u011fi \u00e7ok odakl\u0131 ekonomiye sahip oldu\u011funu s\u00f6yledi. Mersin G\u00fcmr\u00fck M\u00fcd\u00fcrl\u00fc\u011f\u00fc, Mersin Serbest B\u00f6lgesi, Akaryak\u0131t G\u00fcmr\u00fck M\u00fcd\u00fcrl\u00fc\u011f\u00fc ve Ta\u015fucu G\u00fcmr\u00fck M\u00fcd\u00fcrl\u00fc\u011f\u00fc ile Mersin&#8217;in ihracatta lojistik \u00fcs konumunda oldu\u011funu vurgulayan Milletvekili Y\u0131lmaz, T\u00fcrkiye&#8217;nin, Cumhurba\u015fkan\u0131 Recep Tayyip Erdo\u011fan liderli\u011finde yat\u0131r\u0131m, \u00fcretim, istihdam ve ihracat denklemiyle b\u00fcy\u00fcmeye devam etti\u011fini an\u0131msatt\u0131. Ticaret Bakan\u0131 Mehmet Mu\u015f&#8217;un a\u00e7\u0131klad\u0131\u011f\u0131 gibi T\u00fcrkiye&#8217;nin ihracatta rekorlar k\u0131rmay\u0131 s\u00fcrd\u00fcrd\u00fc\u011f\u00fcn\u00fc anlatan Y\u0131lmaz, &#8220;\u0130hracat\u0131m\u0131z, bu y\u0131l\u0131n ilk 4 ay\u0131nda oldu\u011fu gibi may\u0131s ay\u0131nda da b\u00fcy\u00fck bir ivme yakalad\u0131. May\u0131s ay\u0131 ihracat\u0131m\u0131z, ge\u00e7en y\u0131l\u0131n ayn\u0131 ay\u0131na g\u00f6re y\u00fczde 15,2 art\u0131\u015fla 19 milyar dolara ula\u015farak, t\u00fcm zamanlar\u0131n en y\u00fcksek may\u0131s ay\u0131 ihracat\u0131 ger\u00e7ekle\u015fti. Turizm, ticaret, tar\u0131m ve sanayinin bir arada geli\u015fti\u011fi \u00e7ok odakl\u0131 ekonomiye sahip olan Akdeniz&#8217;in incisi Mersin&#8217;imiz de, ihracatta \u00fclkemizin d\u00fcnyaya a\u00e7\u0131lan kap\u0131s\u0131 ve lokomotifi oldu.&#8221; dedi.<br \/>\n&#8220;\u0130HRACATTA KIRILAN REKORLARA MERS\u0130N&#8217;\u0130N KATKISI \u00c7OK B\u00dcY\u00dcK&#8221;<br \/>\nAK Parti Milletvekili Zeynep G\u00fcl Y\u0131lmaz, Mersin&#8217;in yeni yat\u0131r\u0131mlarla ihracatta ilk 5&#8217;i hedefledi\u011fini ifade etti. Y\u0131lmaz, \u015funlar\u0131 s\u00f6yledi:<br \/>\n&#8220;T\u00fcrkiye&#8217;nin en \u00f6nemli ve en i\u015flek uluslararas\u0131 liman\u0131, ula\u015f\u0131m olana\u011f\u0131 ve geli\u015fmi\u015f serbest b\u00f6lge faaliyetlerini bar\u0131nd\u0131ran, lojistik g\u00fcc\u00fcyle \u00fclkemizin d\u00fcnyaya a\u00e7\u0131lan kap\u0131s\u0131 olan Mersin&#8217;imiz ger\u00e7ekle\u015ftirdi\u011fi ihracat rakamlar\u0131yla bu rekorlar\u0131n k\u0131r\u0131lmas\u0131na b\u00fcy\u00fck katk\u0131 sa\u011flad\u0131. Bu kapsamda Cumhurba\u015fkan\u0131m\u0131z Say\u0131n Recep Tayyip Erdo\u011fan&#8217;\u0131n ortaya koydu\u011fu hedef do\u011frultusunda ihracat\u0131m\u0131z\u0131 daha yukar\u0131 \u00e7\u0131karaca\u011f\u0131z ve ekonomimizi daha da g\u00fc\u00e7lendirece\u011fiz.&#8221;<\/p>\n","protected":false},"excerpt":{"rendered":"<p>TBMM Anayasa Komisyonu Katip \u00dcyesi ve AK Parti Mersin Milletvekili Zeynep G\u00fcl Y\u0131lmaz, T\u00fcrkiye&#8217;nin ihracat rekorlar\u0131 k\u0131rmaya devam etti\u011fini belirterek, &#8220;\u00dclkemizin en \u00f6nemli ve en i\u015flek uluslararas\u0131 liman\u0131, ula\u015f\u0131m olana\u011f\u0131 &hellip; <a href=\"https:\/\/akdenizolaygazetesi.com\/?p=19063\" class=\"more-link\">Devam\u0131n\u0131 Oku&#8230;<\/a><\/p>\n","protected":false},"author":2,"featured_media":19064,"comment_status":"open","ping_status":"open","sticky":false,"template":"","format":"standard","meta":[],"categories":[3,6],"tags":[],"_links":{"self":[{"href":"https:\/\/akdenizolaygazetesi.com\/index.php?rest_route=\/wp\/v2\/posts\/19063"}],"collection":[{"href":"https:\/\/akdenizolaygazetesi.com\/index.php?rest_route=\/wp\/v2\/posts"}],"about":[{"href":"https:\/\/akdenizolaygazetesi.com\/index.php?rest_route=\/wp\/v2\/types\/post"}],"author":[{"embeddable":true,"href":"https:\/\/akdenizolaygazetesi.com\/index.php?rest_route=\/wp\/v2\/users\/2"}],"replies":[{"embeddable":true,"href":"https:\/\/akdenizolaygazetesi.com\/index.php?rest_route=%2Fwp%2Fv2%2Fcomments&post=19063"}],"version-history":[{"count":1,"href":"https:\/\/akdenizolaygazetesi.com\/index.php?rest_route=\/wp\/v2\/posts\/19063\/revisions"}],"predecessor-version":[{"id":19065,"href":"https:\/\/akdenizolaygazetesi.com\/index.php?rest_route=\/wp\/v2\/posts\/19063\/revisions\/19065"}],"wp:featuredmedia":[{"embeddable":true,"href":"https:\/\/akdenizolaygazetesi.com\/index.php?rest_route=\/wp\/v2\/media\/19064"}],"wp:attachment":[{"href":"https:\/\/akdenizolaygazetesi.com\/index.php?rest_route=%2Fwp%2Fv2%2Fmedia&parent=19063"}],"wp:term":[{"taxonomy":"category","embeddable":true,"href":"https:\/\/akdenizolaygazetesi.com\/index.php?rest_route=%2Fwp%2Fv2%2Fcategories&post=19063"},{"taxonomy":"post_tag","embeddable":true,"href":"https:\/\/akdenizolaygazetesi.com\/index.php?rest_route=%2Fwp%2Fv2%2Ftags&post=19063"}],"curies":[{"name":"wp","href":"https:\/\/api.w.org\/{rel}","templated":true}]}}