{"id":1907,"date":"2020-11-04T18:22:27","date_gmt":"2020-11-04T15:22:27","guid":{"rendered":"http:\/\/mersinekonomipolitikagazetesi.com\/?p=1907"},"modified":"2020-11-04T18:22:27","modified_gmt":"2020-11-04T15:22:27","slug":"mtsodan-meuye-ortak-calisma-ziyareti","status":"publish","type":"post","link":"https:\/\/akdenizolaygazetesi.com\/?p=1907","title":{"rendered":"MTSO\u2019DAN ME\u00dc\u2019YE ORTAK \u00c7ALI\u015eMA Z\u0130YARET\u0130"},"content":{"rendered":"<p>MTSO\u2019nun yeni y\u00f6netimi ve Ba\u015fkan\u0131 Ayhan K\u0131z\u0131ltan ME\u00dc Rekt\u00f6r\u00fc Prof. Dr. Ahmet \u00c7amsar\u0131\u2019y\u0131 ziyaret ettiler.<\/p>\n<blockquote type=\"cite\">\n<div dir=\"ltr\">\n<p>Ziyarette bulunan MTSO Ba\u015fkan\u0131 K\u0131z\u0131ltan, yeni y\u00f6netimi Prof. Dr. Ahmet \u00c7amsar\u0131 ile tan\u0131\u015ft\u0131rd\u0131.<\/p>\n<p>Ziyaretin sebeplerinde ortak projelerde beraber hareket etmek oldu\u011funu ifade eden K\u0131z\u0131ltan, ME\u00dc e\u011fitimi hakk\u0131nda \u00f6vg\u00fclerde bulundu.<\/p>\n<p>\u00a0<\/p>\n<p>G\u00f6r\u00fc\u015fmede konu\u015fan Rekt\u00f6r Prof Dr. \u00c7amsar\u0131 ise: \u201cSivil toplum kurulu\u015flar\u0131 aras\u0131nda MTSO \u00a0k\u00f6kl\u00fc bir kurumdur.\u201d dedi.<\/p>\n<div>\n<div aria-label=\"Geni\u015fletilen i\u00e7eri\u011fi gizleyin\" data-tooltip=\"Geni\u015fletilen i\u00e7eri\u011fi gizleyin\" id=\":k3\" role=\"button\" style=\"clear:both;\" tabindex=\"0\"><span style=\"font-family: sans-serif, Arial, Verdana, 'Trebuchet MS'; line-height: 1.6em;\">Ortak projelerde yard\u0131m ve deste\u011fe haz\u0131r olduklar\u0131n\u0131 ifade eden \u00c7amsar\u0131<\/span><span style=\"font-family: sans-serif, Arial, Verdana, 'Trebuchet MS'; line-height: 1.6em;\">, ziyaretten duydu\u011fu memnuniyeti dile getirdi.<\/span><\/div>\n<\/div>\n<div>\n<p>Rekt\u00f6r Prof. Dr. \u00c7amsar\u0131, Ba\u015fkan K\u0131z\u0131ltan ve y\u00f6netim kurulu \u00fcyelerine yeni g\u00f6revlerinde ba\u015far\u0131lar diledi.<\/p>\n<p>\u00a0<\/p>\n<\/div>\n<\/div>\n<\/blockquote>\n","protected":false},"excerpt":{"rendered":"<p>MTSO\u2019nun yeni y\u00f6netimi ve Ba\u015fkan\u0131 Ayhan K\u0131z\u0131ltan ME\u00dc Rekt\u00f6r\u00fc Prof. Dr. Ahmet \u00c7amsar\u0131\u2019y\u0131 ziyaret ettiler. Ziyarette bulunan MTSO Ba\u015fkan\u0131 K\u0131z\u0131ltan, yeni y\u00f6netimi Prof. Dr. Ahmet \u00c7amsar\u0131 ile tan\u0131\u015ft\u0131rd\u0131. Ziyaretin sebeplerinde &hellip; <a href=\"https:\/\/akdenizolaygazetesi.com\/?p=1907\" class=\"more-link\">Devam\u0131n\u0131 Oku&#8230;<\/a><\/p>\n","protected":false},"author":1,"featured_media":0,"comment_status":"open","ping_status":"open","sticky":false,"template":"","format":"standard","meta":[],"categories":[],"tags":[],"_links":{"self":[{"href":"https:\/\/akdenizolaygazetesi.com\/index.php?rest_route=\/wp\/v2\/posts\/1907"}],"collection":[{"href":"https:\/\/akdenizolaygazetesi.com\/index.php?rest_route=\/wp\/v2\/posts"}],"about":[{"href":"https:\/\/akdenizolaygazetesi.com\/index.php?rest_route=\/wp\/v2\/types\/post"}],"author":[{"embeddable":true,"href":"https:\/\/akdenizolaygazetesi.com\/index.php?rest_route=\/wp\/v2\/users\/1"}],"replies":[{"embeddable":true,"href":"https:\/\/akdenizolaygazetesi.com\/index.php?rest_route=%2Fwp%2Fv2%2Fcomments&post=1907"}],"version-history":[{"count":0,"href":"https:\/\/akdenizolaygazetesi.com\/index.php?rest_route=\/wp\/v2\/posts\/1907\/revisions"}],"wp:attachment":[{"href":"https:\/\/akdenizolaygazetesi.com\/index.php?rest_route=%2Fwp%2Fv2%2Fmedia&parent=1907"}],"wp:term":[{"taxonomy":"category","embeddable":true,"href":"https:\/\/akdenizolaygazetesi.com\/index.php?rest_route=%2Fwp%2Fv2%2Fcategories&post=1907"},{"taxonomy":"post_tag","embeddable":true,"href":"https:\/\/akdenizolaygazetesi.com\/index.php?rest_route=%2Fwp%2Fv2%2Ftags&post=1907"}],"curies":[{"name":"wp","href":"https:\/\/api.w.org\/{rel}","templated":true}]}}