{"id":19078,"date":"2022-06-04T16:49:52","date_gmt":"2022-06-04T13:49:52","guid":{"rendered":"http:\/\/akdenizolaygazetesi.com\/?p=19078"},"modified":"2022-06-04T16:49:52","modified_gmt":"2022-06-04T13:49:52","slug":"kooperatiflerin-surdurulebilir-olmasi-icin-daha-kurumsal-olmasi-gerekiyor","status":"publish","type":"post","link":"https:\/\/akdenizolaygazetesi.com\/?p=19078","title":{"rendered":"&#8220;KOOPERAT\u0130FLER\u0130N S\u00dcRD\u00dcR\u00dcLEB\u0130L\u0130R OLMASI \u0130\u00c7\u0130N DAHA KURUMSAL OLMASI GEREK\u0130YOR&#8221;"},"content":{"rendered":"<p>T\u00fcrkiye Odalar ve Borsalar Birli\u011fi (TOBB) Mersin Kad\u0131n Giri\u015fimciler Kurulu taraf\u0131ndan d\u00fczenlenen Kad\u0131n Kooperatifleri Bulu\u015fmas\u0131&#8217;nda kooperatiflerin sorunlar\u0131 ve \u00e7\u00f6z\u00fcm yollar\u0131 masaya yat\u0131r\u0131ld\u0131. Mersin&#8217;deki kad\u0131n kooperatiflerinin yer ald\u0131\u011f\u0131 bulu\u015fmaya Mersinden Kad\u0131n Kooperatifi Ba\u015fkan\u0131 Meral Se\u00e7er de kat\u0131ld\u0131.<\/p>\n<p>Bulu\u015fmada Mersinden Kad\u0131n Kooperatifi Ba\u015fkan\u0131 Meral Se\u00e7er&#8217;in yan\u0131 s\u0131ra MTSO Ba\u015fkan\u0131 Ayhan K\u0131z\u0131ltan, Mersin \u0130l G\u0131da, Tar\u0131m ve Hayvanc\u0131l\u0131k M\u00fcd\u00fcr\u00fc Arif Abal\u0131, Mersin Ticaret \u0130l M\u00fcd\u00fcrl\u00fc\u011f\u00fc Kooperatif\u00e7ilik Servis \u015eefi Mehmet Emin \u015eafak, Hayat A\u011fac\u0131 Kad\u0131n Giri\u015fimi \u00dcretim ve \u0130\u015fletme Kooperatifi Ba\u015fkan\u0131 Zeynep Kaya, Akdeniz Renkli Eller Kad\u0131n \u00dcretimi \u0130\u015fletimi Kooperatifi Ba\u015fkan\u0131 Zehra Y\u0131lmaz, Mersinden Kad\u0131n Kooperatifi Ba\u015fkan\u0131 Meral Se\u00e7er, Mut Kad\u0131n Giri\u015fimciler \u00dcretimi ve \u0130\u015fletimi Kooperatif Ba\u015fkan\u0131 G\u00fcls\u00fcm Kevser Mut, Mezitli \u00dcretici Kad\u0131n Giri\u015fimi \u00dcretim ve \u0130\u015fletme Kooperatifi ad\u0131na Y\u00fcksel Kap\u0131k\u0131ran, Anamur Kad\u0131n Giri\u015fimi \u00dcretim ve \u0130\u015fletme Kooperatifi Ba\u015fkan\u0131 Neslihan Do\u011fan da kat\u0131ld\u0131. Bulu\u015fmada, her kooperatifin tan\u0131t\u0131m videolar\u0131 g\u00f6sterildi.<\/p>\n<p>Moderat\u00f6rl\u00fc\u011f\u00fcn\u00fc, TOBB Mersin Kad\u0131n Giri\u015fimciler Kurulu Ba\u015fkan\u0131 Ayla Harp ile MTSO Meclis \u00dcyesi Ahmet Ak\u0131n&#8217;\u0131n y\u00fcr\u00fctt\u00fc\u011f\u00fc bulu\u015fmada, Mersin Barosu&#8217;ndan avukat Tevfik \u0130\u00e7el ve Mersin \u00dcniversitesi \u0130ktisadi ve \u0130dari Bilimler Fak\u00fcltesi \u0130ktisat B\u00f6l\u00fcm\u00fc&#8217;nden Prof. Dr. Erkan Akta\u015f da konuk olarak yer ald\u0131. Bulu\u015fmada; kad\u0131n kooperatifleri temsilcileri \u00e7al\u0131\u015fmalar\u0131n\u0131 anlatarak kar\u015f\u0131la\u015ft\u0131klar\u0131 sorunlar\u0131 dile getirdiler.<\/p>\n<p>&#8220;Bu t\u00fcr toplant\u0131lar g\u00fc\u00e7lenmemizi sa\u011fl\u0131yor&#8221;<\/p>\n<p>Mersinden Kad\u0131n Kooperatifi Ba\u015fkan\u0131 Meral Se\u00e7er, eme\u011fi ge\u00e7enlere te\u015fekk\u00fcr ederek, &#8220;Bu t\u00fcr toplant\u0131lar hem bizi bir araya getiriyor hem de yeni fikirler edinmemizi, g\u00fc\u00e7lenmemizi sa\u011fl\u0131yor&#8221; dedi. Mersinden Kad\u0131n Kooperatifi&#8217;nin nas\u0131l kuruldu\u011fu hakk\u0131nda bilgi veren Se\u00e7er,  &#8220;Ben bir g\u00f6n\u00fcll\u00fcy\u00fcm. Mersin B\u00fcy\u00fck\u015fehir Belediyesi Kad\u0131n ve Aile Hizmetleri Dairesi&#8217;nin G\u00f6n\u00fcll\u00fcl\u00fck Birimi&#8217;nde g\u00f6n\u00fcll\u00fc olarak 13 il\u00e7eyi dola\u015ft\u0131k. Buradaki kad\u0131nlar\u0131m\u0131z neler yap\u0131yor, ne \u00fcretiyorlar, ya\u015fant\u0131lar\u0131 nas\u0131l ge\u00e7iyor, sosyal hayatlar\u0131ndan memnunlar m\u0131 diye bakt\u0131\u011f\u0131m\u0131zda, kad\u0131nlar\u0131m\u0131z\u0131n \u00fcrettiklerini satmak istediklerini ve bunun i\u00e7in bir araya gelmek istediklerini tespit ettik ve kooperatif kurmaya karar verdik&#8221; diye konu\u015ftu.<\/p>\n<p>&#8220;Kooperatiflerin s\u00fcrd\u00fcr\u00fclebilir olmas\u0131 i\u00e7in daha kurumsal olmas\u0131 gerekiyor&#8221;<\/p>\n<p>Panelde kooperatiflerin sorunlar\u0131 ve bunlar\u0131n \u00e7\u00f6z\u00fcm\u00fc \u00fczerinde konu\u015ftuklar\u0131n\u0131 dile getiren Se\u00e7er, &#8220;2018&#8217;den itibaren kad\u0131n kooperatiflerinin kurulu\u015f say\u0131s\u0131nda \u00e7ok\u00e7a art\u0131\u015f oldu. T\u00fcrkiye&#8217;de kooperatifler h\u0131zl\u0131 art\u0131\u015f g\u00f6sterip ve d\u00fc\u015f\u00fc\u015fe ge\u00e7mi\u015f durumda. 2020 y\u0131l\u0131ndan sonra kad\u0131n kooperatiflerinde kapanma noktas\u0131n\u0131n baya\u011f\u0131 dik bir ivme ile oldu\u011funu g\u00f6rd\u00fcm. \u0130\u015fte buradaki en \u00f6nemli nokta \u015fu, t\u00fcm konu\u015fmalarda tekrar kendimce ve bu inand\u0131\u011f\u0131m bir konuydu; kooperatifleri kurmak \u00e7ok kolay, bu kooperatiflerin s\u00fcrd\u00fcr\u00fclebilir olmas\u0131n\u0131 sa\u011flamak ise o kadar kolay bir konu de\u011fil. Kooperatiflerin s\u00fcrd\u00fcr\u00fclebilir olmas\u0131 i\u00e7in daha kurumsal olmas\u0131 gerekiyor. \u00c7ok say\u0131da kooperatif kurulmas\u0131n\u0131 \u00e7ok marifet olarak g\u00f6rm\u00fcyorum. \u00c7\u00fcnk\u00fc bu kooperatiflerin s\u00fcrd\u00fcr\u00fclebilir olmas\u0131 i\u00e7in onlar\u0131n kurumsalla\u015fmas\u0131nda yap\u0131lmas\u0131 gereken; \u00e7\u00fcnk\u00fc Atat\u00fcrk&#8217;\u00fcn 1936 y\u0131l\u0131nda kurmu\u015f oldu\u011fu kooperatif mant\u0131\u011f\u0131, o ruh devam ediyor ama teknoloji de\u011fi\u015fti, \u00e7a\u011f\u0131m\u0131z de\u011fi\u015fti. Sosyal medyas\u0131ndan bunun di\u011fer t\u00fcm kurumsalla\u015fma \u00e7al\u0131\u015fmas\u0131na kadar bir profesyonellik gerekiyor&#8221; ifadelerini kulland\u0131.<\/p>\n<p>Kad\u0131n kooperatiflerinin bir umutla ve birliktelikle bir araya geldiklerinin vurgusunu yapan Se\u00e7er, &#8220;\u00c7\u00fcnk\u00fc onlar sosyalle\u015fmek istiyorlar, ama en \u00f6nemlisi de kendi ekonomilerine bir katk\u0131 sa\u011flamak, bir ek gelir elde etmek istiyorlar. Bunu yapabilmek i\u00e7in tabi bir araya gelip, sonras\u0131nda neler olabilece\u011fini de pek tahmin edemiyorlar; benim izlenimim. Bu hem bizim kooperatifin deneyimlerinde hem de g\u00f6r\u00fc\u015ft\u00fc\u011f\u00fcm\u00fcz kooperatiflerle, fuarlarla, bu t\u00fcr toplant\u0131larda kad\u0131nlar\u0131m\u0131z\u0131n kendilerini ilerletecek, bu kurumsalla\u015fma konusuna \u00e7ok ihtiya\u00e7lar\u0131 oldu\u011funu g\u00f6r\u00fcyorum.  Bu konuda yap\u0131lacak desteklerin de kooperatiflerin s\u00fcrd\u00fcr\u00fclebilir olabilmesi i\u00e7in \u00e7ok \u00f6nemli oldu\u011funa kesin inan\u0131yorum&#8221; dedi.<\/p>\n<p>&#8220;Kooperatif mant\u0131\u011f\u0131 o kadar g\u00fczel bir \u015fey ki&#8221;<\/p>\n<p>Kooperatiflerin kurulmas\u0131nda kurumsalla\u015fma olmamas\u0131n\u0131n bir dezavantaj oldu\u011fundan da s\u00f6z eden Se\u00e7er, &#8220;Biz bunu kendi kooperatifimizde g\u00f6rd\u00fck ve kurumsalla\u015fma \u00fczerine \u00e7al\u0131\u015fmalar\u0131m\u0131z\u0131 ba\u015flatt\u0131k. Burada kooperatif ortaklar\u0131n\u0131n \u00f6ng\u00f6r\u00fcleri \u00e7ok \u00f6nemli ama bu \u00f6ng\u00f6r\u00fcy\u00fc her zaman bulamayabilirler. Bunun i\u00e7in profesyonel destek denilen; bunun bir sosyal medyac\u0131s\u0131, sat\u0131\u015f ve pazarlamac\u0131s\u0131, maa\u015fl\u0131 personeli de olmas\u0131 gerekebiliyor. Tabi ki bunu sigortas\u0131yla birlikte kooperatiflerin kar\u015f\u0131lamas\u0131n\u0131n imkan\u0131 yok. Dolay\u0131s\u0131yla devletten gelecek desteklerin bu y\u00f6nde de verilmesi gerekti\u011fini d\u00fc\u015f\u00fcn\u00fcyorum. Kooperatif mant\u0131\u011f\u0131 o kadar g\u00fczel bir \u015fey ki, kooperatifle\u015fmede insanlar bir araya geliyorlar, fikirlerini birle\u015ftiriyorlar, emeklerini, sermayelerini birle\u015ftiriyorlar. Yani burada hem amat\u00f6r ruhlar oluyor, profesyonellikleri oluyor hem de en \u00f6nemlisi g\u00f6n\u00fcll\u00fcl\u00fckleri oluyor. Buralar sadece ticari faaliyet yap\u0131lan bir yer de\u011fil, bir sosyalle\u015fmenin oldu\u011fu, ayriyeten g\u00f6n\u00fcll\u00fcl\u00fckle g\u00f6t\u00fcr\u00fclmesi gereken yerler&#8221; diye konu\u015ftu.<\/p>\n<p>Mersinden Kad\u0131n Kooperatifi olarak kurumsalla\u015fma \u00fczerinde \u00e7al\u0131\u015fmalar\u0131n\u0131 yapt\u0131klar\u0131n\u0131 ve s\u00fcrd\u00fcr\u00fclebilirlik i\u00e7in ne olmas\u0131 gerekti\u011fi konusunda da bir \u00fcretim planlamas\u0131 yapmalar\u0131 gerekti\u011fini d\u00fc\u015f\u00fcnd\u00fcklerini aktaran Se\u00e7er, &#8220;Payda\u015f olan yerel y\u00f6netimler, ticaret odas\u0131, kurum ve kurulu\u015flar, bu t\u00fcr payda\u015flar her zaman i\u00e7in olmas\u0131 gerekiyor ama sizin ayakta kalabilmeniz i\u00e7in her zaman bu deste\u011fin oldu\u011funu d\u00fc\u015f\u00fcnmek de do\u011fru de\u011fil diye d\u00fc\u015f\u00fcn\u00fcyorum. Bunlar\u0131n sadece bir can suyu olarak, bir veri olmas\u0131 gerekti\u011fini ve di\u011fer geli\u015fmeleri tamamen kendi irademizle, kendi yeteneklerimizle g\u00f6t\u00fcrebilece\u011fimizi d\u00fc\u015f\u00fcn\u00fcyorum. O konuda Mersin&#8217;de kad\u0131n kooperatifleriyle toplant\u0131lar yapt\u0131k. Sahada g\u00f6rd\u00fc\u011f\u00fcm\u00fcz eksikliklerde kitabi bilgileri s\u00f6ylemek \u00e7ok kolay, ama \u00fcretime ge\u00e7ti\u011fimizde bir kooperatifin g\u00fc\u00e7lenmesi a\u00e7\u0131s\u0131ndan bunun \u00fcretimden sat\u0131\u015fa kadar olan b\u00f6l\u00fcmde pek \u00e7ok eksik e\u011fitimler oldu\u011funu g\u00f6rd\u00fck. Mersin B\u00fcy\u00fck\u015fehir&#8217;in Tar\u0131m Dairesi&#8217;nin Kooperatif\u00e7ilik \u015eubesi var. Biz bunlar\u0131 talep ettik ve Mersin&#8217;deki kooperatiflerimize bu e\u011fitimler verildi ve her istediklerinde de verilece\u011fi bize s\u00f6ylendi&#8221; ifadelerine yer verdi.<\/p>\n<p>&#8220;Kooperatifler kurulmadan \u00f6nce nas\u0131l i\u015fleyecek diye d\u00fc\u015f\u00fcn\u00fcp, altyap\u0131lar\u0131n\u0131 kurduktan sonra kurulmas\u0131na destek verilmesi gerekiyor&#8221;<\/p>\n<p>Kurumlar Vergisi&#8217;nin kooperatifler i\u00e7in ciddi bir y\u00fck oldu\u011funun da alt\u0131n\u0131 \u00e7izen Se\u00e7er, s\u00f6zlerini \u015f\u00f6yle s\u00fcrd\u00fcrd\u00fc: &#8220;Bunun d\u00fczenlenmesi laz\u0131m. Asl\u0131nda bu t\u00fcr talepleri bir arkada\u015f\u0131n\u0131z da s\u00f6ylemi\u015fti, hepsi iletildi. Bunlar art\u0131k bizden \u00e7\u0131kt\u0131. Biz sorunlar\u0131m\u0131z\u0131 ilettik. \u00c7\u00f6z\u00fcm ne oldu? \u00c7ok az \u015feylerde de\u011fi\u015fiklik oldu. Bu durumda kendimiz ne yapmal\u0131y\u0131z diye d\u00fc\u015f\u00fcnmemiz gerekiyor. Mesela \u00fcretimde kad\u0131nlar\u0131m\u0131z \u00fcretiyor, hepsi de birbirinden g\u00fczel \u00fcr\u00fcnler \u00fcretiyor ama bu \u00fcr\u00fcnlerini nerede sat\u0131yorlar? Kendi k\u00fc\u00e7\u00fck yerlerinde sat\u0131yorlar, pazarda sat\u0131yorlar, B\u00fcy\u00fck\u015fehir Kad\u0131n \u00dcretici Pazarlar\u0131 kuruyor, Mezitli&#8217;de Kad\u0131n \u00dcretici Pazar\u0131 var, i\u015fte bunlar de\u011fi\u015fik yerlerde kuruluyor, ancak bir kooperatifin ilerleyebilmesi i\u00e7in bunlar\u0131n sadece pazarda sat\u0131lmas\u0131 yeterli de\u011fil. Bunun i\u00e7in kad\u0131nlar\u0131n \u00fcretim at\u00f6lyeleri gerekiyor, \u00e7ok \u00e7ok ihtiya\u00e7lar\u0131 oluyor. Asl\u0131nda kooperatifler kurulmadan \u00f6nce bu kooperatifler nas\u0131l i\u015fleyecek diye d\u00fc\u015f\u00fcn\u00fcp, altyap\u0131lar\u0131n\u0131 kurduktan sonra kooperatiflerin kurulmas\u0131na destek verilmesi gerekiyor.&#8221;<\/p>\n<p>&#8220;Bizim kooperatifin bir slogan\u0131 var; &#8216;Birlikte \u00dcretip, Birlikte \u00c7o\u011falaca\u011f\u0131z'&#8221;                     <\/p>\n<p>Mersinden Kad\u0131n Kooperatifi olarak baz\u0131 projelere payda\u015f olduklar\u0131n\u0131 da anlatan Se\u00e7er, &#8220;Mesela Kurutma Tesisi&#8217;nde \u00fcretti\u011fimiz \u00fcr\u00fcnleri biz Metro Ma\u011fazas\u0131&#8217;na verdik. Bu kurutma tesisi Mersin B\u00fcy\u00fck\u015fehir Belediyesi ve G\u00f6\u00e7 \u00d6rg\u00fct\u00fc&#8217;n\u00fcn birlikte bir projesiydi. Biz de kooperatif olarak payda\u015ft\u0131k. Biz buran\u0131n ko\u015fullar\u0131n\u0131 kooperatifin ve B\u00fcy\u00fck\u015fehir&#8217;in b\u00fcy\u00fck deste\u011fi ile d\u00fczenledik. \u015eu anda bizim \u00fcr\u00fcnler Metro Ma\u011fazas\u0131&#8217;nda sat\u0131l\u0131yor. Normalde Metro veya di\u011fer zincir marketler bu kadar stokla sizin \u00fcr\u00fcnlerinizi almaz. \u00c7\u00fcnk\u00fc satt\u0131\u011f\u0131 \u00fcr\u00fcn\u00fcn stoklu olmas\u0131 gerekiyor. \u00dcretim ko\u015fullar\u0131n\u0131n uygun olmas\u0131 ba\u015fta \u015fart oluyor. Bizim \u00fcr\u00fcnlerimizi ald\u0131. Neden ald\u0131? Sosyal sorumluluk projesi da\u011farc\u0131\u011f\u0131nda ald\u0131. Ko\u015fulu, istedi\u011fi \u00fcretim ko\u015fullar\u0131na uygun olmas\u0131 gerekiyordu. \u00c7\u00fcnk\u00fc bu \u00fcr\u00fcnler g\u0131da \u00fcr\u00fcn\u00fc ve sat\u0131\u015fa sunuluyor. Bundan dolay\u0131 sadece yerel veya kamu kurum kurulu\u015flar\u0131 de\u011fil, di\u011fer firmalar, di\u011fer zincir marketleri ile g\u00f6r\u00fc\u015fme yaparak bu t\u00fcr sosyal sorumluluk projelerine dahil olabilecek \u00fcretimlerin de bizlerin yolunu a\u00e7aca\u011f\u0131n\u0131 d\u00fc\u015f\u00fcn\u00fcyorum ve kesinlikle inan\u0131yorum. O size bir can suyu oluyor ve sizin geli\u015fmenize \u00e7ok faydas\u0131 oluyor. 3 y\u0131ll\u0131k kooperatif\u00e7ilik s\u00fcrecinde bu d\u00f6ng\u00fclerin bizi geli\u015ftirdi\u011fini ve bize ba\u015fka ufuklar a\u00e7t\u0131\u011f\u0131n\u0131 g\u00f6rd\u00fcm. Hep sorun sorun olarak konu\u015fmayal\u0131m, hepinizin ger\u00e7ekten \u00e7ok g\u00fczel \u015feyler yapaca\u011f\u0131n\u0131za inan\u0131yorum. \u00c7\u00fcnk\u00fc inan\u00e7la ve g\u00f6n\u00fcll\u00fcl\u00fckle \u00e7al\u0131\u015f\u0131yorsunuz. Her konuda hepimiz birlikte hareket etmeye haz\u0131r\u0131z. Bizim kooperatifin bir slogan\u0131 var; &#8216;Birlikte \u00dcretip, Birlikte \u00c7o\u011falaca\u011f\u0131z&#8217; diyorum&#8221; dedi.<\/p>\n<p>Toplant\u0131ya kat\u0131lan Mut Kad\u0131n Giri\u015fimciler \u00dcretim ve \u0130\u015fletme Kooperatifi Ba\u015fkan\u0131 G\u00fcls\u00fcm Kevser Mut yapt\u0131\u011f\u0131 a\u00e7\u0131klamada, &#8220;Belki trilyonlar kazanamam\u0131\u015f olabiliriz, ama aya\u011fa kalkman\u0131n verdi\u011fi \u00f6zg\u00fcven, kad\u0131nlara verilen \u00f6zg\u00fcven, bir fark\u0131ndal\u0131k, kad\u0131n kooperatifinin kurulmu\u015f olmas\u0131, kad\u0131nlar\u0131n kendilerini ifade edebilmesi de b\u00fcy\u00fck bir ba\u015far\u0131d\u0131r. Kooperatiflerin amac\u0131 \u00fcreticiyle t\u00fcketici aras\u0131nda hi\u00e7 emek vermeden para kazanan kitleyi ortadan kald\u0131r\u0131p, direkt \u00fcreticiden t\u00fcketiciye ula\u015ft\u0131rmakt\u0131r. Ara\u00e7larla ta\u015f\u0131nan tar\u0131m i\u015f\u00e7ileri var. Hi\u00e7bir belgesi olmayan ara\u00e7larla sigortas\u0131z, sosyal g\u00fcvencesiz bir \u015fekilde bah\u00e7elere ta\u015f\u0131n\u0131yorlar. Bir tak\u0131m \u00e7avu\u015flar\u0131n ellerinde, yevmiyelerinden belli bir miktar kesilerek hem emekleri s\u00f6m\u00fcr\u00fcl\u00fcyor hem de sosyal haklar\u0131na kavu\u015fmayan \u00f6zellikle kad\u0131n i\u015f\u00e7iler var. Mesela Mut Hali&#8217;ndeki ardiyelerde \u00e7al\u0131\u015fan y\u00fczlerce kad\u0131n arkada\u015f\u0131m\u0131z sosyal g\u00fcvencesiz bir \u015fekilde \u00e7al\u0131\u015f\u0131yorlar. Sorunlar\u0131m\u0131z belli. Bizim \u015fu an en b\u00fcy\u00fck problemimiz lojistik, kargo \u00fccretleri ve ambalaj sorunu&#8221; dedi.<\/p>\n<p>Hayat A\u011fac\u0131 Kad\u0131n Giri\u015fimi \u00dcretim ve \u0130\u015fletme Kooperatifi Ba\u015fkan\u0131 Zeynep Kaya ise &#8220;Kad\u0131n kooperatifleri \u00e7o\u011fald\u0131k\u00e7a mutlu olmaya devam ettik. \u00c7\u00fcnk\u00fc bu bir ihtiya\u00e7. Az \u00f6nce arkada\u015flar anlatt\u0131. Kendi ilkelerine g\u00f6re raporlar\u0131 var, izlenimleri var, ama T\u00fcrkiye ger\u00e7e\u011fine g\u00f6re biz kad\u0131nlar\u0131n ya\u015fad\u0131\u011f\u0131 sorunlar tamamen farkl\u0131. Bizler rakip de\u011filiz, rekabet duygusu i\u00e7erisinde hareket edemeyiz. Y\u0131llarca bu y\u00f6ntemden dolay\u0131 ayr\u0131 yerlerde kald\u0131k, g\u00fc\u00e7 birli\u011fi sa\u011flayamad\u0131k&#8221; dedi. Kurulu\u015f a\u015famas\u0131nda bir\u00e7ok sorun ya\u015fad\u0131klar\u0131n\u0131 da vurgulayan Kaya, &#8220;A\u00e7\u0131l\u0131\u015f b\u00fct\u00e7esi, damga vergileri, ortakl\u0131k pay belgelerinin haz\u0131rlanmas\u0131, muhasebe kay\u0131tlar\u0131, kooperatifler i\u00e7in kira yerleri ve daha kazanmadan \u00f6demek zorunda oldu\u011fumuz vergiler, har\u00e7lar, KDV belgeleri. Buna y\u00f6nelik biz \u00e7al\u0131\u015ftayda raporlar haz\u0131rlad\u0131k. Sorunlar\u0131m\u0131z\u0131n hepsini yazd\u0131k ve ilgili kurumlara g\u00f6nderdik. Ama tabandan tavana bakt\u0131\u011f\u0131m\u0131zda, tavandaki arkada\u015flar asl\u0131nda kad\u0131nlar\u0131 g\u00f6rmek istemiyor, sorunlar\u0131n\u0131 duymak istemiyorlar. En son medyada duydu\u011fumuz hakaretler de bunun bir \u00f6rne\u011fi. Bunun tabi ki ekonomik alanda \u00f6rg\u00fctlenmek isteyen biz kad\u0131nlara da yans\u0131mas\u0131 oluyor. \u00c7\u00fcnk\u00fc yoksullu\u011fu en \u00e7ok \u00e7eken biziz, bizden sonra \u00e7ocuklar. Kooperatif\u00e7ilik anlay\u0131\u015f\u0131 \u00e7ok eski s\u00fcrece dayan\u0131yor. O d\u00f6nemdeki i\u015fleyi\u015fle \u015fu andaki i\u015fleyi\u015f aras\u0131nda u\u00e7urumlar var. Biz dayan\u0131\u015fmay\u0131 \u00f6\u011frendik, biz demokrasiyi, payla\u015fmay\u0131, ho\u015fg\u00f6r\u00fcy\u00fc, birbirimize dokunmay\u0131 \u00f6\u011frendik&#8221; dedi.<\/p>\n<p>Mersinden Kad\u0131n Kooperatifi ile ger\u00e7ekle\u015ftirdikleri proje sayesinde Melemezli kad\u0131nlar\u0131n \u00fcrettikleri ekmekleri daha fazla satabilme imk\u00e2n\u0131 buldu\u011funu ifade eden Akdeniz Renkli Eller Kad\u0131n Giri\u015fimi \u00dcretim ve \u0130\u015fletme Kooperatifi Ba\u015fkan\u0131 ve \u0130hsaniye Mahalle Muhtar\u0131 Zehra Y\u0131lmaz, &#8220;Melemezli kad\u0131nlar\u0131m\u0131z; Akdeniz Belediyesi&#8217;nin katk\u0131lar\u0131yla yap\u0131lan f\u0131r\u0131nlar\u0131m\u0131zda yeteri kadar ekmek satam\u0131yordu. Meral Han\u0131mla beraber Mersinden Kad\u0131n Kooperatifi bir proje yapt\u0131k. B\u00fcy\u00fck\u015fehir Belediye Ba\u015fkan\u0131m\u0131za gittik, konu\u015ftuk. Bizim \u015fu anda Melemezli kad\u0131nlar\u0131n ayda en az 3-5 bin lira kazand\u0131klar\u0131 bir proje ger\u00e7ekle\u015fmi\u015f oldu. Meral Han\u0131mla birlikte yapm\u0131\u015f oldu\u011fumuz o reklamla, duyuruyla haftada ancak 60-70 tane ekmek yap\u0131l\u0131yordu. O say\u0131 \u015fu anda binlere kadar ula\u015ft\u0131. Buradan kendisine ger\u00e7ekten \u00e7ok te\u015fekk\u00fcr ediyorum&#8221; dedi.<\/p>\n","protected":false},"excerpt":{"rendered":"<p>T\u00fcrkiye Odalar ve Borsalar Birli\u011fi (TOBB) Mersin Kad\u0131n Giri\u015fimciler Kurulu taraf\u0131ndan d\u00fczenlenen Kad\u0131n Kooperatifleri Bulu\u015fmas\u0131&#8217;nda kooperatiflerin sorunlar\u0131 ve \u00e7\u00f6z\u00fcm yollar\u0131 masaya yat\u0131r\u0131ld\u0131. Mersin&#8217;deki kad\u0131n kooperatiflerinin yer ald\u0131\u011f\u0131 bulu\u015fmaya Mersinden Kad\u0131n &hellip; <a href=\"https:\/\/akdenizolaygazetesi.com\/?p=19078\" class=\"more-link\">Devam\u0131n\u0131 Oku&#8230;<\/a><\/p>\n","protected":false},"author":2,"featured_media":19079,"comment_status":"open","ping_status":"open","sticky":false,"template":"","format":"standard","meta":[],"categories":[3],"tags":[],"_links":{"self":[{"href":"https:\/\/akdenizolaygazetesi.com\/index.php?rest_route=\/wp\/v2\/posts\/19078"}],"collection":[{"href":"https:\/\/akdenizolaygazetesi.com\/index.php?rest_route=\/wp\/v2\/posts"}],"about":[{"href":"https:\/\/akdenizolaygazetesi.com\/index.php?rest_route=\/wp\/v2\/types\/post"}],"author":[{"embeddable":true,"href":"https:\/\/akdenizolaygazetesi.com\/index.php?rest_route=\/wp\/v2\/users\/2"}],"replies":[{"embeddable":true,"href":"https:\/\/akdenizolaygazetesi.com\/index.php?rest_route=%2Fwp%2Fv2%2Fcomments&post=19078"}],"version-history":[{"count":1,"href":"https:\/\/akdenizolaygazetesi.com\/index.php?rest_route=\/wp\/v2\/posts\/19078\/revisions"}],"predecessor-version":[{"id":19080,"href":"https:\/\/akdenizolaygazetesi.com\/index.php?rest_route=\/wp\/v2\/posts\/19078\/revisions\/19080"}],"wp:featuredmedia":[{"embeddable":true,"href":"https:\/\/akdenizolaygazetesi.com\/index.php?rest_route=\/wp\/v2\/media\/19079"}],"wp:attachment":[{"href":"https:\/\/akdenizolaygazetesi.com\/index.php?rest_route=%2Fwp%2Fv2%2Fmedia&parent=19078"}],"wp:term":[{"taxonomy":"category","embeddable":true,"href":"https:\/\/akdenizolaygazetesi.com\/index.php?rest_route=%2Fwp%2Fv2%2Fcategories&post=19078"},{"taxonomy":"post_tag","embeddable":true,"href":"https:\/\/akdenizolaygazetesi.com\/index.php?rest_route=%2Fwp%2Fv2%2Ftags&post=19078"}],"curies":[{"name":"wp","href":"https:\/\/api.w.org\/{rel}","templated":true}]}}