{"id":1908,"date":"2020-11-04T18:22:27","date_gmt":"2020-11-04T15:22:27","guid":{"rendered":"http:\/\/mersinekonomipolitikagazetesi.com\/?p=1908"},"modified":"2020-11-04T18:22:27","modified_gmt":"2020-11-04T15:22:27","slug":"erdemli-belediyesinin-yol-calismalari-devam-ediyor","status":"publish","type":"post","link":"https:\/\/akdenizolaygazetesi.com\/?p=1908","title":{"rendered":"Erdemli Belediyesi&#8217;nin yol \u00e7al\u0131\u015fmalar\u0131 devam ediyor"},"content":{"rendered":"<p>Erdemli Belediyesi, t\u00fcm mahallelerde yaz mevsimi \u00f6ncesi haz\u0131rl\u0131klar\u0131 kapsam\u0131nda s\u00fcrd\u00fcrd\u00fc\u011f\u00fc \u00e7al\u0131\u015fmalara, Aya\u015f Mahallesi&#8217;nde yol, temizlik ve ye\u015fil alan d\u00fczenlemeleriyle devam ediyor.<\/p>\n<p><span style=\"font-size:16px;\"><span style=\"font-family: sans-serif; line-height: 20px; text-align: justify; background-color: rgb(242, 244, 245);\">Erdemli Belediyesi&#8217;nden yap\u0131lan a\u00e7\u0131klamaya g\u00f6re, kasabadan mahalleye d\u00f6n\u00fc\u015fen Aya\u015f\u2019ta yol, ye\u015fil alan temizlik ve di\u011fer hizmetlerin yan\u0131 s\u0131ra K\u0131z\u0131l\u00f6ren mevkiinde bah\u00e7e yollar\u0131n\u0131n bak\u0131m ve onar\u0131m\u0131 yap\u0131l\u0131rken, bir yandan da sahilde parke \u00e7al\u0131\u015fmalar\u0131 ger\u00e7ekle\u015ftiriliyor.\u00a0<\/span><br style=\"box-sizing: border-box; font-family: sans-serif; font-size: 14px; line-height: 20px; text-align: justify; background-color: rgb(242, 244, 245);\" \/><br \/>\n<span style=\"font-family: sans-serif; line-height: 20px; text-align: justify; background-color: rgb(242, 244, 245);\">Bu arada \u0130stiklal Caddesi&#8217;nde mevcut halin yetersiz kalmas\u0131 nedeniyle yol geni\u015fletme \u00e7al\u0131\u015fmalar\u0131n\u0131 da yapan Erdemli Belediyesi&#8217;nin faaliyetlerinden memnun kalan mahalle sakinleri, Belediye Ba\u015fkan\u0131 M\u00fckerrem Tollu\u2019ya te\u015fekk\u00fcr ederek, &#8220;Gelmi\u015f ge\u00e7mi\u015f belediye ba\u015fkanlar\u0131 bu yollar\u0131m\u0131z\u0131 g\u00f6rmezlikten gelip a\u00e7\u0131lmas\u0131n\u0131 ya da bak\u0131m\u0131n\u0131 yapmazken, Erdemli&#8217;nin mahallesi olduktan sonra bekledi\u011fimiz hizmete kavu\u015ftuk. \u0130mkanlar elverdi\u011fi kadar t\u00fcm ihtiya\u00e7lar\u0131m\u0131z\u0131 kar\u015f\u0131lamaktan geri durmayan belediyemize \u00e7ok te\u015fekk\u00fcr ediyoruz. Ba\u015fkan\u0131m\u0131z hizmet adam\u0131. Siyasi olarak de\u011fil hizmet olarak herkese e\u015fit davranan belediye ba\u015fkan\u0131m\u0131z\u0131n her zaman yan\u0131nday\u0131z&#8221; dedi.\u00a0<\/span><\/span><\/p>\n","protected":false},"excerpt":{"rendered":"<p>Erdemli Belediyesi, t\u00fcm mahallelerde yaz mevsimi \u00f6ncesi haz\u0131rl\u0131klar\u0131 kapsam\u0131nda s\u00fcrd\u00fcrd\u00fc\u011f\u00fc \u00e7al\u0131\u015fmalara, Aya\u015f Mahallesi&#8217;nde yol, temizlik ve ye\u015fil alan d\u00fczenlemeleriyle devam ediyor. Erdemli Belediyesi&#8217;nden yap\u0131lan a\u00e7\u0131klamaya g\u00f6re, kasabadan mahalleye d\u00f6n\u00fc\u015fen Aya\u015f\u2019ta &hellip; <a href=\"https:\/\/akdenizolaygazetesi.com\/?p=1908\" class=\"more-link\">Devam\u0131n\u0131 Oku&#8230;<\/a><\/p>\n","protected":false},"author":1,"featured_media":0,"comment_status":"open","ping_status":"open","sticky":false,"template":"","format":"standard","meta":[],"categories":[],"tags":[],"_links":{"self":[{"href":"https:\/\/akdenizolaygazetesi.com\/index.php?rest_route=\/wp\/v2\/posts\/1908"}],"collection":[{"href":"https:\/\/akdenizolaygazetesi.com\/index.php?rest_route=\/wp\/v2\/posts"}],"about":[{"href":"https:\/\/akdenizolaygazetesi.com\/index.php?rest_route=\/wp\/v2\/types\/post"}],"author":[{"embeddable":true,"href":"https:\/\/akdenizolaygazetesi.com\/index.php?rest_route=\/wp\/v2\/users\/1"}],"replies":[{"embeddable":true,"href":"https:\/\/akdenizolaygazetesi.com\/index.php?rest_route=%2Fwp%2Fv2%2Fcomments&post=1908"}],"version-history":[{"count":0,"href":"https:\/\/akdenizolaygazetesi.com\/index.php?rest_route=\/wp\/v2\/posts\/1908\/revisions"}],"wp:attachment":[{"href":"https:\/\/akdenizolaygazetesi.com\/index.php?rest_route=%2Fwp%2Fv2%2Fmedia&parent=1908"}],"wp:term":[{"taxonomy":"category","embeddable":true,"href":"https:\/\/akdenizolaygazetesi.com\/index.php?rest_route=%2Fwp%2Fv2%2Fcategories&post=1908"},{"taxonomy":"post_tag","embeddable":true,"href":"https:\/\/akdenizolaygazetesi.com\/index.php?rest_route=%2Fwp%2Fv2%2Ftags&post=1908"}],"curies":[{"name":"wp","href":"https:\/\/api.w.org\/{rel}","templated":true}]}}