{"id":19081,"date":"2022-06-04T16:51:33","date_gmt":"2022-06-04T13:51:33","guid":{"rendered":"http:\/\/akdenizolaygazetesi.com\/?p=19081"},"modified":"2022-06-04T16:51:33","modified_gmt":"2022-06-04T13:51:33","slug":"baskan-yilmaz-kente-konforlu-yasam-alanlari-sunacagiz","status":"publish","type":"post","link":"https:\/\/akdenizolaygazetesi.com\/?p=19081","title":{"rendered":"Ba\u015fkan Y\u0131lmaz; &#8220;Kente Konforlu Ya\u015fam Alanlar\u0131 Sunaca\u011f\u0131z&#8221;"},"content":{"rendered":"<p>Ba\u015fkan Y\u0131lmaz; &#8220;\u00c7evre, \u015eehircilik ve \u0130klim De\u011fi\u015fikli\u011fi Bakanl\u0131\u011f\u0131m\u0131z\u0131n Deste\u011fiyle \u0130l\u00e7emizde Toplu Konut \u00c7al\u0131\u015fmas\u0131 Yapaca\u011f\u0131z&#8221; dedi.<\/p>\n<p>Toroslar Belediyesi, il\u00e7ede d\u00fczenli \u015fehirle\u015fmeye y\u00f6nelik hayata ge\u00e7irmeye devam etti\u011fi imar planlar\u0131n\u0131n yan\u0131 s\u0131ra vatanda\u015fa daha konforlu ya\u015fam alanlar\u0131 sunmak ad\u0131na ba\u015flataca\u011f\u0131 &#8220;Sosyal Konut Projesi&#8217;nin&#8221; ilk ad\u0131m\u0131n\u0131 Belediye Meclisi&#8217;nin Haziran Ay\u0131 toplant\u0131s\u0131nda att\u0131.<\/p>\n<p>Toplu Konut \u0130daresi Ba\u015fkanl\u0131\u011f\u0131 (TOK\u0130) i\u015fbirli\u011finde ger\u00e7ekle\u015ftirilecek Toroslar&#8217;\u0131n prestij projesi, vatanda\u015flar\u0131n uygun \u015fartlarda konut alabilmesine imkan sa\u011flayacak.<\/p>\n<p>Toplant\u0131da; Arpa\u00e7sakarlar Mahallesi&#8217;nde, Toroslar Belediyesinin m\u00fclkiyetinde yer alan ada ve parseller \u00fczerinde TOK\u0130 taraf\u0131ndan &#8220;Sosyal Konut Projesi&#8221; yap\u0131lmas\u0131, gerekli i\u015f ve i\u015flemlerin y\u00fcr\u00fct\u00fclmesi i\u00e7in Belediye Ba\u015fkan\u0131 Ats\u0131z Af\u015f\u0131n Y\u0131lmaz&#8217;a yetki verilmesi konusu g\u00f6r\u00fc\u015f\u00fclerek, kabul edildi.<\/p>\n<p>Ba\u015fkan Y\u0131lmaz; &#8220;Kente Konforlu Ya\u015fam Alanlar\u0131 Sunaca\u011f\u0131z&#8221;<\/p>\n<p>Toroslar&#8217;\u0131n kentsel ve ekonomik geli\u015fimine katk\u0131 sa\u011flayacak Sosyal Konut Projesi&#8217;nin kente hay\u0131rl\u0131 olmas\u0131n\u0131 dileyen Ba\u015fkan Y\u0131lmaz, bu konuda \u00c7evre, \u015eehircilik ve iklim De\u011fi\u015fikli\u011fi Bakan\u0131 Murat Kurum ile g\u00f6r\u00fc\u015f al\u0131\u015fveri\u015finde bulunduklar\u0131n\u0131 ifade etti.<\/p>\n<p>Ba\u015fkan Y\u0131lmaz;  &#8220;\u00c7evre, \u015eehircilik ve iklim De\u011fi\u015fikli\u011fi Bakan\u0131m\u0131z Say\u0131n Murat Kurum, heyeti ile birlikte Mersinimizi ve belediyemizi ziyaret etti. Yapt\u0131\u011f\u0131m\u0131z \u00e7al\u0131\u015fmalar ve projelerimiz ile ilgili Say\u0131n Bakan\u0131m\u0131z\u0131 bilgilendirdik. TOK\u0130 Ba\u015fkan Yard\u0131mc\u0131m\u0131z da bu heyet ile birlikteydi. TOK\u0130 ile birlikte Toroslar\u0131m\u0131zda Sosyal Konut \u00e7al\u0131\u015fmas\u0131 yapaca\u011f\u0131z. \u00d6n\u00fcm\u00fczdeki bir bu\u00e7uk y\u0131l i\u00e7inde bitmesini planl\u0131yoruz. Say\u0131n Bakan\u0131m\u0131z, belediyemize ve il\u00e7emize uygun \u015fartlarda kredi sa\u011flanmas\u0131 konusunda destek s\u00f6z\u00fc verdi. Bor\u00e7lanma yetkisini bu y\u00f6nde kullanmak \u00fczere al\u0131yoruz. \u00d6ncelikle \u00f6n bir protokol yapaca\u011f\u0131z. TOK\u0130 ile bir \u00e7al\u0131\u015fma y\u00fcr\u00fct\u00fcyoruz. Ortaya \u00e7\u0131kan sonuca g\u00f6re hep birlikte kararla\u015ft\u0131r\u0131p ilerleyece\u011fiz. Say\u0131n Bakan\u0131m\u0131za ve t\u00fcm ekibine yak\u0131n ilgi ve alakas\u0131 i\u00e7in te\u015fekk\u00fcr ediyorum&#8221; diye konu\u015ftu.<\/p>\n<p>Daha sonra di\u011fer g\u00fcndem maddeleri de g\u00f6r\u00fc\u015f\u00fclerek karara ba\u011fland\u0131. Kuvayi Milliye Caddesi \u00fczerinde cephe sa\u011fl\u0131kla\u015ft\u0131rmas\u0131, bak\u0131m, onar\u0131m ile ilgili proje geli\u015ftirilmesi y\u00f6n\u00fcnde \u00e7al\u0131\u015fmalar\u0131n da y\u00fcr\u00fct\u00fclmesine y\u00f6nelik g\u00fcndem maddesi de kabul edildi.<\/p>\n<p>Toroslar Belediye Meclisi, Temmuz Ay\u0131 Meclis Toplant\u0131s\u0131n\u0131; 05 Temmuz 2022 Sal\u0131 g\u00fcn\u00fc saat 14.00&#8217;da yapacak.<\/p>\n","protected":false},"excerpt":{"rendered":"<p>Ba\u015fkan Y\u0131lmaz; &#8220;\u00c7evre, \u015eehircilik ve \u0130klim De\u011fi\u015fikli\u011fi Bakanl\u0131\u011f\u0131m\u0131z\u0131n Deste\u011fiyle \u0130l\u00e7emizde Toplu Konut \u00c7al\u0131\u015fmas\u0131 Yapaca\u011f\u0131z&#8221; dedi. Toroslar Belediyesi, il\u00e7ede d\u00fczenli \u015fehirle\u015fmeye y\u00f6nelik hayata ge\u00e7irmeye devam etti\u011fi imar planlar\u0131n\u0131n yan\u0131 s\u0131ra vatanda\u015fa &hellip; <a href=\"https:\/\/akdenizolaygazetesi.com\/?p=19081\" class=\"more-link\">Devam\u0131n\u0131 Oku&#8230;<\/a><\/p>\n","protected":false},"author":2,"featured_media":19082,"comment_status":"open","ping_status":"open","sticky":false,"template":"","format":"standard","meta":[],"categories":[1,2,3],"tags":[],"_links":{"self":[{"href":"https:\/\/akdenizolaygazetesi.com\/index.php?rest_route=\/wp\/v2\/posts\/19081"}],"collection":[{"href":"https:\/\/akdenizolaygazetesi.com\/index.php?rest_route=\/wp\/v2\/posts"}],"about":[{"href":"https:\/\/akdenizolaygazetesi.com\/index.php?rest_route=\/wp\/v2\/types\/post"}],"author":[{"embeddable":true,"href":"https:\/\/akdenizolaygazetesi.com\/index.php?rest_route=\/wp\/v2\/users\/2"}],"replies":[{"embeddable":true,"href":"https:\/\/akdenizolaygazetesi.com\/index.php?rest_route=%2Fwp%2Fv2%2Fcomments&post=19081"}],"version-history":[{"count":1,"href":"https:\/\/akdenizolaygazetesi.com\/index.php?rest_route=\/wp\/v2\/posts\/19081\/revisions"}],"predecessor-version":[{"id":19083,"href":"https:\/\/akdenizolaygazetesi.com\/index.php?rest_route=\/wp\/v2\/posts\/19081\/revisions\/19083"}],"wp:featuredmedia":[{"embeddable":true,"href":"https:\/\/akdenizolaygazetesi.com\/index.php?rest_route=\/wp\/v2\/media\/19082"}],"wp:attachment":[{"href":"https:\/\/akdenizolaygazetesi.com\/index.php?rest_route=%2Fwp%2Fv2%2Fmedia&parent=19081"}],"wp:term":[{"taxonomy":"category","embeddable":true,"href":"https:\/\/akdenizolaygazetesi.com\/index.php?rest_route=%2Fwp%2Fv2%2Fcategories&post=19081"},{"taxonomy":"post_tag","embeddable":true,"href":"https:\/\/akdenizolaygazetesi.com\/index.php?rest_route=%2Fwp%2Fv2%2Ftags&post=19081"}],"curies":[{"name":"wp","href":"https:\/\/api.w.org\/{rel}","templated":true}]}}