{"id":19090,"date":"2022-06-04T16:58:30","date_gmt":"2022-06-04T13:58:30","guid":{"rendered":"http:\/\/akdenizolaygazetesi.com\/?p=19090"},"modified":"2022-06-04T16:58:30","modified_gmt":"2022-06-04T13:58:30","slug":"kucuk-aile-isletmelerine-ve-kadin-ureticilere-desteklerimizi-bundan-sonra-da-surdurecegiz","status":"publish","type":"post","link":"https:\/\/akdenizolaygazetesi.com\/?p=19090","title":{"rendered":"&#8220;K\u00dc\u00c7\u00dcK A\u0130LE \u0130\u015eLETMELER\u0130NE VE KADIN \u00dcRET\u0130C\u0130LERE DESTEKLER\u0130M\u0130Z\u0130 BUNDAN SONRA DA S\u00dcRD\u00dcRECE\u011e\u0130Z&#8221;"},"content":{"rendered":"<p>Mersin B\u00fcy\u00fck\u015fehir Belediye Ba\u015fkan\u0131 Vahap Se\u00e7er, Mut&#8217;ta her y\u0131l geleneksel olarak d\u00fczenlenen &#8216;Mut Karacao\u011flan Kay\u0131s\u0131 K\u00fclt\u00fcr ve Sanat Festivali&#8217;nin a\u00e7\u0131l\u0131\u015f\u0131na kat\u0131larak vatanda\u015flarla bir araya geldi. B\u00fcy\u00fck co\u015fkuyla kar\u015f\u0131lanan Ba\u015fkan Se\u00e7er, vatanda\u015flarla sohbet etti. Etkinlikte konu\u015fan Ba\u015fkan Se\u00e7er, \u00fcreticilere seslenerek \u00fcretimin artmas\u0131 noktas\u0131nda destek mesaj\u0131 verdi. Se\u00e7er, &#8220;Biz belediyeler olarak mevcut imkanlar\u0131m\u0131z\u0131 kullanarak, \u00f6zellikle k\u00fc\u00e7\u00fck aile i\u015fletmelerine ve kad\u0131n \u00fcreticilere pozitif ayr\u0131mc\u0131l\u0131k yaparak, desteklerimizi bug\u00fcn oldu\u011fu gibi bundan sonra da s\u00fcrd\u00fcrece\u011fiz&#8221; dedi.<\/p>\n<p>Festival renkli g\u00f6r\u00fcnt\u00fclere sahne oldu<\/p>\n<p>Karacao\u011flan \u00c7\u0131naralt\u0131 Park\u0131&#8217;nda d\u00fczenlenen festivale Mersin B\u00fcy\u00fck\u015fehir Belediye Ba\u015fkan\u0131 Vahap Se\u00e7er, Mut Kaymakam\u0131 Batuhan Bing\u00f6l, MHP Mersin Milletvekili Baki \u015eim\u015fek, Mut Belediye Ba\u015fkan\u0131 Volkan \u015eeker, Anamur Belediye Ba\u015fkan\u0131 Hidayet K\u0131l\u0131n\u00e7, G\u00fclnar Belediye Ba\u015fkan\u0131 Alpaslan \u00dcn\u00fcvar, Silifke Belediye Ba\u015fkan\u0131 Sad\u0131k Altunok, Meclis \u00fcyeleri, STK temsilcileri, siyasi parti temsilcileri, muhtarlar ve vatanda\u015flar kat\u0131ld\u0131.<\/p>\n<p>Sayg\u0131 duru\u015fu ve \u0130stiklal Mar\u015f\u0131&#8217;n\u0131n okunmas\u0131 ile ba\u015flayan festivalde a\u00e7\u0131l\u0131\u015f konu\u015fmalar\u0131 yap\u0131ld\u0131. Erdemli Belediyesi Kad\u0131n Mehteran Tak\u0131m\u0131 g\u00f6sterilerini sergilerken, Mut Volkan Okullar\u0131 Zeybek Ekibi ve Mut Belediyesi Spor Okullar\u0131 \u00f6\u011frencileri de festivalde tekvando g\u00f6sterisi yapt\u0131. Mut Belediyesi Halk Oyunlar\u0131 Toplulu\u011fu&#8217;nun sergiledi\u011fi g\u00f6steri ile s\u00fcren festivalde Halat \u00c7ekme Federasyonu Mut \u0130l\u00e7e Temsilcili\u011fi taraf\u0131ndan halat yar\u0131\u015f\u0131 yap\u0131ld\u0131. Kay\u0131s\u0131 yeme yar\u0131\u015fmas\u0131 ile devam eden festival, renkli g\u00f6r\u00fcnt\u00fclere sahne oldu.  Son olarak da Ba\u015fkan Se\u00e7er ve protokol \u00fcyeleri taraf\u0131ndan Dilek Havuzu&#8217;na kay\u0131s\u0131 d\u00f6k\u00fcld\u00fc.<\/p>\n<p>Ba\u015fkan Se\u00e7er: &#8220;Bir olaca\u011f\u0131z, birlik olaca\u011f\u0131z, iri olaca\u011f\u0131z, diri olaca\u011f\u0131z&#8221;<\/p>\n<p>Mut Belediye Ba\u015fkan\u0131 Volkan \u015eeker&#8217;in &#8216;Mutlu olman\u0131n mutlulu\u011fuyla Mutlu olmaktan gururluyum&#8217; s\u00f6z\u00fcn\u00fc an\u0131msatarak konu\u015fmas\u0131na ba\u015flayan Ba\u015fkan Se\u00e7er, &#8220;Hepimiz Mersin&#8217;de olmaktan, b\u00f6yle g\u00fczide bir kentte ya\u015famaktan, T\u00fcrkiye&#8217;de olmaktan, T\u00fcrkiye&#8217;de do\u011fmu\u015f olmaktan, T\u00fcrk olmaktan onur ve \u015feref duyuyoruz. Mustafa Kemal Atat\u00fcrk&#8217;\u00fcn dedi\u011fi gibi, &#8216;Hayatta en hakiki m\u00fcr\u015fit ilimdir&#8217;, ilimin pe\u015finden gidece\u011fiz ve \u00fclkemizi muas\u0131r medeniyet seviyesine y\u00fckseltece\u011fiz. Hepimizin \u00e7abas\u0131 bu yolda&#8221; dedi. 60. Mut Karacao\u011flan Kay\u0131s\u0131 K\u00fclt\u00fcr ve Sanat Festivali&#8217;ne keyifle geldi\u011fini belirten Ba\u015fkan Se\u00e7er, konu\u015fmas\u0131na \u015f\u00f6yle devam etti:<\/p>\n<p>&#8220;Farkl\u0131 siyasi partilerden olmam\u0131z demokrasinin zenginli\u011fidir. Bizim k\u00fclt\u00fcr\u00fcm\u00fczd\u00fcr, ho\u015fg\u00f6r\u00fcm\u00fczd\u00fcr. Birbirimize sayg\u0131yla bakmam\u0131z\u0131 gerektiren bir anlay\u0131\u015ft\u0131r. Mut Belediye Ba\u015fkan\u0131yla Mersin B\u00fcy\u00fck\u015fehir Belediye Ba\u015fkan\u0131 farkl\u0131 siyasi partilerde; ama bir \u00e7at\u0131 alt\u0131nda, T\u00fcrkiye Cumhuriyeti \u00e7at\u0131s\u0131 alt\u0131nda, al bayra\u011f\u0131n alt\u0131nda ve Mustafa Kemal&#8217;in izinde beraber y\u00fcr\u00fcmesinden daha do\u011fal bir \u015fey olamaz. Onun i\u00e7in her zaman s\u00f6yledi\u011fimizi s\u00f6yl\u00fcyoruz. Bir olaca\u011f\u0131z, birlik olaca\u011f\u0131z, iri olaca\u011f\u0131z, diri olaca\u011f\u0131z. Bunu da inad\u0131na yapaca\u011f\u0131z. \u00dclkemizi, bayra\u011f\u0131m\u0131z\u0131 ve Atat\u00fcrk&#8217;\u00fcm\u00fcz\u00fc seviyoruz.&#8221;<\/p>\n<p>&#8220;Desteklerimizi bug\u00fcn oldu\u011fu gibi bundan sonra da s\u00fcrd\u00fcrece\u011fiz&#8221;<\/p>\n<p>Bereketli bir co\u011frafyaya sahip Mut&#8217;ta, kad\u0131nlar ba\u015fta olmak \u00fczere t\u00fcm vatanda\u015flar\u0131n \u00e7ok \u00e7al\u0131\u015fkan oldu\u011funu s\u00f6yleyen Ba\u015fkan Se\u00e7er, &#8220;Allah bereket versin. Mutlu hem\u015fehrilerimiz bu sene de hasada ba\u015flad\u0131. \u0130klimden dolay\u0131 verim kayb\u0131 var ama \u015f\u00fck\u00fcr ki piyasalarda bir talep var ve hem yurt i\u00e7inde hem de yurt d\u0131\u015f\u0131nda \u015fu anki fiyatlar, belki verimden dolay\u0131 kayb\u0131m\u0131z\u0131 telafi edecek noktalarda. \u0130n\u015fallah b\u00fct\u00fcn sezonu hem kay\u0131s\u0131da, hem erikte, hem de zeytinde bereketli olarak tamamlar\u0131z&#8221; diye konu\u015ftu. H\u00fck\u00fcmetlerin haz\u0131rlad\u0131klar\u0131 projeksiyonlarda mutlaka \u00fcreticiye, \u00e7ift\u00e7iye destek verme zorunlulu\u011fu oldu\u011funu dile getiren Ba\u015fkan Se\u00e7er, &#8220;\u00dclkemizde de mutlaka; be\u011feniriz, be\u011fenmeyiz. \u015eimdi siyaset zaman\u0131 de\u011fil. Politika uygulan\u0131yor. Do\u011frudur, yanl\u0131\u015ft\u0131r. Ancak biz belediyeler olarak mevcut imkanlar\u0131m\u0131z\u0131 kullanarak, \u00f6zellikle k\u00fc\u00e7\u00fck aile i\u015fletmelerine ve kad\u0131n \u00fcreticilere pozitif ayr\u0131mc\u0131l\u0131k yaparak, desteklerimizi bug\u00fcn oldu\u011fu gibi bundan sonra da s\u00fcrd\u00fcrece\u011fiz&#8221; dedi.<\/p>\n<p>Vatanda\u015flar: &#8220;Etkinli\u011fi \u00e7ok be\u011feniyoruz. Her y\u0131l olmas\u0131 \u00e7ok g\u00fczel&#8221;<\/p>\n<p>Festivale kat\u0131lan vatanda\u015flar da g\u00fcn boyu b\u00fcy\u00fck co\u015fku ya\u015fad\u0131. Duygular\u0131n\u0131 ifade eden G\u00fclay Y\u00fcksel, &#8220;Bizim i\u00e7in e\u011flenceli bir alan. Hem kay\u0131s\u0131m\u0131z\u0131n tan\u0131t\u0131m\u0131 hem halk i\u00e7in sosyal bir etkinlik oluyor, hem de Mut i\u00e7in ekonomik anlamda gelir kayna\u011f\u0131 oluyor. Etkinli\u011fi \u00e7ok be\u011feniyoruz. Her y\u0131l olmas\u0131 \u00e7ok g\u00fczel&#8221; diye belirtti.<\/p>\n<p>Emine Zengin ise kay\u0131s\u0131 yeti\u015ftirdiklerini s\u00f6yleyerek, &#8220;Festival \u00e7ok iyi, memleketimizde olmas\u0131 gururland\u0131r\u0131c\u0131 bir \u015fey. Geliyoruz her zaman&#8221; ifadelerini kulland\u0131.<\/p>\n<p>Ba\u015fkan Se\u00e7er Mut d\u00f6n\u00fc\u015f\u00fcnde Karg\u0131cak ve Orta\u00f6ren yolunda esnaf ve vatanda\u015fla selamla\u015f\u0131p, esnafa &#8216;Hay\u0131rl\u0131 i\u015fler&#8217; diledi.<\/p>\n","protected":false},"excerpt":{"rendered":"<p>Mersin B\u00fcy\u00fck\u015fehir Belediye Ba\u015fkan\u0131 Vahap Se\u00e7er, Mut&#8217;ta her y\u0131l geleneksel olarak d\u00fczenlenen &#8216;Mut Karacao\u011flan Kay\u0131s\u0131 K\u00fclt\u00fcr ve Sanat Festivali&#8217;nin a\u00e7\u0131l\u0131\u015f\u0131na kat\u0131larak vatanda\u015flarla bir araya geldi. B\u00fcy\u00fck co\u015fkuyla kar\u015f\u0131lanan Ba\u015fkan Se\u00e7er, &hellip; <a href=\"https:\/\/akdenizolaygazetesi.com\/?p=19090\" class=\"more-link\">Devam\u0131n\u0131 Oku&#8230;<\/a><\/p>\n","protected":false},"author":2,"featured_media":19091,"comment_status":"open","ping_status":"open","sticky":false,"template":"","format":"standard","meta":[],"categories":[1,2,3,5],"tags":[],"_links":{"self":[{"href":"https:\/\/akdenizolaygazetesi.com\/index.php?rest_route=\/wp\/v2\/posts\/19090"}],"collection":[{"href":"https:\/\/akdenizolaygazetesi.com\/index.php?rest_route=\/wp\/v2\/posts"}],"about":[{"href":"https:\/\/akdenizolaygazetesi.com\/index.php?rest_route=\/wp\/v2\/types\/post"}],"author":[{"embeddable":true,"href":"https:\/\/akdenizolaygazetesi.com\/index.php?rest_route=\/wp\/v2\/users\/2"}],"replies":[{"embeddable":true,"href":"https:\/\/akdenizolaygazetesi.com\/index.php?rest_route=%2Fwp%2Fv2%2Fcomments&post=19090"}],"version-history":[{"count":1,"href":"https:\/\/akdenizolaygazetesi.com\/index.php?rest_route=\/wp\/v2\/posts\/19090\/revisions"}],"predecessor-version":[{"id":19092,"href":"https:\/\/akdenizolaygazetesi.com\/index.php?rest_route=\/wp\/v2\/posts\/19090\/revisions\/19092"}],"wp:featuredmedia":[{"embeddable":true,"href":"https:\/\/akdenizolaygazetesi.com\/index.php?rest_route=\/wp\/v2\/media\/19091"}],"wp:attachment":[{"href":"https:\/\/akdenizolaygazetesi.com\/index.php?rest_route=%2Fwp%2Fv2%2Fmedia&parent=19090"}],"wp:term":[{"taxonomy":"category","embeddable":true,"href":"https:\/\/akdenizolaygazetesi.com\/index.php?rest_route=%2Fwp%2Fv2%2Fcategories&post=19090"},{"taxonomy":"post_tag","embeddable":true,"href":"https:\/\/akdenizolaygazetesi.com\/index.php?rest_route=%2Fwp%2Fv2%2Ftags&post=19090"}],"curies":[{"name":"wp","href":"https:\/\/api.w.org\/{rel}","templated":true}]}}