{"id":19097,"date":"2022-06-05T10:03:18","date_gmt":"2022-06-05T07:03:18","guid":{"rendered":"http:\/\/akdenizolaygazetesi.com\/?p=19097"},"modified":"2022-06-05T10:03:18","modified_gmt":"2022-06-05T07:03:18","slug":"buyuksehirin-yeni-projesi-bugday-cesitlerinin-yayginlastirilmasi-ve-dagitimi-projesi","status":"publish","type":"post","link":"https:\/\/akdenizolaygazetesi.com\/?p=19097","title":{"rendered":"B\u00dcY\u00dcK\u015eEH\u0130R&#8217;\u0130N YEN\u0130 PROJES\u0130: &#8220;BU\u011eDAY \u00c7E\u015e\u0130TLER\u0130N\u0130N YAYGINLA\u015eTIRILMASI VE DA\u011eITIMI PROJES\u0130&#8221;"},"content":{"rendered":"<p>Mersin B\u00fcy\u00fck\u015fehir Belediye Ba\u015fkan\u0131 Vahap Se\u00e7er&#8217;in \u00f6nc\u00fcl\u00fc\u011f\u00fcnde tar\u0131m ve hayvanc\u0131l\u0131k destekleri aral\u0131ks\u0131z s\u00fcr\u00fcyor. B\u00fcy\u00fck\u015fehir Belediyesi Tar\u0131msal ve Veteriner Hizmetleri Dairesi, Mersin genelinde bu\u011fday \u00fcretimini yayg\u0131nla\u015ft\u0131rmak, ya\u015fanan iklim de\u011fi\u015fikli\u011fi sebebiyle kurakl\u0131\u011fa dayan\u0131kl\u0131 ve birim alandan daha fazla verim al\u0131nabilecek ekmeklik bu\u011fday tohumu \u00e7e\u015fidini vatanda\u015flara ula\u015ft\u0131rmak amac\u0131yla &#8216;Bu\u011fday \u00c7e\u015fitlerinin Yayg\u0131nla\u015ft\u0131r\u0131lmas\u0131 ve Da\u011f\u0131t\u0131m\u0131 Projesi&#8217;ni hayata ge\u00e7irdi. Proje kapsam\u0131nda \u00fcreticilerin tohum girdi maliyetleri Mersin B\u00fcy\u00fck\u015fehir Belediyesi taraf\u0131ndan kar\u015f\u0131lan\u0131yor.<\/p>\n<p>100 \u00fcretici faydalan\u0131yor<\/p>\n<p>Proje kapsam\u0131nda Tarsus&#8217;ta 23, G\u00fclnar&#8217;da 22, Mut&#8217;ta 35, Silifke&#8217;de 19 ve Yeni\u015fehir il\u00e7esinde 1 olmak \u00fczere 5 il\u00e7edeki toplam 100 \u00fcreticiye ekmeklik \u00e7e\u015fidi bu\u011fday tohumu da\u011f\u0131t\u0131m\u0131 yap\u0131ld\u0131. Her \u00fcreticiye 2 dekarl\u0131k alanda kullan\u0131lmas\u0131 i\u00e7in 50&#8217;\u015fer kilodan toplam 5 bin kilogram tohum verildi. Projeden faydalanan ve tohumlar\u0131 toprakla bulu\u015fturan Tarsus&#8217;a ba\u011fl\u0131 Sa\u011fl\u0131kl\u0131 Mahallesi&#8217;nden \u00fcreticiler, projeden ve hasat \u00f6ncesi \u00fcr\u00fcn geli\u015fiminden duyduklar\u0131 memnuniyetleri dile getirdi.<\/p>\n<p>Kuru tar\u0131ma elveri\u015fli ve kurakl\u0131\u011fa dayan\u0131kl\u0131<\/p>\n<p>Mersin B\u00fcy\u00fck\u015fehir Belediyesi Tar\u0131msal ve Veteriner Hizmetleri Dairesi&#8217;nde ziraat teknikeri olarak g\u00f6rev yapan Ali Karak\u0131\u015f, projenin detaylar\u0131n\u0131 anlatarak, &#8220;Vermi\u015f oldu\u011fumuz bu\u011fdaylarla birlikte her \u00fcretici i\u00e7in 2&#8217;\u015fer dekar alan olmak \u00fczere toplam 200 dekar alanda bu\u011fday \u00fcretimi yap\u0131yorlar. Vermi\u015f oldu\u011fumuz bu\u011fday \u00e7e\u015fidinin \u00f6zelliklerinden biri kuru tar\u0131ma elveri\u015fli ve kurakl\u0131\u011fa dayan\u0131kl\u0131 olmas\u0131. \u00dcreticilerimizin alternatif bu\u011fday \u00e7e\u015fidi olarak ekmelerini sa\u011flam\u0131\u015f olduk&#8221; dedi.<\/p>\n<p>\u00dcreticilerin bir \u00f6nceki d\u00f6nem ektikleri bu\u011fdaya nazaran daha verimli oldu\u011funu belirttiklerini ifade eden Karak\u0131\u015f, &#8220;Ge\u00e7en seneye nazaran daha verimli bir \u015fekilde ilerlediklerini s\u00f6yl\u00fcyorlar. Biz de hasat ve harman i\u015flemlerinden sonra al\u0131nan veriler do\u011frultusunda bu\u011fday \u00e7e\u015fitlili\u011finin olumlu ya da olumsuz y\u00f6nlerini \u00e7\u0131kar\u0131p, \u00fcreticilerimize \u00f6nerilerde bulunaca\u011f\u0131z&#8221; diye konu\u015ftu.<\/p>\n<p>&#8220;Ba\u015fkan\u0131m\u0131z \u00fcreticilerin her zaman yan\u0131nda oldu\u011funu bir kez daha kan\u0131tlad\u0131&#8221;<\/p>\n<p>Sa\u011fl\u0131kl\u0131 Mahallesi Muhtar\u0131 Yasin Kahraman, B\u00fcy\u00fck\u015fehir&#8217;in destek projelerinden memnun olduklar\u0131n\u0131 kaydederek, &#8220;\u0130ncir, zeytin projesinden sonra \u015fimdi de bu\u011fday da\u011f\u0131t\u0131m\u0131 projesinde \u00fcretim sahas\u0131nday\u0131z. \u015eu an itibariyle hasat mevsimini bekliyoruz. Hasat mevsimi de verimli ge\u00e7erse bundan sonraki projelerde de talepte bulunaca\u011f\u0131z elbette ki. Bizim i\u00e7in burada \u00fcreticilerin memnuniyeti \u00f6nemli. Buradan Belediye Ba\u015fkan\u0131ma ayr\u0131ca te\u015fekk\u00fcr ediyorum. \u00dcretici ve \u00e7ift\u00e7ilerin her zaman yan\u0131nda oldu\u011funu bir kez daha kan\u0131tlad\u0131&#8221; ifadelerini kulland\u0131.<\/p>\n<p>&#8220;1975&#8217;den beri ilk defa b\u00f6yle destekleme g\u00f6rd\u00fck&#8221;<\/p>\n<p>Bu\u011fday \u00fcreticisi \u0130smet Menemen ise 1975 y\u0131l\u0131ndan bu yana \u00e7ift\u00e7ilikle u\u011fra\u015ft\u0131\u011f\u0131n\u0131 ve ilk kez b\u00f6yle bir destek ald\u0131\u011f\u0131n\u0131 ifade ederek, &#8220;Belediyenin verdi\u011fine g\u00f6re bu sene Allah izin verirse bu\u011fday iyi olur. 1975&#8217;den beri kay\u0131tl\u0131y\u0131m \u00e7ift\u00e7ili\u011fe. 1975&#8217;den beri ilk defa b\u00f6yle destekleme g\u00f6rd\u00fck yani \u00fcretici olarak&#8221; dedi.<\/p>\n<p>Sa\u011fl\u0131kl\u0131 Mahallesi&#8217;nden bir ba\u015fka \u00fcretici Fazl\u0131 T\u00fcter ise &#8220;B\u00fcy\u00fck\u015fehir Belediyesi&#8217;nin da\u011f\u0131tm\u0131\u015f oldu\u011fu bu\u011fday\u0131 tarlam\u0131za ektik. Tarlam\u0131z 7 d\u00f6n\u00fcm, 4 ki\u015fi ektik buray\u0131. 50&#8217;\u015fer kiloydu. Verimi baya\u011f\u0131 g\u00fczel g\u00f6z\u00fck\u00fcyor \u015fu an. Belediye Ba\u015fkan\u0131m\u0131z\u0131n yapm\u0131\u015f oldu\u011fu desteklerden dolay\u0131 \u00e7ok te\u015fekk\u00fcr ediyoruz kendisine&#8221; diye konu\u015ftu.<\/p>\n","protected":false},"excerpt":{"rendered":"<p>Mersin B\u00fcy\u00fck\u015fehir Belediye Ba\u015fkan\u0131 Vahap Se\u00e7er&#8217;in \u00f6nc\u00fcl\u00fc\u011f\u00fcnde tar\u0131m ve hayvanc\u0131l\u0131k destekleri aral\u0131ks\u0131z s\u00fcr\u00fcyor. B\u00fcy\u00fck\u015fehir Belediyesi Tar\u0131msal ve Veteriner Hizmetleri Dairesi, Mersin genelinde bu\u011fday \u00fcretimini yayg\u0131nla\u015ft\u0131rmak, ya\u015fanan iklim de\u011fi\u015fikli\u011fi sebebiyle kurakl\u0131\u011fa &hellip; <a href=\"https:\/\/akdenizolaygazetesi.com\/?p=19097\" class=\"more-link\">Devam\u0131n\u0131 Oku&#8230;<\/a><\/p>\n","protected":false},"author":2,"featured_media":19098,"comment_status":"open","ping_status":"open","sticky":false,"template":"","format":"standard","meta":[],"categories":[8,2,3,5],"tags":[],"_links":{"self":[{"href":"https:\/\/akdenizolaygazetesi.com\/index.php?rest_route=\/wp\/v2\/posts\/19097"}],"collection":[{"href":"https:\/\/akdenizolaygazetesi.com\/index.php?rest_route=\/wp\/v2\/posts"}],"about":[{"href":"https:\/\/akdenizolaygazetesi.com\/index.php?rest_route=\/wp\/v2\/types\/post"}],"author":[{"embeddable":true,"href":"https:\/\/akdenizolaygazetesi.com\/index.php?rest_route=\/wp\/v2\/users\/2"}],"replies":[{"embeddable":true,"href":"https:\/\/akdenizolaygazetesi.com\/index.php?rest_route=%2Fwp%2Fv2%2Fcomments&post=19097"}],"version-history":[{"count":1,"href":"https:\/\/akdenizolaygazetesi.com\/index.php?rest_route=\/wp\/v2\/posts\/19097\/revisions"}],"predecessor-version":[{"id":19099,"href":"https:\/\/akdenizolaygazetesi.com\/index.php?rest_route=\/wp\/v2\/posts\/19097\/revisions\/19099"}],"wp:featuredmedia":[{"embeddable":true,"href":"https:\/\/akdenizolaygazetesi.com\/index.php?rest_route=\/wp\/v2\/media\/19098"}],"wp:attachment":[{"href":"https:\/\/akdenizolaygazetesi.com\/index.php?rest_route=%2Fwp%2Fv2%2Fmedia&parent=19097"}],"wp:term":[{"taxonomy":"category","embeddable":true,"href":"https:\/\/akdenizolaygazetesi.com\/index.php?rest_route=%2Fwp%2Fv2%2Fcategories&post=19097"},{"taxonomy":"post_tag","embeddable":true,"href":"https:\/\/akdenizolaygazetesi.com\/index.php?rest_route=%2Fwp%2Fv2%2Ftags&post=19097"}],"curies":[{"name":"wp","href":"https:\/\/api.w.org\/{rel}","templated":true}]}}