{"id":1910,"date":"2020-11-04T18:22:27","date_gmt":"2020-11-04T15:22:27","guid":{"rendered":"http:\/\/mersinekonomipolitikagazetesi.com\/?p=1910"},"modified":"2020-11-04T18:22:27","modified_gmt":"2020-11-04T15:22:27","slug":"tacizcinin-savunmasi-sok-etti","status":"publish","type":"post","link":"https:\/\/akdenizolaygazetesi.com\/?p=1910","title":{"rendered":"Tacizcinin savunmas\u0131 \u015fok etti"},"content":{"rendered":"<p>Mersin&#8217;de giyim ma\u011fazas\u0131nda bir gen\u00e7 k\u0131za tacizde bulundu\u011fu iddia edilen S.A., yarg\u0131land\u0131\u011f\u0131 mahkemedeki savunmas\u0131yla herkesi \u015fa\u015fk\u0131na \u00e7evirdi. S.A., &#8220;Ben ni\u015fanl\u0131mla bulu\u015fmak i\u00e7in ma\u011fazaya gittim. Sarho\u015ftum ne yapt\u0131\u011f\u0131m\u0131 bilmiyordum. G\u00fcvenlik g\u00f6revlileri de sarho\u015f oldu\u011fumu biliyorlard\u0131 ama bana m\u00fcdahale etmediler&#8221; dedi.<\/p>\n<p><span style=\"font-size:16px;\"><span style=\"font-family: sans-serif; line-height: 20px; text-align: justify; background-color: rgb(242, 244, 245);\">Edinilen bilgiye g\u00f6re, 20 Temmuz 2017&#8217;de Mersin&#8217;de bir ma\u011fazada al\u0131\u015fveri\u015f yapan gen\u00e7 bir k\u0131z, elbise bakt\u0131\u011f\u0131 s\u0131rada tacize u\u011frad\u0131. Bunun \u00fczerine adam\u0131n \u00fczerine y\u00fcr\u00fcyen gen\u00e7 k\u0131z ve \u00e7evredeki kad\u0131nlar, \u015fah\u0131stan \u015fikayet\u00e7i oldu. G\u00f6zalt\u0131na al\u0131nan S.A. adli kontrol \u015fart\u0131yla serbest b\u0131rak\u0131ld\u0131. Olay g\u00fcvenlik kameralar\u0131 taraf\u0131ndan da saniye saniye g\u00f6r\u00fcnt\u00fclendi.\u00a0<\/span><br style=\"box-sizing: border-box; font-family: sans-serif; font-size: 14px; line-height: 20px; text-align: justify; background-color: rgb(242, 244, 245);\" \/><br \/>\n<br style=\"box-sizing: border-box; font-family: sans-serif; font-size: 14px; line-height: 20px; text-align: justify; background-color: rgb(242, 244, 245);\" \/><br \/>\n<span style=\"font-family: sans-serif; line-height: 20px; text-align: justify; background-color: rgb(242, 244, 245);\">&#8220;Sarho\u015ftum g\u00fcvenlik g\u00f6revlileri bana m\u00fcdahale etmedi&#8221;\u00a0<\/span><br style=\"box-sizing: border-box; font-family: sans-serif; font-size: 14px; line-height: 20px; text-align: justify; background-color: rgb(242, 244, 245);\" \/><br \/>\n<span style=\"font-family: sans-serif; line-height: 20px; text-align: justify; background-color: rgb(242, 244, 245);\">Bug\u00fcn olayla ilgili davan\u0131n ilk duru\u015fmas\u0131 yap\u0131ld\u0131. 7. Asliye Ceza Mahkemesi&#8217;nde g\u00f6r\u00fclen duru\u015fmada san\u0131k S.A. ile gen\u00e7 k\u0131z\u0131n avukat\u0131 haz\u0131r bulundu. Mahkemede savunma yapan S.A., s\u00f6yledikleriyle herkesi \u015fa\u015fk\u0131na \u00e7evirdi. S.A., &#8220;Ne yapt\u0131\u011f\u0131m\u0131 bilmiyordum, ben al\u0131\u015fveri\u015f merkezine ni\u015fanl\u0131mla bulu\u015fmak i\u00e7in gitmi\u015ftim. Sarho\u015f oldu\u011fum i\u00e7in de ne yapt\u0131\u011f\u0131m\u0131 hat\u0131rlam\u0131yorum. Ayr\u0131ca g\u00fcvenlik g\u00f6revlileri benim sarho\u015f oldu\u011fumu g\u00f6rm\u00fc\u015fler bana m\u00fcdahale etmemi\u015fler. Asl\u0131nda beni durdurabilirlerdi zaten ben kendime geldi\u011fimde karakoldayd\u0131m, karakoldakiler de &#8216;kendine geldin mi&#8217; diye sordular. Ben de az biraz kendime gelmi\u015ftim. Beraatimi isterim, su\u00e7lar\u0131m\u0131 kabul etmiyorum&#8221; diye konu\u015ftu.\u00a0<\/span><br style=\"box-sizing: border-box; font-family: sans-serif; font-size: 14px; line-height: 20px; text-align: justify; background-color: rgb(242, 244, 245);\" \/><br \/>\n<span style=\"font-family: sans-serif; line-height: 20px; text-align: justify; background-color: rgb(242, 244, 245);\">Gen\u00e7 k\u0131z\u0131n avukat\u0131 ise i\u015flenen su\u00e7un ortada oldu\u011funu, \u015fahs\u0131n gereken cezay\u0131 almas\u0131n\u0131 talep etti.\u00a0<\/span><br style=\"box-sizing: border-box; font-family: sans-serif; font-size: 14px; line-height: 20px; text-align: justify; background-color: rgb(242, 244, 245);\" \/><br \/>\n<span style=\"font-family: sans-serif; line-height: 20px; text-align: justify; background-color: rgb(242, 244, 245);\">Mahkeme heyeti, dosyadaki eksikliklerin giderilmesi i\u00e7in duru\u015fmay\u0131 3 Temmuz 2018 tarihine erteledi.<\/span><\/span><\/p>\n","protected":false},"excerpt":{"rendered":"<p>Mersin&#8217;de giyim ma\u011fazas\u0131nda bir gen\u00e7 k\u0131za tacizde bulundu\u011fu iddia edilen S.A., yarg\u0131land\u0131\u011f\u0131 mahkemedeki savunmas\u0131yla herkesi \u015fa\u015fk\u0131na \u00e7evirdi. S.A., &#8220;Ben ni\u015fanl\u0131mla bulu\u015fmak i\u00e7in ma\u011fazaya gittim. Sarho\u015ftum ne yapt\u0131\u011f\u0131m\u0131 bilmiyordum. G\u00fcvenlik g\u00f6revlileri &hellip; <a href=\"https:\/\/akdenizolaygazetesi.com\/?p=1910\" class=\"more-link\">Devam\u0131n\u0131 Oku&#8230;<\/a><\/p>\n","protected":false},"author":1,"featured_media":0,"comment_status":"open","ping_status":"open","sticky":false,"template":"","format":"standard","meta":[],"categories":[],"tags":[],"_links":{"self":[{"href":"https:\/\/akdenizolaygazetesi.com\/index.php?rest_route=\/wp\/v2\/posts\/1910"}],"collection":[{"href":"https:\/\/akdenizolaygazetesi.com\/index.php?rest_route=\/wp\/v2\/posts"}],"about":[{"href":"https:\/\/akdenizolaygazetesi.com\/index.php?rest_route=\/wp\/v2\/types\/post"}],"author":[{"embeddable":true,"href":"https:\/\/akdenizolaygazetesi.com\/index.php?rest_route=\/wp\/v2\/users\/1"}],"replies":[{"embeddable":true,"href":"https:\/\/akdenizolaygazetesi.com\/index.php?rest_route=%2Fwp%2Fv2%2Fcomments&post=1910"}],"version-history":[{"count":0,"href":"https:\/\/akdenizolaygazetesi.com\/index.php?rest_route=\/wp\/v2\/posts\/1910\/revisions"}],"wp:attachment":[{"href":"https:\/\/akdenizolaygazetesi.com\/index.php?rest_route=%2Fwp%2Fv2%2Fmedia&parent=1910"}],"wp:term":[{"taxonomy":"category","embeddable":true,"href":"https:\/\/akdenizolaygazetesi.com\/index.php?rest_route=%2Fwp%2Fv2%2Fcategories&post=1910"},{"taxonomy":"post_tag","embeddable":true,"href":"https:\/\/akdenizolaygazetesi.com\/index.php?rest_route=%2Fwp%2Fv2%2Ftags&post=1910"}],"curies":[{"name":"wp","href":"https:\/\/api.w.org\/{rel}","templated":true}]}}