{"id":19106,"date":"2022-06-06T12:39:15","date_gmt":"2022-06-06T09:39:15","guid":{"rendered":"http:\/\/akdenizolaygazetesi.com\/?p=19106"},"modified":"2022-06-06T12:39:15","modified_gmt":"2022-06-06T09:39:15","slug":"okul-onlerinde-bekleyen-ailelere-buyuksehir-su-ikram-etti","status":"publish","type":"post","link":"https:\/\/akdenizolaygazetesi.com\/?p=19106","title":{"rendered":"OKUL \u00d6NLER\u0130NDE BEKLEYEN A\u0130LELERE B\u00dcY\u00dcK\u015eEH\u0130R SU \u0130KRAM ETT\u0130"},"content":{"rendered":"<p>Mersin B\u00fcy\u00fck\u015fehir Belediyesi Sosyal Hizmetler Dairesi, \u00f6\u011frencilerin ve ailelerin s\u0131nav heyecan\u0131na ortak oldu. Okul \u00f6nlerinde stant kuran B\u00fcy\u00fck\u015fehir ekipleri, s\u0131nava giren \u00f6\u011frencilere ve s\u0131nav esnas\u0131nda \u00e7ocuklar\u0131n bekleyen ailelere su ikram etti.<br \/>\n&#8220;9 farkl\u0131 e\u011fitim kurumumuzda 573 \u00f6\u011frencimiz de bug\u00fcnk\u00fc s\u0131nava haz\u0131rland\u0131&#8221;<br \/>\nMersin&#8217;de s\u0131cak havalar\u0131n etkisini g\u00f6stermesiyle birlikte s\u0131nav esnas\u0131nda \u00e7ocuklar\u0131n\u0131 g\u00f6lgelik alanlarda beklemeye ba\u015flayan aileler B\u00fcy\u00fck\u015fehir&#8217;in su ikram\u0131ndan memnun kald\u0131.<br \/>\nE\u011fitim Hizmetleri \u015eube M\u00fcd\u00fcr\u00fc Cem Karaku\u015f, Mezitli Merkez Ortaokulu \u00f6n\u00fcndeki su da\u011f\u0131t\u0131m\u0131nda yer alarak \u015funlar\u0131 s\u00f6yledi; &#8220;Sosyal Hizmetler Dairesi Ba\u015fkanl\u0131\u011f\u0131m\u0131za ba\u011fl\u0131 E\u011fitim Hizmetleri \u015eube M\u00fcd\u00fcrl\u00fc\u011f\u00fc olarak bug\u00fcn t\u00fcm il\u00e7elerimizde belirledi\u011fimiz okullarda LGS&#8217;ye girecek \u00f6\u011frencilerimize ve velilerimize su ikram\u0131nda bulunuyoruz. Bizler de bug\u00fcn velilerimizle beraber ayn\u0131 heyecan\u0131 ya\u015f\u0131yoruz. \u00c7\u00fcnk\u00fc 1 y\u0131ld\u0131r 7 il\u00e7emizde 9 farkl\u0131 e\u011fitim kurumumuzda 573 \u00f6\u011frencimiz de bug\u00fcnk\u00fc s\u0131nava haz\u0131rland\u0131. 1 y\u0131l iyi bir s\u00fcre\u00e7 ya\u015fad\u0131\u011f\u0131m\u0131z\u0131 d\u00fc\u015f\u00fcn\u00fcyoruz. \u00d6\u011frencilerimize hem duyu\u015fsal alanda hem bili\u015fsel alanda s\u0131navlara haz\u0131rlad\u0131k. S\u0131navdan sonra da umut etti\u011fimiz g\u00fczel ba\u015far\u0131lar\u0131 elde edece\u011fimize inan\u0131yoruz.&#8221;<\/p>\n","protected":false},"excerpt":{"rendered":"<p>Mersin B\u00fcy\u00fck\u015fehir Belediyesi Sosyal Hizmetler Dairesi, \u00f6\u011frencilerin ve ailelerin s\u0131nav heyecan\u0131na ortak oldu. Okul \u00f6nlerinde stant kuran B\u00fcy\u00fck\u015fehir ekipleri, s\u0131nava giren \u00f6\u011frencilere ve s\u0131nav esnas\u0131nda \u00e7ocuklar\u0131n bekleyen ailelere su ikram &hellip; <a href=\"https:\/\/akdenizolaygazetesi.com\/?p=19106\" class=\"more-link\">Devam\u0131n\u0131 Oku&#8230;<\/a><\/p>\n","protected":false},"author":2,"featured_media":19107,"comment_status":"open","ping_status":"open","sticky":false,"template":"","format":"standard","meta":[],"categories":[3],"tags":[],"_links":{"self":[{"href":"https:\/\/akdenizolaygazetesi.com\/index.php?rest_route=\/wp\/v2\/posts\/19106"}],"collection":[{"href":"https:\/\/akdenizolaygazetesi.com\/index.php?rest_route=\/wp\/v2\/posts"}],"about":[{"href":"https:\/\/akdenizolaygazetesi.com\/index.php?rest_route=\/wp\/v2\/types\/post"}],"author":[{"embeddable":true,"href":"https:\/\/akdenizolaygazetesi.com\/index.php?rest_route=\/wp\/v2\/users\/2"}],"replies":[{"embeddable":true,"href":"https:\/\/akdenizolaygazetesi.com\/index.php?rest_route=%2Fwp%2Fv2%2Fcomments&post=19106"}],"version-history":[{"count":1,"href":"https:\/\/akdenizolaygazetesi.com\/index.php?rest_route=\/wp\/v2\/posts\/19106\/revisions"}],"predecessor-version":[{"id":19108,"href":"https:\/\/akdenizolaygazetesi.com\/index.php?rest_route=\/wp\/v2\/posts\/19106\/revisions\/19108"}],"wp:featuredmedia":[{"embeddable":true,"href":"https:\/\/akdenizolaygazetesi.com\/index.php?rest_route=\/wp\/v2\/media\/19107"}],"wp:attachment":[{"href":"https:\/\/akdenizolaygazetesi.com\/index.php?rest_route=%2Fwp%2Fv2%2Fmedia&parent=19106"}],"wp:term":[{"taxonomy":"category","embeddable":true,"href":"https:\/\/akdenizolaygazetesi.com\/index.php?rest_route=%2Fwp%2Fv2%2Fcategories&post=19106"},{"taxonomy":"post_tag","embeddable":true,"href":"https:\/\/akdenizolaygazetesi.com\/index.php?rest_route=%2Fwp%2Fv2%2Ftags&post=19106"}],"curies":[{"name":"wp","href":"https:\/\/api.w.org\/{rel}","templated":true}]}}