{"id":19109,"date":"2022-06-06T12:40:45","date_gmt":"2022-06-06T09:40:45","guid":{"rendered":"http:\/\/akdenizolaygazetesi.com\/?p=19109"},"modified":"2022-06-06T12:40:45","modified_gmt":"2022-06-06T09:40:45","slug":"mersin-buyuksehir-belediyesi-ve-mersinden-kadin-kooperatifinin-ilk-ornek-koy-projesi-ismail-kucukkayanin-ilgi-odagi-oldu","status":"publish","type":"post","link":"https:\/\/akdenizolaygazetesi.com\/?p=19109","title":{"rendered":"MERS\u0130N B\u00dcY\u00dcK\u015eEH\u0130R BELED\u0130YES\u0130 VE MERS\u0130NDEN KADIN KOOPERAT\u0130F\u0130&#8217;N\u0130N \u0130LK \u00d6RNEK K\u00d6Y PROJES\u0130, \u0130SMA\u0130L K\u00dc\u00c7\u00dcKKAYA&#8217;NIN \u0130LG\u0130 ODA\u011eI OLDU"},"content":{"rendered":"<p>Mersin B\u00fcy\u00fck\u015fehir Belediyesi ve Mersinden Kad\u0131n Kooperatifi&#8217;nin ilk \u00f6rnek k\u00f6y projesi olan &#8220;Dar\u0131sekisi \u00d6rnek K\u00f6y Projesi&#8221; kapsam\u0131nda kurulan Y\u00f6r\u00fck K\u00f6y\u00fc, FOX TV&#8217;de &#8216;\u00c7alar Saat&#8217; program\u0131n\u0131n sunucusu ve gazeteci \u0130smail K\u00fc\u00e7\u00fckkaya&#8217;y\u0131 a\u011f\u0131rlad\u0131.<br \/>\nDar\u0131sekisi, Mersin&#8217;in \u00d6rnek K\u00f6y\u00fc oldu<br \/>\nY\u00f6r\u00fcklerin yo\u011fun olarak ya\u015fad\u0131\u011f\u0131 Toroslar&#8217;\u0131n eteklerindeki Dar\u0131sekisi Mahallesi&#8217;nde k\u00f6y k\u00fclt\u00fcr\u00fcn\u00fc canland\u0131rmak ve kad\u0131nlara istihdam sa\u011flamak amac\u0131yla hayata ge\u00e7irilen proje Mersin&#8217;de \u00f6rnek oldu. G\u00f6zne yolu \u00fczerinde yer alan ve civar k\u00f6ylerin merkezi konumunda bulunan Dar\u0131sekisi&#8217;nde bir Y\u00f6r\u00fck K\u00f6y\u00fc kuruldu. Dar\u0131sekisi&#8217;ndeki \u00d6rnek K\u00f6y&#8217;de kurulan k\u00f6y meydan\u0131, \u00fcretim alanlar\u0131 ve sabit sat\u0131\u015f stantlar\u0131n\u0131n yan\u0131 s\u0131ra, Ortanca Sokak ziyaret\u00e7ilerin ilgi oda\u011f\u0131 oldu. Proje kapsam\u0131nda afetzedelerin ya\u015fad\u0131\u011f\u0131 sokakta 13 ev onar\u0131l\u0131p rengarenk bir hale getirildi.<br \/>\nDar\u0131sekisi&#8217;ndeki ilk \u00d6rnek K\u00f6y&#8217;\u00fcn a\u00e7\u0131l\u0131\u015f\u0131 24-25 May\u0131s tarihlerinde &#8220;Y\u00f6r\u00fck K\u00fclt\u00fcr\u00fc ve Gastronomi G\u00fcnleri&#8221;yle yap\u0131lm\u0131\u015ft\u0131. Mersin B\u00fcy\u00fck\u015fehir Belediye Ba\u015fkan\u0131 Vahap Se\u00e7er, Dar\u0131sekisi&#8217;ndeki \u00d6rnek K\u00f6y&#8217;\u00fc milyonlarca liral\u0131k yat\u0131r\u0131m\u0131n daha \u00f6tesinde bir \u00e7al\u0131\u015fma olarak g\u00f6rd\u00fc\u011f\u00fcn\u00fc vurgularken, Mersinden Kad\u0131n Kooperatifi Ba\u015fkan\u0131 Meral Se\u00e7er ise kooperatif olarak daha \u00e7ok \u00fcretim a\u015famas\u0131nda yer alacaklar\u0131n\u0131 s\u00f6yledi.<br \/>\n\u0130smail K\u00fc\u00e7\u00fckkaya sordu, Meral Se\u00e7er Dar\u0131sekisi&#8217;ndeki \u00d6rnek K\u00f6y&#8217;\u00fc anlatt\u0131<br \/>\nMersin&#8217;e gelen FOX TV&#8217;nin sevilen ismi \u0130smail K\u00fc\u00e7\u00fckkaya, Mersinden Kad\u0131n Kooperatifi Ba\u015fkan\u0131 Meral Se\u00e7er&#8217;in ev sahipli\u011finde Dar\u0131sekisi&#8217;ndeki \u00d6rnek K\u00f6y&#8217;\u00fc ziyaret etti. Gezi s\u0131ras\u0131nda Meral Se\u00e7er&#8217;le sohbet eden K\u00fc\u00e7\u00fckkaya, &#8220;Meral Han\u0131m, \u015fimdi biz Dar\u0131sekisi K\u00f6y\u00fc&#8217;ndeyiz. \u00d6rnek bir k\u00f6y. \u00d6b\u00fcr taraf da \u00e7ok g\u00fczel, \u00e7ok ho\u015f bir yer olmu\u015f. Bu tarafta da kad\u0131nlar \u00fcretim yap\u0131yorlar. Siz kad\u0131n kooperatifi olarak destek veriyorsunuz de\u011fil mi?&#8221; diye sordu.<br \/>\n\u0130smail K\u00fc\u00e7\u00fckkaya&#8217;ya yap\u0131lan \u00e7al\u0131\u015fmayla ilgili bilgi veren Meral Se\u00e7er ise \u015funlar\u0131 s\u00f6yledi; &#8220;Buras\u0131 Mersin B\u00fcy\u00fck\u015fehir Belediyesi ve Mersinden Kad\u0131n Kooperatifi i\u015fbirli\u011fiyle yap\u0131lm\u0131\u015f ilk \u00f6rnek k\u00f6y. Mersin B\u00fcy\u00fck\u015fehir Belediyesi buran\u0131n at\u00f6lyelerini ve \u00fcretim alanlar\u0131n\u0131 olu\u015fturdu. Asl\u0131nda Dar\u0131sekisi&#8217;nin lokasyon olarak yayla yolu g\u00fczergah\u0131nda bulunmas\u0131 ve insanlar\u0131n da buraya gelmesinin kolay olmas\u0131ndan dolay\u0131 avantajl\u0131 bir yer. \u015eimdi burada hem y\u00f6resel el i\u015flerinin geli\u015fmesi hem de gelecek nesillere aktar\u0131lmas\u0131 i\u00e7in kurslar ba\u015flat\u0131yoruz.&#8221;<br \/>\nMeral Se\u00e7er, K\u00fc\u00e7\u00fckkaya&#8217;n\u0131n &#8220;Bir \u00e7e\u015fit pilot uygulama gibi mi?&#8221; sorusu \u00fczerine &#8220;Pilot uygulama. Buradan yay\u0131lacak bu&#8221; derken, &#8220;Peki kad\u0131nlar nas\u0131l \u00fcretime dahil oluyor burada?&#8221; sorusunu ise \u015fu \u015fekilde yan\u0131tlad\u0131; &#8220;\u015eimdi buras\u0131 yeni ba\u015flad\u0131. \u00d6rne\u011fin demin konu\u015ftu\u011fumuz G\u00f6zne&#8217;den Hacer Hocam bu kursu burada verecek. Sonra biz bunu kooperatif olarak inovatif \u00fcr\u00fcnler haline \u00e7evirip onlara k\u0131lavuzluk yapaca\u011f\u0131z. Yani \u00fcretimin artmas\u0131 konusunda destek verece\u011fiz.&#8221;<br \/>\nK\u00fc\u00e7\u00fckkaya&#8217;n\u0131n &#8220;\u00dcr\u00fcnlerin sat\u0131lmas\u0131 konusunda bir \u015fey yap\u0131yor muyuz?&#8221; sorusunu da yan\u0131tlayan Meral Se\u00e7er, &#8220;Destek veriyoruz. Sabit stantlar olacak. Asl\u0131nda cazibe merkezi olmas\u0131; burada yap\u0131lan etkinliklerle hem \u015fehir i\u00e7inden hem de \u015fehir d\u0131\u015f\u0131ndan insanlar buraya gelecek. Aktivitelerle bir \u00e7ekim noktas\u0131 olacak. Kad\u0131nlar\u0131m\u0131z da \u00fcr\u00fcnlerini de\u011ferlendirme f\u0131rsat\u0131 bulacak&#8221; ifadelerine yer verdi.<br \/>\n\u00dcretici kad\u0131nlarla K\u00fc\u00e7\u00fckkaya aras\u0131nda keyifli sohbetler ya\u015fand\u0131<br \/>\nOrtanca Sokak&#8217;tan \u00fcretim ve sat\u0131\u015f alanlar\u0131na kadar her noktay\u0131 gezen K\u00fc\u00e7\u00fckkaya, \u00fcretici kad\u0131nlar\u0131n yo\u011fun ilgisiyle kar\u015f\u0131la\u015ft\u0131. Bir \u00fcretici kad\u0131n &#8220;Senin g\u00f6z\u00fcn Atat\u00fcrk&#8217;\u00fcn g\u00f6z\u00fc gibi. Ben Atat\u00fcrk&#8217;\u00fc \u00e7ok severim&#8221; derken, bir ba\u015fkas\u0131 ise &#8220;Nazar de\u011fmesin sana&#8221; diyerek K\u00fc\u00e7\u00fckkaya&#8217;ya nazar boncu\u011fu takt\u0131.<br \/>\n\u00dcretici kad\u0131nlarla s\u0131k s\u0131k sohbet eden K\u00fc\u00e7\u00fckkaya, \u00fcr\u00fcnlerini stantta sat\u0131\u015fa sunan Elife Yetkin&#8217;e &#8220;Burada Y\u00f6r\u00fck k\u00fclt\u00fcr\u00fc var de\u011fil mi?&#8221; diye sordu. Yetkin ise Y\u00f6r\u00fck k\u00fclt\u00fcr\u00fcne ait ya\u011fl\u0131\u011f\u0131 g\u00f6stererek, &#8220;Y\u00f6r\u00fck k\u00fclt\u00fcr\u00fc var. Bu, Y\u00f6r\u00fck k\u00fclt\u00fcr\u00fc. Babaannemden, annemden bize kalan bir dokuma&#8221; dedi.<\/p>\n","protected":false},"excerpt":{"rendered":"<p>Mersin B\u00fcy\u00fck\u015fehir Belediyesi ve Mersinden Kad\u0131n Kooperatifi&#8217;nin ilk \u00f6rnek k\u00f6y projesi olan &#8220;Dar\u0131sekisi \u00d6rnek K\u00f6y Projesi&#8221; kapsam\u0131nda kurulan Y\u00f6r\u00fck K\u00f6y\u00fc, FOX TV&#8217;de &#8216;\u00c7alar Saat&#8217; program\u0131n\u0131n sunucusu ve gazeteci \u0130smail K\u00fc\u00e7\u00fckkaya&#8217;y\u0131 &hellip; <a href=\"https:\/\/akdenizolaygazetesi.com\/?p=19109\" class=\"more-link\">Devam\u0131n\u0131 Oku&#8230;<\/a><\/p>\n","protected":false},"author":2,"featured_media":19110,"comment_status":"open","ping_status":"open","sticky":false,"template":"","format":"standard","meta":[],"categories":[2,3],"tags":[],"_links":{"self":[{"href":"https:\/\/akdenizolaygazetesi.com\/index.php?rest_route=\/wp\/v2\/posts\/19109"}],"collection":[{"href":"https:\/\/akdenizolaygazetesi.com\/index.php?rest_route=\/wp\/v2\/posts"}],"about":[{"href":"https:\/\/akdenizolaygazetesi.com\/index.php?rest_route=\/wp\/v2\/types\/post"}],"author":[{"embeddable":true,"href":"https:\/\/akdenizolaygazetesi.com\/index.php?rest_route=\/wp\/v2\/users\/2"}],"replies":[{"embeddable":true,"href":"https:\/\/akdenizolaygazetesi.com\/index.php?rest_route=%2Fwp%2Fv2%2Fcomments&post=19109"}],"version-history":[{"count":1,"href":"https:\/\/akdenizolaygazetesi.com\/index.php?rest_route=\/wp\/v2\/posts\/19109\/revisions"}],"predecessor-version":[{"id":19111,"href":"https:\/\/akdenizolaygazetesi.com\/index.php?rest_route=\/wp\/v2\/posts\/19109\/revisions\/19111"}],"wp:featuredmedia":[{"embeddable":true,"href":"https:\/\/akdenizolaygazetesi.com\/index.php?rest_route=\/wp\/v2\/media\/19110"}],"wp:attachment":[{"href":"https:\/\/akdenizolaygazetesi.com\/index.php?rest_route=%2Fwp%2Fv2%2Fmedia&parent=19109"}],"wp:term":[{"taxonomy":"category","embeddable":true,"href":"https:\/\/akdenizolaygazetesi.com\/index.php?rest_route=%2Fwp%2Fv2%2Fcategories&post=19109"},{"taxonomy":"post_tag","embeddable":true,"href":"https:\/\/akdenizolaygazetesi.com\/index.php?rest_route=%2Fwp%2Fv2%2Ftags&post=19109"}],"curies":[{"name":"wp","href":"https:\/\/api.w.org\/{rel}","templated":true}]}}