{"id":1911,"date":"2020-11-04T18:22:27","date_gmt":"2020-11-04T15:22:27","guid":{"rendered":"http:\/\/mersinekonomipolitikagazetesi.com\/?p=1911"},"modified":"2020-11-04T18:22:27","modified_gmt":"2020-11-04T15:22:27","slug":"aliyev-95-dogum-yildonumunde-tarsusta-anildi","status":"publish","type":"post","link":"https:\/\/akdenizolaygazetesi.com\/?p=1911","title":{"rendered":"Aliyev, 95. do\u011fum y\u0131ld\u00f6n\u00fcm\u00fcnde Tarsus\u2019ta an\u0131ld\u0131"},"content":{"rendered":"<p>Mersin&#8217;in Tarsus il\u00e7esinde Azerbaycan&#8217;\u0131n kurucu cumhurba\u015fkan\u0131 merhum Haydar Aliyev&#8217;in 95\u2019inci do\u011fum y\u0131l d\u00f6n\u00fcm\u00fc dolay\u0131s\u0131yla anma etkinli\u011fi d\u00fczenlendi.<\/p>\n<p><span style=\"font-size:16px;\"><span style=\"font-family: sans-serif; line-height: 20px; text-align: justify; background-color: rgb(242, 244, 245);\">Tarsus Belediyesi ve Azerbaycan\u2019dan gelen Hatai heyetininin d\u00fczenledi\u011fi etkinlik sayg\u0131 duru\u015fu ve \u0130stiklal Mar\u015f\u0131&#8217;n\u0131n okunmas\u0131yla ba\u015flad\u0131.\u00a0<\/span><br style=\"box-sizing: border-box; font-family: sans-serif; font-size: 14px; line-height: 20px; text-align: justify; background-color: rgb(242, 244, 245);\" \/><br \/>\n<span style=\"font-family: sans-serif; line-height: 20px; text-align: justify; background-color: rgb(242, 244, 245);\">Tarsus Belediye Ba\u015fkan\u0131 \u015eevket Can, yapt\u0131\u011f\u0131 konu\u015fmada, Haydar Aliyev\u2019in &#8220;tek millet, iki devlet&#8221; s\u00f6z\u00fcne vurgu yaparak Azerbaycan ile ilelebet karde\u015f kalacaklar\u0131n\u0131 s\u00f6yledi. Ba\u015fkan Can, &#8220;\u00d6zg\u00fcrl\u00fck ve ba\u011f\u0131ms\u0131zl\u0131k her halk\u0131n servetidir&#8221; diyerek yola \u00e7\u0131kan Haydar Aliyev&#8217;in, g\u00f6rev yapt\u0131\u011f\u0131 s\u00fcre i\u00e7erisinde t\u00fcm T\u00fcrk d\u00fcnyas\u0131n\u0131n sevgisini, sayg\u0131s\u0131n\u0131 kazand\u0131\u011f\u0131n\u0131 ifade etti.\u00a0<\/span><br style=\"box-sizing: border-box; font-family: sans-serif; font-size: 14px; line-height: 20px; text-align: justify; background-color: rgb(242, 244, 245);\" \/><br \/>\n<span style=\"font-family: sans-serif; line-height: 20px; text-align: justify; background-color: rgb(242, 244, 245);\">Azerbaycan\u2019\u0131n Hatai kenti ile 2007 y\u0131l\u0131nda Tarsus Belediyesi aras\u0131nda karde\u015flik protokol\u00fc imzaland\u0131\u011f\u0131n\u0131 2009 y\u0131l\u0131nda da bu karde\u015fli\u011fin an\u0131s\u0131na Hatai Park\u0131&#8217;n\u0131n ard\u0131ndan da hemen yan\u0131nda bulunan Haydar Aliyev K\u00f6pr\u00fcs\u00fcn\u00fc hizmete a\u00e7\u0131ld\u0131\u011f\u0131n\u0131 anlatan Ba\u015fkan Can, Azerbaycan\u2019\u0131n Hatai valisinin ricas\u0131yla park\u0131n ad\u0131n\u0131 Haydar Aliyev Park\u0131 ve an\u0131t\u0131 olarak de\u011fi\u015ftirdiklerini kaydetti.\u00a0<\/span><br style=\"box-sizing: border-box; font-family: sans-serif; font-size: 14px; line-height: 20px; text-align: justify; background-color: rgb(242, 244, 245);\" \/><br \/>\n<span style=\"font-family: sans-serif; line-height: 20px; text-align: justify; background-color: rgb(242, 244, 245);\">T\u00fcrkiye&#8217;nin ba\u011f\u0131ms\u0131z Azerbaycan Cumhuriyetini tan\u0131yan ilk \u00fclke olarak t\u00fcm d\u00fcnyaya gerekli mesaj\u0131 verdi\u011fini ifade eden Ba\u015fkan Can, &#8220;T\u00fcm d\u00fcnyaya tek devlet tek millet mesaj\u0131 verircesine karde\u015fli\u011fi per\u00e7inlemi\u015ftir. Azerbaycan\u2019\u0131n sevinci sevincimiz, \u00fcz\u00fcnt\u00fcs\u00fc kederimiz olmu\u015ftur. Bu karde\u015fli\u011fin olu\u015fmas\u0131na \u00e7ok b\u00fcy\u00fck eme\u011fi olan Azerbaycan\u2019\u0131n unutulmaz lider Haydar Aliyev do\u011fum g\u00fcn\u00fcn\u00fc siz de\u011ferli dostlar\u0131m\u0131zla kutlamak bize ayr\u0131 bir mutluluk veriyor. Gelecekte T\u00fcrkiye Azerbaycan ili\u015fkilerinin artarak devam etmesi, bilimsel ve siyasal alanda yap\u0131lacak kar\u015f\u0131l\u0131kl\u0131 anla\u015fmalarda gelece\u011fe g\u00fcvenle bakan g\u00fc\u00e7lerin birle\u015ftirildi\u011fi her iki devlet halk\u0131n\u0131n kayna\u015ft\u0131\u011f\u0131 g\u00fcnlerin birarada kayna\u015ft\u0131\u011f\u0131 g\u00fcnlerin biran evvel gelmesi dileklerimle sayg\u0131lar\u0131m\u0131 sunuyorum. Tek milletiz, iki devletiz\u201d dedi.\u00a0<\/span><br style=\"box-sizing: border-box; font-family: sans-serif; font-size: 14px; line-height: 20px; text-align: justify; background-color: rgb(242, 244, 245);\" \/><br \/>\n<span style=\"font-family: sans-serif; line-height: 20px; text-align: justify; background-color: rgb(242, 244, 245);\">Azerbaycan Milletvekili H\u00fcseyin Bala Miralov ise kon\u015fmas\u0131nda, \u201cSovyet Cumhuriyeti zaman\u0131nda \u00e7ok \u00f6nemli vazifeler icra ederken o g\u00f6revlerinden ayr\u0131l\u0131p \u00f6z\u00fcne d\u00f6nen kurucu liderimiz 1993 y\u0131l\u0131nda Azerbaycan\u2019da hakimiyete gelmi\u015ftir. Bug\u00fcn b\u00f6lgede T\u00fcrkiye ve Azerbaycan\u2019dan raz\u0131 olmadan hi\u00e7bir proje devreye girmiyor. T\u00fcrkiye ve Azerbaycan\u2019\u0131n dostlu\u011fu b\u00fct\u00fcn d\u00fcnya \u00f6rnektir. T\u00fcrkler bizim, d\u00fcnk\u00fc, bug\u00fcnk\u00fc ve bundan sonrada ebedi garda\u015flar\u0131m\u0131zd\u0131r\u201d dedi.\u00a0<\/span><br style=\"box-sizing: border-box; font-family: sans-serif; font-size: 14px; line-height: 20px; text-align: justify; background-color: rgb(242, 244, 245);\" \/><br \/>\n<span style=\"font-family: sans-serif; line-height: 20px; text-align: justify; background-color: rgb(242, 244, 245);\">Azerbaycan Ankara B\u00fcy\u00fckel\u00e7isi Hazar \u0130brahim&#8217;de, \u201cBizim b\u00fcy\u00fck liderimize b\u00f6yle bir park\u0131 bah\u015fetti\u011finiz i\u00e7in hepinize \u00e7ok te\u015fekk\u00fcr ediyorum. Bug\u00fcn g\u00fc\u00e7l\u00fc ve b\u00fcy\u00fcyen Azerbaycan O\u2019nun eseridir. Her zaman T\u00fcrkiye\u2019nin yan\u0131nda olan bir kuvvettir. Bu O\u2019nun felsefesidir. G\u00fc\u00e7l\u00fc Azerbaycan ve g\u00fc\u00e7l\u00fc T\u00fcrkiye O\u2019nun hayaliydi. Bizim de amac\u0131m\u0131z ayn\u0131d\u0131r. G\u00fc\u00e7l\u00fc Azerbaycan, g\u00fc\u00e7l\u00fc T\u00fcrkiye ve g\u00fc\u00e7l\u00fc T\u00fcrk D\u00fcnyas\u0131. Bizim yar\u0131n\u0131m\u0131z her zaman bir olacak ve her zaman zafer kazanaca\u011f\u0131z\u201d \u015feklinde konu\u015ftu.\u00a0<\/span><br style=\"box-sizing: border-box; font-family: sans-serif; font-size: 14px; line-height: 20px; text-align: justify; background-color: rgb(242, 244, 245);\" \/><br \/>\n<span style=\"font-family: sans-serif; line-height: 20px; text-align: justify; background-color: rgb(242, 244, 245);\">Azerbaycan Hatai Valisi Razim Mammadov ise karde\u015f \u00fclkede olmaktan son derece mutlu oldu\u011funu s\u00f6yledi. Mammadov \u201cSizlere karde\u015f Azerbaycan halk\u0131n\u0131n sevgilerini selamlar\u0131n\u0131 iletiyorum. Ulu \u00f6nderlerimiz Mustafa Kemal Atat\u00fcrk, &#8216;Azerbaycan\u2019\u0131n sevinci sevincimiz, kederleri kederimizdir&#8217; demi\u015ftir. Haydar Aliyev &#8216;bir millet, iki devlet&#8217; demi\u015ftir. Bunlar aram\u0131zdaki sevgi ve karde\u015fli\u011fin numuneleridir. Her birimize yap\u0131lan haks\u0131zl\u0131klar hepimizi hiddetlendirmektedir. O y\u00fczden iyi g\u00fcnlerimizde k\u00f6t\u00fc g\u00fcnlerimizde birbirimizin yan\u0131nday\u0131z ve hep olmaya devam edece\u011fiz. Bu bizim garda\u015fl\u0131k borcumuzdur\u201d ifadesini kulland\u0131.\u00a0<\/span><br style=\"box-sizing: border-box; font-family: sans-serif; font-size: 14px; line-height: 20px; text-align: justify; background-color: rgb(242, 244, 245);\" \/><br \/>\n<span style=\"font-family: sans-serif; line-height: 20px; text-align: justify; background-color: rgb(242, 244, 245);\">Mersin B\u00fcy\u00fck\u015fehir Belediye Ba\u015fkan\u0131 Burhanettin Kocamaz, Haydar Aliyev\u2019in \u00e7a\u011f\u0131n deha siyaset\u00e7isi ve devlet adam\u0131 oldu\u011funu belirtti. Ba\u015fkan Kocamaz, \u201c\u00c7a\u011f\u0131n deha siyaset ve devlet adamlar\u0131ndan biridir Haydar Aliyev. T\u00fcrkiye Azerbaycan ili\u015fkilerini iki devlet, bir millet s\u00f6z\u00fcyle veciz bir \u015fekilde ifade etmi\u015ftir. Merhum Haydar Aliyev \u00fclkemizi 20 kez ziyaret etmi\u015ftir. Bu kadar yo\u011fun \u00e7al\u0131\u015fma temposuna ra\u011fmen \u00fclkemize 20 kez ziyaret etmesi \u00fclkemize verdi\u011fi \u00f6nemin en net g\u00f6stergesidir&#8221; dedi.\u00a0<\/span><br style=\"box-sizing: border-box; font-family: sans-serif; font-size: 14px; line-height: 20px; text-align: justify; background-color: rgb(242, 244, 245);\" \/><br \/>\n<span style=\"font-family: sans-serif; line-height: 20px; text-align: justify; background-color: rgb(242, 244, 245);\">Konu\u015fmalar\u0131n ard\u0131ndan etkinli\u011fe kat\u0131lanlar, parkta bulunan Haydar Aliyev\u2019in an\u0131t\u0131na \u00e7i\u00e7ek b\u0131rak\u0131l\u0131p, Haydar Aliyev Park\u0131\u2019n\u0131 dola\u015ft\u0131.\u00a0<\/span><\/span><\/p>\n","protected":false},"excerpt":{"rendered":"<p>Mersin&#8217;in Tarsus il\u00e7esinde Azerbaycan&#8217;\u0131n kurucu cumhurba\u015fkan\u0131 merhum Haydar Aliyev&#8217;in 95\u2019inci do\u011fum y\u0131l d\u00f6n\u00fcm\u00fc dolay\u0131s\u0131yla anma etkinli\u011fi d\u00fczenlendi. Tarsus Belediyesi ve Azerbaycan\u2019dan gelen Hatai heyetininin d\u00fczenledi\u011fi etkinlik sayg\u0131 duru\u015fu ve \u0130stiklal &hellip; <a href=\"https:\/\/akdenizolaygazetesi.com\/?p=1911\" class=\"more-link\">Devam\u0131n\u0131 Oku&#8230;<\/a><\/p>\n","protected":false},"author":1,"featured_media":0,"comment_status":"open","ping_status":"open","sticky":false,"template":"","format":"standard","meta":[],"categories":[],"tags":[],"_links":{"self":[{"href":"https:\/\/akdenizolaygazetesi.com\/index.php?rest_route=\/wp\/v2\/posts\/1911"}],"collection":[{"href":"https:\/\/akdenizolaygazetesi.com\/index.php?rest_route=\/wp\/v2\/posts"}],"about":[{"href":"https:\/\/akdenizolaygazetesi.com\/index.php?rest_route=\/wp\/v2\/types\/post"}],"author":[{"embeddable":true,"href":"https:\/\/akdenizolaygazetesi.com\/index.php?rest_route=\/wp\/v2\/users\/1"}],"replies":[{"embeddable":true,"href":"https:\/\/akdenizolaygazetesi.com\/index.php?rest_route=%2Fwp%2Fv2%2Fcomments&post=1911"}],"version-history":[{"count":0,"href":"https:\/\/akdenizolaygazetesi.com\/index.php?rest_route=\/wp\/v2\/posts\/1911\/revisions"}],"wp:attachment":[{"href":"https:\/\/akdenizolaygazetesi.com\/index.php?rest_route=%2Fwp%2Fv2%2Fmedia&parent=1911"}],"wp:term":[{"taxonomy":"category","embeddable":true,"href":"https:\/\/akdenizolaygazetesi.com\/index.php?rest_route=%2Fwp%2Fv2%2Fcategories&post=1911"},{"taxonomy":"post_tag","embeddable":true,"href":"https:\/\/akdenizolaygazetesi.com\/index.php?rest_route=%2Fwp%2Fv2%2Ftags&post=1911"}],"curies":[{"name":"wp","href":"https:\/\/api.w.org\/{rel}","templated":true}]}}