{"id":19115,"date":"2022-06-06T12:44:41","date_gmt":"2022-06-06T09:44:41","guid":{"rendered":"http:\/\/akdenizolaygazetesi.com\/?p=19115"},"modified":"2022-06-06T12:44:41","modified_gmt":"2022-06-06T09:44:41","slug":"cocuklar-yenisehirde-hayallerindeki-cevreyi-cizdi","status":"publish","type":"post","link":"https:\/\/akdenizolaygazetesi.com\/?p=19115","title":{"rendered":"\u00c7ocuklar Yeni\u015fehir\u2019de hayallerindeki \u00e7evreyi \u00e7izdi"},"content":{"rendered":"<p>Mersin Yeni\u015fehir Belediyesi taraf\u0131ndan d\u00fczenlenen 20. Geleneksel Ahmet Ye\u015fil \u00c7ocuk Resim Yar\u0131\u015fmas\u0131 yap\u0131ld\u0131. Onlarca \u00e7ocuk Yeni\u015fehir Belediyesi Atat\u00fcrk K\u00fclt\u00fcr Merkezinde hayallerindeki \u00e7evreyi \u00e7izdi, ortaya birbirinden g\u00fczel ve anlaml\u0131 eserler \u00e7\u0131kt\u0131.<br \/>\nT\u00fcrkiye\u2019nin en prestijli \u00e7ocuk resim yar\u0131\u015fmalar\u0131 aras\u0131nda g\u00f6sterilen Ahmet Ye\u015fil \u00c7ocuk Resim Yar\u0131\u015fmas\u0131 bu y\u0131l \u201cHayalimdeki \u00c7evre\u201d temas\u0131yla yap\u0131ld\u0131. D\u00fcnyaca \u00fcnl\u00fc Mersinli ressam Ahmet Ye\u015fil\u2019in ad\u0131n\u0131 ta\u015f\u0131yan ve Ye\u015fil\u2019in de j\u00fcri ba\u015fkan\u0131 olarak bizzat yer ald\u0131\u011f\u0131 yar\u0131\u015fma yo\u011fun ilgi g\u00f6rd\u00fc. 6-8, 9-11 ve 12-15 ya\u015f kategorilerinde300\u2019\u00fcn \u00fczerinde \u00e7ocuk yar\u0131\u015fmaya kat\u0131ld\u0131. \u00c7ocuklar, D\u00fcnyaca \u00fcnl\u00fc Mersinli ressam Ahmet Ye\u015fil ile de tan\u0131\u015fma f\u0131rsat\u0131 yakalad\u0131.<br \/>\n20. Geleneksel Ahmet Ye\u015fil \u00c7ocuk Resim Yar\u0131\u015fmas\u0131,  Yeni\u015fehir Belediyesinin renkli etkinlikleriyle \u015fenlik havas\u0131nda ge\u00e7ti. \u00c7ocuklar resim \u00e7izdi, interaktif tiyatro oyunu izledi ve ya\u015f\u0131tlar\u0131yla e\u011flenceli oyunlar oynayarak unutulmaz bir g\u00fcn ge\u00e7irdi.<br \/>\nYar\u0131\u015fmaya ba\u015fvuran \u00e7ocuklar resimlerini yar\u0131\u015fma g\u00fcn\u00fc Yeni\u015fehir Belediyesi Atat\u00fcrk K\u00fclt\u00fcr Merkezinde hep birlikte \u00e7izdi. Yar\u0131\u015fmada \u00e7ocuklar\u0131n kullanaca\u011f\u0131 t\u00fcm malzemeler de Yeni\u015fehir Belediyesi taraf\u0131ndan temin edildi. Kendilerine verilen s\u00fcre i\u00e7erisinde hayallerindeki \u00e7evrenin resmini \u00e7izen \u00e7ocuklar\u0131n resimleri ise j\u00fcri \u00fcyeleri; Ahmet Ye\u015fil, Veli Mert, Aynur Saku\u00e7o\u011flu, D\u00f6nay \u00d6ni\u015f ve \u0130brahim Tokaslan taraf\u0131ndan de\u011ferlendirildi. 3 farkl\u0131 kategoride dereceye giren \u00e7ocuklar tablet \u00f6d\u00fcllerini Ahmet Ye\u015fil\u2019in elinden ald\u0131.  Yar\u0131\u015fmaya kat\u0131lan t\u00fcm \u00e7ocuklar\u0131 tebrik eden Ahmet Ye\u015fil, desteklerinden dolay\u0131 Yeni\u015fehir Belediye Ba\u015fkan\u0131 Abdullah \u00d6zyi\u011fit\u2019e ve j\u00fcri \u00fcyelerine te\u015fekk\u00fcr etti. <\/p>\n","protected":false},"excerpt":{"rendered":"<p>Mersin Yeni\u015fehir Belediyesi taraf\u0131ndan d\u00fczenlenen 20. Geleneksel Ahmet Ye\u015fil \u00c7ocuk Resim Yar\u0131\u015fmas\u0131 yap\u0131ld\u0131. Onlarca \u00e7ocuk Yeni\u015fehir Belediyesi Atat\u00fcrk K\u00fclt\u00fcr Merkezinde hayallerindeki \u00e7evreyi \u00e7izdi, ortaya birbirinden g\u00fczel ve anlaml\u0131 eserler \u00e7\u0131kt\u0131. &hellip; <a href=\"https:\/\/akdenizolaygazetesi.com\/?p=19115\" class=\"more-link\">Devam\u0131n\u0131 Oku&#8230;<\/a><\/p>\n","protected":false},"author":2,"featured_media":19116,"comment_status":"open","ping_status":"open","sticky":false,"template":"","format":"standard","meta":[],"categories":[1,3],"tags":[],"_links":{"self":[{"href":"https:\/\/akdenizolaygazetesi.com\/index.php?rest_route=\/wp\/v2\/posts\/19115"}],"collection":[{"href":"https:\/\/akdenizolaygazetesi.com\/index.php?rest_route=\/wp\/v2\/posts"}],"about":[{"href":"https:\/\/akdenizolaygazetesi.com\/index.php?rest_route=\/wp\/v2\/types\/post"}],"author":[{"embeddable":true,"href":"https:\/\/akdenizolaygazetesi.com\/index.php?rest_route=\/wp\/v2\/users\/2"}],"replies":[{"embeddable":true,"href":"https:\/\/akdenizolaygazetesi.com\/index.php?rest_route=%2Fwp%2Fv2%2Fcomments&post=19115"}],"version-history":[{"count":1,"href":"https:\/\/akdenizolaygazetesi.com\/index.php?rest_route=\/wp\/v2\/posts\/19115\/revisions"}],"predecessor-version":[{"id":19117,"href":"https:\/\/akdenizolaygazetesi.com\/index.php?rest_route=\/wp\/v2\/posts\/19115\/revisions\/19117"}],"wp:featuredmedia":[{"embeddable":true,"href":"https:\/\/akdenizolaygazetesi.com\/index.php?rest_route=\/wp\/v2\/media\/19116"}],"wp:attachment":[{"href":"https:\/\/akdenizolaygazetesi.com\/index.php?rest_route=%2Fwp%2Fv2%2Fmedia&parent=19115"}],"wp:term":[{"taxonomy":"category","embeddable":true,"href":"https:\/\/akdenizolaygazetesi.com\/index.php?rest_route=%2Fwp%2Fv2%2Fcategories&post=19115"},{"taxonomy":"post_tag","embeddable":true,"href":"https:\/\/akdenizolaygazetesi.com\/index.php?rest_route=%2Fwp%2Fv2%2Ftags&post=19115"}],"curies":[{"name":"wp","href":"https:\/\/api.w.org\/{rel}","templated":true}]}}