{"id":19118,"date":"2022-06-06T12:46:03","date_gmt":"2022-06-06T09:46:03","guid":{"rendered":"http:\/\/akdenizolaygazetesi.com\/?p=19118"},"modified":"2022-06-06T12:46:03","modified_gmt":"2022-06-06T09:46:03","slug":"kultur-parkta-cuma-ve-cumartesi-aksamlari-akustik-konserlerle-karnaval-havasi","status":"publish","type":"post","link":"https:\/\/akdenizolaygazetesi.com\/?p=19118","title":{"rendered":"K\u00dcLT\u00dcR PARK&#8217;TA CUMA VE CUMARTES\u0130 AK\u015eAMLARI AKUST\u0130K KONSERLERLE KARNAVAL HAVASI&#8230;"},"content":{"rendered":"<p>Mersin B\u00fcy\u00fck\u015fehir Belediyesi K\u00fclt\u00fcr ve Sosyal \u0130\u015fler Dairesi&#8217;nin K\u00fclt\u00fcr Park&#8217;ta d\u00fczenledi\u011fi &#8220;Akustik Konserler&#8221; her Cuma ve Cumartesi g\u00fcn\u00fc s\u00fcr\u00fcyor. U\u00e7ak civar\u0131 Bakkal Kafe yan\u0131ndaki sahne ile Marina Akustik Sahne&#8217;de d\u00fczenlenen konserlere kat\u0131lan Mersinliler, canl\u0131 m\u00fczik e\u015fli\u011finde keyifli bir yaz ak\u015fam\u0131 ya\u015f\u0131yor.<br \/>\n\u00c7imlerde yaz ak\u015famlar\u0131 \u015fark\u0131larla s\u00fcr\u00fcyor<br \/>\nKonserler Cuma g\u00fcn\u00fc 18.00-23.00 saatleri aras\u0131nda u\u00e7ak civar\u0131 Bakkal Kafe yan\u0131ndaki sahnede, Cumartesi g\u00fcnleri ise 19.00&#8217;da DJ performans\u0131 ile ba\u015flay\u0131p 21.00-23.30 saatleri aras\u0131nda Marina Akustik Sahne&#8217;de devam ediyor. Mersinliler \u00e7imlere veya yanlar\u0131nda getirdikleri sandalyelere oturarak, Mersinli m\u00fczisyenlerin verdikleri konserlerle keyifli bir yaz ak\u015fam\u0131 ya\u015faman\u0131n tad\u0131n\u0131 \u00e7\u0131kar\u0131yor. Her ya\u015ftan ve her kesimden Mersinliyi ayn\u0131 \u015fark\u0131larda bir araya getiren B\u00fcy\u00fck\u015fehir&#8217;in \u00fccretsiz konserleri,  K\u00fclt\u00fcr Park&#8217;\u0131 karnaval ortam\u0131na d\u00f6n\u00fc\u015ft\u00fcr\u00fcyor.<br \/>\nM\u00fczisyenler sunulan destekten memnun kald\u0131klar\u0131n\u0131 s\u00f6ylediler<br \/>\nMersinli m\u00fczisyenler B\u00fcy\u00fck\u015fehir&#8217;in sundu\u011fu desteklerden memnun kald\u0131klar\u0131n\u0131 belirttiler. M\u00fczisyen \u0130lker Zorer, &#8220;Normalde zaten \u00fclkede m\u00fczik yapmak \u00e7ok zor. \u00c7ok zorlan\u0131yoruz. Daha \u00f6nce de belediyenin etkinliklerinde \u00e7alm\u0131\u015ft\u0131m ama bu sene ilk defa bu kadar fazla insana \u00e7al\u0131yorum. Ortam \u00e7ok iyi. Zaten Vahap Ba\u015fkan bizim her \u015feyimiz. \u00d6zellikle m\u00fczisyenlere yapt\u0131\u011f\u0131 bu destekten dolay\u0131 \u00e7ok te\u015fekk\u00fcr ediyorum kendisine&#8221; derken, ekibiyle birlikte sahne alan Murat \u00c7ak\u0131r ise &#8220;Pandemi bizi \u00e7ok yordu, \u00e7ok \u00fczd\u00fc. \u00d6zellikle biz m\u00fczisyenleri \u00e7ok s\u0131k\u0131nt\u0131ya soktu. \u00c7ok \u015f\u00fck\u00fcr o g\u00fcnleri atlatt\u0131k&#8221; diye konu\u015ftu.<br \/>\nVatanda\u015flar konserlerin kente renk katt\u0131\u011f\u0131n\u0131 vurgulad\u0131<br \/>\nMersinliler ise B\u00fcy\u00fck\u015fehir&#8217;in konserlerinin kente renk katt\u0131\u011f\u0131n\u0131 vurgulad\u0131lar. Vatanda\u015flardan \u0130smail Devran, &#8220;2-3 sene \u00f6ncesine kadar Mersin&#8217;de bu organizasyonlar yoktu. Ger\u00e7ekten Ba\u015fkan\u0131m\u0131z Vahap Se\u00e7er geldikten sonra insanlar e\u011flenmeye ba\u015flad\u0131&#8221; dedi. 5-6 sene \u00f6nce sahilde m\u00fczik dinledi\u011fi i\u00e7in ceza yedi\u011fini s\u00f6yleyen \u00d6yk\u00fc Akdo\u011fan Demir &#8220;\u015eu an m\u00fczi\u011fi kendim a\u00e7m\u0131yorum, dinleyebiliyorum. Bu \u00e7ok g\u00fczel bir \u015fey&#8221; ifadelerine yer verdi.<br \/>\nMehmet Arif Sert, &#8220;Bu konserler Mersin&#8217;e g\u00fczel bir renk katt\u0131. S\u00fcper bir ortamday\u0131m \u015fu an&#8221; derken, Cihan Demir, &#8220;D\u00fcnya zaten k\u00f6t\u00fc zamanlardan ge\u00e7iyor. Gel gelelim ki \u015fu az bir \u015fey bunu unutup e\u011flenebiliyorsak ya\u015fas\u0131n&#8221; dedi.<br \/>\n\u00d6ztur\u015fucu ailesi, \u00e7ocuklar\u0131 Burakhan&#8217;la birlikte konseri dinlediklerini s\u00f6yledi. Ceren \u00d6ztur\u015fucu konserlerle ilgili &#8220;\u015eu an o\u011flumun da bizim de e\u011flenebildi\u011fimiz \u00e7ok g\u00fczel bir ortamday\u0131z. Yaz\u0131 co\u015fkuyla kar\u015f\u0131l\u0131yoruz. Sahilimiz renklendi&#8221; ifadelerine yer verirken, Mustafa \u00d6ztur\u015fucu &#8220;\u0130\u015fin asl\u0131 uzun y\u0131llard\u0131r b\u00f6yle \u015feyler yoktu. Ayr\u0131ca birle\u015ftirici bir ortam. \u0130nsanlar\u0131n streslerini atmas\u0131 i\u00e7in uygun bir ortam. \u015eu g\u00fcnlerde de insanlar\u0131n stres atmaya ihtiyac\u0131 var&#8221; diye konu\u015ftu.<br \/>\nVatanda\u015flardan Sabri Ba\u015fy\u0131lmaz, &#8220;\u00c7ok kozmopolit bir \u015fehirde ya\u015f\u0131yoruz. Ama insanlar\u0131n birbirini sevmesi gerekiyor ve biz Mersin&#8217;de ya\u015famaktan mutluyuz&#8221; dedi. Semahat Ye\u011fin, &#8220;Her zamanki gibi Vahap Bey&#8217;in d\u00fczenledi\u011fi \u00e7ok g\u00fczel bir etkinlikteyiz. Uzun zamand\u0131r Mersinimizde b\u00f6yle \u015feyler olmuyordu, ama biz \u015fimdi \u00e7ok memnunuz. Konserler g\u00fczel bir enerji kat\u0131yor buraya. Buras\u0131 \u0130stanbul&#8217;un Bostanc\u0131 Sahili gibi oldu. Y\u0131llard\u0131r \u0130stanbul Bostanc\u0131 Sahili b\u00f6yleydi. Ama Mersin ne kadar zamand\u0131r b\u00f6yle?&#8221; ifadelerine yer verdi.<\/p>\n","protected":false},"excerpt":{"rendered":"<p>Mersin B\u00fcy\u00fck\u015fehir Belediyesi K\u00fclt\u00fcr ve Sosyal \u0130\u015fler Dairesi&#8217;nin K\u00fclt\u00fcr Park&#8217;ta d\u00fczenledi\u011fi &#8220;Akustik Konserler&#8221; her Cuma ve Cumartesi g\u00fcn\u00fc s\u00fcr\u00fcyor. U\u00e7ak civar\u0131 Bakkal Kafe yan\u0131ndaki sahne ile Marina Akustik Sahne&#8217;de d\u00fczenlenen &hellip; <a href=\"https:\/\/akdenizolaygazetesi.com\/?p=19118\" class=\"more-link\">Devam\u0131n\u0131 Oku&#8230;<\/a><\/p>\n","protected":false},"author":2,"featured_media":19119,"comment_status":"open","ping_status":"open","sticky":false,"template":"","format":"standard","meta":[],"categories":[1,2,3],"tags":[],"_links":{"self":[{"href":"https:\/\/akdenizolaygazetesi.com\/index.php?rest_route=\/wp\/v2\/posts\/19118"}],"collection":[{"href":"https:\/\/akdenizolaygazetesi.com\/index.php?rest_route=\/wp\/v2\/posts"}],"about":[{"href":"https:\/\/akdenizolaygazetesi.com\/index.php?rest_route=\/wp\/v2\/types\/post"}],"author":[{"embeddable":true,"href":"https:\/\/akdenizolaygazetesi.com\/index.php?rest_route=\/wp\/v2\/users\/2"}],"replies":[{"embeddable":true,"href":"https:\/\/akdenizolaygazetesi.com\/index.php?rest_route=%2Fwp%2Fv2%2Fcomments&post=19118"}],"version-history":[{"count":1,"href":"https:\/\/akdenizolaygazetesi.com\/index.php?rest_route=\/wp\/v2\/posts\/19118\/revisions"}],"predecessor-version":[{"id":19120,"href":"https:\/\/akdenizolaygazetesi.com\/index.php?rest_route=\/wp\/v2\/posts\/19118\/revisions\/19120"}],"wp:featuredmedia":[{"embeddable":true,"href":"https:\/\/akdenizolaygazetesi.com\/index.php?rest_route=\/wp\/v2\/media\/19119"}],"wp:attachment":[{"href":"https:\/\/akdenizolaygazetesi.com\/index.php?rest_route=%2Fwp%2Fv2%2Fmedia&parent=19118"}],"wp:term":[{"taxonomy":"category","embeddable":true,"href":"https:\/\/akdenizolaygazetesi.com\/index.php?rest_route=%2Fwp%2Fv2%2Fcategories&post=19118"},{"taxonomy":"post_tag","embeddable":true,"href":"https:\/\/akdenizolaygazetesi.com\/index.php?rest_route=%2Fwp%2Fv2%2Ftags&post=19118"}],"curies":[{"name":"wp","href":"https:\/\/api.w.org\/{rel}","templated":true}]}}