{"id":19121,"date":"2022-06-06T12:47:56","date_gmt":"2022-06-06T09:47:56","guid":{"rendered":"http:\/\/akdenizolaygazetesi.com\/?p=19121"},"modified":"2022-06-06T12:47:56","modified_gmt":"2022-06-06T09:47:56","slug":"bu-dunya-bize-miras-degil-cocuklarimizin-emanetidir","status":"publish","type":"post","link":"https:\/\/akdenizolaygazetesi.com\/?p=19121","title":{"rendered":"\u201cBu d\u00fcnya bize miras de\u011fil, \u00e7ocuklar\u0131m\u0131z\u0131n emanetidir\u201d"},"content":{"rendered":"<p>Akdeniz Belediye Meclisi, Haziran ay\u0131 ilk oturumunu M. Mustafa G\u00fcltak Ba\u015fkanl\u0131\u011f\u0131\u2019nda ger\u00e7ekle\u015ftirdi.<br \/>\nSayg\u0131 Duru\u015fu ve \u0130stiklal Mar\u015f\u0131 ile ba\u015flayan toplant\u0131da Ba\u015fkan G\u00fcltak, \u201c1-7 Haziran T\u00fcrkiye \u00c7evre Haftas\u0131\u201d kapsam\u0131nda kentte d\u00fczenlenen \u00e7e\u015fitli etkinlikler hakk\u0131nda Meclis\u2019i bilgilendirdi. \u201cEn k\u0131ymetli varl\u0131\u011f\u0131m\u0131z ve gelece\u011fimiz olan \u00e7ocuklar\u0131m\u0131za temiz, sa\u011fl\u0131kl\u0131 ve g\u00fczel bir d\u00fcnya b\u0131rakmak hepimizin g\u00f6rev ve sorumlulu\u011fudur\u201d diyen Ba\u015fkan G\u00fcltak; \u201cD\u00fcnya Ortak Evimiz, S\u0131f\u0131r At\u0131k Gelece\u011fimiz\u201d slogan\u0131yla Mersin\u2019de organize edilen ve Akdeniz Belediyesi\u2019nin de kat\u0131ld\u0131\u011f\u0131 etkinlikleri anlatt\u0131.<br \/>\n\u201cBu d\u00fcnya bize miras de\u011fil, \u00e7ocuklar\u0131m\u0131z\u0131n emanetidir\u201d<br \/>\nBa\u015fkan G\u00fcltak; \u201cCumhurba\u015fkanl\u0131\u011f\u0131m\u0131z\u0131n genelgesi do\u011frultusunda, \u00c7evre \u015eehircilik ve \u0130klim De\u011fi\u015fikli\u011fi Bakanl\u0131\u011f\u0131m\u0131z taraf\u0131ndan do\u011fam\u0131z ve \u00e7evremiz i\u00e7in ger\u00e7ekle\u015fen bu \u00f6nemli etkinliklere imza atan kurum ve kurulu\u015flara; do\u011fam\u0131za ve \u00e7evremize kar\u015f\u0131 fark\u0131ndal\u0131\u011f\u0131n artmas\u0131na destek olan herkese te\u015fekk\u00fcr ediyorum. Akdeniz Belediyesi olarak, en k\u0131ymetli varl\u0131\u011f\u0131m\u0131z olan \u00e7ocuklar\u0131m\u0131za daha ya\u015fan\u0131l\u0131r bir d\u00fcnya, daha sa\u011fl\u0131kl\u0131 bir do\u011fa ve temiz bir \u00fclke b\u0131rakmak i\u00e7in gece g\u00fcnd\u00fcz demeden \u00e7al\u0131\u015fmaya devam edece\u011fiz. Bu d\u00fcnyan\u0131n ve do\u011fan\u0131n bir miras de\u011fil, \u00e7ocuklar\u0131m\u0131z\u0131n bizlere emaneti oldu\u011funu unutmuyor, t\u00fcm halk\u0131m\u0131z\u0131n 1-7 Haziran \u00c7evre Haftas\u0131\u2019n\u0131 tebrik ediyorum\u201d dedi.<br \/>\nDiyarbak\u0131r ve Gaziantep ile karde\u015f \u015fehir ili\u015fkisi kurulacak<br \/>\nG\u00fcndem maddelerinin okunmas\u0131 ve komisyonlara havalesiyle devam eden Meclis\u2019te; Diyarbak\u0131r ve Gaziantep B\u00fcy\u00fck\u015fehir Belediyeleri ile Akdeniz Belediyesi aras\u0131nda \u2018Karde\u015f Belediye\u2019 ili\u015fkisi kurulmas\u0131 ile ilgili protokol haz\u0131rlanmas\u0131 ve s\u00f6zle\u015fmeler imzalanmas\u0131 konusunda Ba\u015fkan Mustafa G\u00fcltak\u2019a yetki verilmesiyle ilgili teklif okundu. Her iki teklif oybirli\u011fi ile komisyonlara sevk edildi.<br \/>\nKomisyonlara havale edilen g\u00fcndem maddeleri\u2026<br \/>\nToplant\u0131da, Mahalli \u0130dareler B\u00fct\u00e7e ve Muhasebe Y\u00f6netmeli\u011fi \u2018ek \u00f6denek\u2019 ba\u015fl\u0131kl\u0131 37\u2019nci maddesine g\u00f6re, m\u00fcd\u00fcrl\u00fcklerin ek \u00f6denek talepleri sonucu olu\u015fan ek \u00f6deneklerin eklenmesiyle ilgili teklif komisyonlara havale edildi. Karaduvar Mahallesi\u2019nde 6 bin 278 metrekare y\u00fcz\u00f6l\u00e7\u00fcml\u00fc tarla niteli\u011finde, 1\/1000 \u00f6l\u00e7ekli uygulama imar plan\u0131nda \u2018mezarl\u0131k\u2019 olarak i\u015faretli, fiilen de mezarl\u0131k olarak kullan\u0131lan ta\u015f\u0131nmaz\u0131n Mersin B\u00fcy\u00fck\u015fehir Belediyesi\u2019ne devrinin yap\u0131lmas\u0131yla ilgili teklif komisyonlara sevk edildi.<br \/>\nMesudiye Mahallesi, 909 ada, 4 parselde bulunan ta\u015f\u0131nmaz\u0131n sat\u0131\u015f ve kiralanmas\u0131 ile ilgili teklif ile Yal\u0131nayak Mahallesi, 4094 ada, 1 parsel nolu bin 775 metrekare y\u00fcz\u00f6l\u00e7\u00fcm\u00fcndeki ta\u015f\u0131nmaz\u0131n \u2018taziye evi\u2019 yap\u0131lmas\u0131 \u015fart\u0131yla Akdeniz Belediyesi\u2019ne hibe edilmesiyle ilgili teklif oybirli\u011fi ile komisyonlara g\u00f6nderildi.<br \/>\nMeclis\u2019te, eski Yenita\u015fkent Belediyesi ile ilgili 1\/1000 \u00f6l\u00e7ekli uygulama imar plan\u0131 plan notu de\u011fi\u015fikli\u011fi teklifi de komisyonlara sevk edildi. Adanal\u0131o\u011flu Mahallesi\u2019nde artan enerji ihtiyac\u0131n\u0131n devaml\u0131l\u0131\u011f\u0131 i\u00e7in Toroslar EDA\u015e taraf\u0131ndan haz\u0131rlanan trafo yeri i\u015faretlenmesini i\u00e7eren 1\/1000 \u00f6l\u00e7ekli uygulama imar plan\u0131 ile konu oybirli\u011fi ile kabul edildi.<br \/>\nAkdeniz Belediye Meclisi, bir sonraki toplant\u0131s\u0131n\u0131 10 Haziran 2022 Cuma g\u00fcn\u00fc saat 10:00\u2019da yine belediye konferans salonunda ger\u00e7ekle\u015ftirecek. <\/p>\n","protected":false},"excerpt":{"rendered":"<p>Akdeniz Belediye Meclisi, Haziran ay\u0131 ilk oturumunu M. Mustafa G\u00fcltak Ba\u015fkanl\u0131\u011f\u0131\u2019nda ger\u00e7ekle\u015ftirdi. Sayg\u0131 Duru\u015fu ve \u0130stiklal Mar\u015f\u0131 ile ba\u015flayan toplant\u0131da Ba\u015fkan G\u00fcltak, \u201c1-7 Haziran T\u00fcrkiye \u00c7evre Haftas\u0131\u201d kapsam\u0131nda kentte d\u00fczenlenen &hellip; <a href=\"https:\/\/akdenizolaygazetesi.com\/?p=19121\" class=\"more-link\">Devam\u0131n\u0131 Oku&#8230;<\/a><\/p>\n","protected":false},"author":2,"featured_media":19122,"comment_status":"open","ping_status":"open","sticky":false,"template":"","format":"standard","meta":[],"categories":[8,34,2,3,5],"tags":[],"_links":{"self":[{"href":"https:\/\/akdenizolaygazetesi.com\/index.php?rest_route=\/wp\/v2\/posts\/19121"}],"collection":[{"href":"https:\/\/akdenizolaygazetesi.com\/index.php?rest_route=\/wp\/v2\/posts"}],"about":[{"href":"https:\/\/akdenizolaygazetesi.com\/index.php?rest_route=\/wp\/v2\/types\/post"}],"author":[{"embeddable":true,"href":"https:\/\/akdenizolaygazetesi.com\/index.php?rest_route=\/wp\/v2\/users\/2"}],"replies":[{"embeddable":true,"href":"https:\/\/akdenizolaygazetesi.com\/index.php?rest_route=%2Fwp%2Fv2%2Fcomments&post=19121"}],"version-history":[{"count":1,"href":"https:\/\/akdenizolaygazetesi.com\/index.php?rest_route=\/wp\/v2\/posts\/19121\/revisions"}],"predecessor-version":[{"id":19123,"href":"https:\/\/akdenizolaygazetesi.com\/index.php?rest_route=\/wp\/v2\/posts\/19121\/revisions\/19123"}],"wp:featuredmedia":[{"embeddable":true,"href":"https:\/\/akdenizolaygazetesi.com\/index.php?rest_route=\/wp\/v2\/media\/19122"}],"wp:attachment":[{"href":"https:\/\/akdenizolaygazetesi.com\/index.php?rest_route=%2Fwp%2Fv2%2Fmedia&parent=19121"}],"wp:term":[{"taxonomy":"category","embeddable":true,"href":"https:\/\/akdenizolaygazetesi.com\/index.php?rest_route=%2Fwp%2Fv2%2Fcategories&post=19121"},{"taxonomy":"post_tag","embeddable":true,"href":"https:\/\/akdenizolaygazetesi.com\/index.php?rest_route=%2Fwp%2Fv2%2Ftags&post=19121"}],"curies":[{"name":"wp","href":"https:\/\/api.w.org\/{rel}","templated":true}]}}