{"id":19127,"date":"2022-06-07T12:26:06","date_gmt":"2022-06-07T09:26:06","guid":{"rendered":"http:\/\/akdenizolaygazetesi.com\/?p=19127"},"modified":"2022-06-07T12:26:06","modified_gmt":"2022-06-07T09:26:06","slug":"belediye-calisanlari-ve-cevre-gonulluleri-dogada-donusmesi-zor-olan-atiklari-topladi","status":"publish","type":"post","link":"https:\/\/akdenizolaygazetesi.com\/?p=19127","title":{"rendered":"&#8220;Belediye \u00c7al\u0131\u015fanlar\u0131 ve \u00c7evre G\u00f6n\u00fcll\u00fcleri, Do\u011fada D\u00f6n\u00fc\u015fmesi Zor Olan At\u0131klar\u0131 Toplad\u0131&#8221;"},"content":{"rendered":"<p>\u0130l\u00e7ede ba\u015far\u0131yla s\u00fcrd\u00fcrd\u00fc\u011f\u00fc &#8216;S\u0131f\u0131r At\u0131k&#8221; projesiyle 4&#8217;\u00fcnc\u00fc S\u0131f\u0131r At\u0131k belgesini alan Toroslar Belediyesi, T\u00fcrkiye \u00c7evre Haftas\u0131 ve 5 Haziran D\u00fcnya \u00c7evre G\u00fcn\u00fc dolay\u0131s\u0131yla bir fark\u0131ndal\u0131k \u00e7al\u0131\u015fmas\u0131na daha imza att\u0131.<\/p>\n<p>\u00c7evre Kurulu\u015flar\u0131 Dayan\u0131\u015fma Derne\u011fi ve Mersin Dora Gen\u00e7lik ve Spor Kul\u00fcb\u00fc i\u015fbirli\u011finde Korukent Mahallesi&#8217;nde bulanan Toroslar Belediyesi Prof. Dr. Aziz Sancar Gen\u00e7lik Merkezi&#8217;nde d\u00fczenlenen etkinlikte \u00e7evre g\u00f6n\u00fcll\u00fcleri bir araya geldi.<\/p>\n<p>&#8220;\u00c7evre g\u00f6n\u00fcll\u00fcleri daha temiz bir \u00e7evre i\u00e7in herkesi duyarl\u0131 olmaya davet etti&#8221;<\/p>\n<p>&#8220;Do\u011fan\u0131n dengesini g\u00f6zet, \u00e7evreni koru ve temiz tut&#8221; slogan\u0131yla ger\u00e7ekle\u015ftirilen etkinlikte; \u00e7evre g\u00f6n\u00fcll\u00fcleri, belediye \u00e7al\u0131\u015fanlar\u0131yla birlikte do\u011fada d\u00f6n\u00fc\u015fmesi zor olan \u00e7\u00f6pleri ve at\u0131klar\u0131 toplad\u0131.<\/p>\n<p>Toroslar Belediye Ba\u015fkan\u0131 Ats\u0131z Af\u015f\u0131n Y\u0131lmaz&#8217;\u0131n e\u015fi Meltem Y\u0131lmaz&#8217;\u0131n da e\u015flik etti\u011fi \u00e7evre temizli\u011fi \u00e7al\u0131\u015fmas\u0131nda; \u00e7evre kirlili\u011fine, k\u00fcresel \u0131s\u0131nmaya ve iklim de\u011fi\u015fikli\u011fine dikkat \u00e7ekildi.<\/p>\n<p>Etkinli\u011fin ard\u0131ndan toplanan at\u0131klar de\u011ferlendirilerek bertaraf edildi.<\/p>\n<p>Mersin Dora Gen\u00e7lik ve Spor Kul\u00fcb\u00fc Ba\u015fkan\u0131 Kutlu; &#8220;Toroslar Belediyemiz \u00c7evreye Duyarl\u0131 \u00c7al\u0131\u015fmalar Yap\u0131yor&#8221;<\/p>\n<p>Mersin Dora Gen\u00e7lik ve Spor Kul\u00fcb\u00fc Ba\u015fkan\u0131 Mustafa Kutlu, \u00e7evreye olan duyarl\u0131l\u0131\u011f\u0131 dolay\u0131s\u0131yla Toroslar Belediye Ba\u015fkan\u0131 Ats\u0131z Af\u015f\u0131n Y\u0131lmaz&#8217;a te\u015fekk\u00fcr ederek; &#8220;Yery\u00fcz\u00fcnde nefes alan her insana emanet edilmi\u015f olan d\u00fcnyam\u0131za kar\u015f\u0131 sorumlulu\u011fumuzu yerine getirmek i\u00e7in buraday\u0131z. \u00c7evre kirlili\u011fine dikkat \u00e7ekmek amac\u0131yla do\u011fada d\u00f6n\u00fc\u015fmesi zor olan at\u0131klar\u0131 toplad\u0131k. &#8220;Do\u011fan\u0131n dengesini g\u00f6zet, \u00e7evreni koru ve temiz tut&#8221; \u00e7a\u011fr\u0131m\u0131za kulak vererek kat\u0131lan t\u00fcm hehm\u015fehrilerimize te\u015fekk\u00fcr ediyorum&#8221; dedi.<\/p>\n<p>Ba\u015fkan Y\u0131lmaz; &#8220;Amac\u0131m\u0131z Daha Temiz Bir D\u00fcnya B\u0131rakmak&#8221;<\/p>\n<p>Toroslar Belediye Ba\u015fkan\u0131 Ats\u0131z Af\u015f\u0131n Y\u0131lmaz ise T\u00fcrkiye \u00c7evre Haftas\u0131&#8217;n\u0131 kutlayarak, gelecek nesillere daha ya\u015fan\u0131labilir bir d\u00fcnya b\u0131rakmak i\u00e7in \u00e7evreyi koruman\u0131n herkesin ortak sorumlulu\u011fu oldu\u011funu s\u00f6yledi.<\/p>\n<p>Bu konuda hassasiyet g\u00f6steren t\u00fcm \u00e7evre g\u00f6n\u00fcll\u00fclerine ve sivil toplum kurulu\u015flar\u0131na da te\u015fekk\u00fcr eden Ba\u015fkan Y\u0131lmaz; &#8220;Temiz bir d\u00fcnya ve temiz bir \u00e7evre, gelecek nesillere b\u0131rak\u0131lacak en \u00f6nemli miraslardan biri. Vatanda\u015flar\u0131m\u0131z\u0131n ve \u00f6zellikle \u00e7ocuklar\u0131m\u0131z\u0131n \u00e7evreye olan duyarl\u0131l\u0131\u011f\u0131n\u0131 art\u0131rmak amac\u0131yla \u00e7evre g\u00f6n\u00fcll\u00fclerimiz ile birlikte b\u00f6yle bir etkinlik d\u00fczenledik. S\u0131f\u0131r at\u0131k faaliyetlerimiz \u00e7evreye olan sorumlulu\u011fumuzun ve hassasiyetimizin de bir g\u00f6stergesi. \u0130l\u00e7emizde S\u0131f\u0131r At\u0131k Projesi&#8217;ni de ba\u015far\u0131yla s\u00fcrd\u00fcrmenin ve Mersin&#8217;de bu projeye \u00f6nc\u00fcl\u00fck etmenin mutlulu\u011funu ya\u015f\u0131yoruz&#8221; diye konu\u015ftu.<\/p>\n","protected":false},"excerpt":{"rendered":"<p>\u0130l\u00e7ede ba\u015far\u0131yla s\u00fcrd\u00fcrd\u00fc\u011f\u00fc &#8216;S\u0131f\u0131r At\u0131k&#8221; projesiyle 4&#8217;\u00fcnc\u00fc S\u0131f\u0131r At\u0131k belgesini alan Toroslar Belediyesi, T\u00fcrkiye \u00c7evre Haftas\u0131 ve 5 Haziran D\u00fcnya \u00c7evre G\u00fcn\u00fc dolay\u0131s\u0131yla bir fark\u0131ndal\u0131k \u00e7al\u0131\u015fmas\u0131na daha imza att\u0131. \u00c7evre &hellip; <a href=\"https:\/\/akdenizolaygazetesi.com\/?p=19127\" class=\"more-link\">Devam\u0131n\u0131 Oku&#8230;<\/a><\/p>\n","protected":false},"author":2,"featured_media":19128,"comment_status":"open","ping_status":"open","sticky":false,"template":"","format":"standard","meta":[],"categories":[2,3,5],"tags":[],"_links":{"self":[{"href":"https:\/\/akdenizolaygazetesi.com\/index.php?rest_route=\/wp\/v2\/posts\/19127"}],"collection":[{"href":"https:\/\/akdenizolaygazetesi.com\/index.php?rest_route=\/wp\/v2\/posts"}],"about":[{"href":"https:\/\/akdenizolaygazetesi.com\/index.php?rest_route=\/wp\/v2\/types\/post"}],"author":[{"embeddable":true,"href":"https:\/\/akdenizolaygazetesi.com\/index.php?rest_route=\/wp\/v2\/users\/2"}],"replies":[{"embeddable":true,"href":"https:\/\/akdenizolaygazetesi.com\/index.php?rest_route=%2Fwp%2Fv2%2Fcomments&post=19127"}],"version-history":[{"count":1,"href":"https:\/\/akdenizolaygazetesi.com\/index.php?rest_route=\/wp\/v2\/posts\/19127\/revisions"}],"predecessor-version":[{"id":19129,"href":"https:\/\/akdenizolaygazetesi.com\/index.php?rest_route=\/wp\/v2\/posts\/19127\/revisions\/19129"}],"wp:featuredmedia":[{"embeddable":true,"href":"https:\/\/akdenizolaygazetesi.com\/index.php?rest_route=\/wp\/v2\/media\/19128"}],"wp:attachment":[{"href":"https:\/\/akdenizolaygazetesi.com\/index.php?rest_route=%2Fwp%2Fv2%2Fmedia&parent=19127"}],"wp:term":[{"taxonomy":"category","embeddable":true,"href":"https:\/\/akdenizolaygazetesi.com\/index.php?rest_route=%2Fwp%2Fv2%2Fcategories&post=19127"},{"taxonomy":"post_tag","embeddable":true,"href":"https:\/\/akdenizolaygazetesi.com\/index.php?rest_route=%2Fwp%2Fv2%2Ftags&post=19127"}],"curies":[{"name":"wp","href":"https:\/\/api.w.org\/{rel}","templated":true}]}}