{"id":1913,"date":"2020-11-04T18:22:27","date_gmt":"2020-11-04T15:22:27","guid":{"rendered":"http:\/\/mersinekonomipolitikagazetesi.com\/?p=1913"},"modified":"2020-11-04T18:22:27","modified_gmt":"2020-11-04T15:22:27","slug":"cukurova-havalimaninda-alt-yapi-bitiyor-ust-yapi-basliyor","status":"publish","type":"post","link":"https:\/\/akdenizolaygazetesi.com\/?p=1913","title":{"rendered":"\u00c7UKUROVA HAVAL\u0130MANI\u2019NDA ALT YAPI B\u0130T\u0130YOR, \u00dcST YAPI BA\u015eLIYOR"},"content":{"rendered":"<p>T\u00fcrkiye\u2019nin en b\u00fcy\u00fck havalimanlar\u0131ndan biri olan \u00c7ukurova B\u00f6lgesel Havaliman\u0131\u2019nda \u00e7al\u0131\u015fmalar har\u0131l har\u0131l s\u00fcr\u00fcyor. Alt yap\u0131 \u00e7al\u0131\u015fmalar\u0131n\u0131n tamamlanma a\u015famas\u0131na geldi\u011fi havaliman\u0131nda, \u00fcst yap\u0131 \u00e7al\u0131\u015fmalar\u0131na da hemen ba\u015flan\u0131yor. \u00dcst yap\u0131 ihalesini kazanan firma ile Devlet Hava Meydanlar\u0131 \u0130\u015fletmesi Genel M\u00fcd\u00fcrl\u00fc\u011f\u00fc aras\u0131nda s\u00f6zle\u015fme imzaland\u0131. Havaliman\u0131 2019 y\u0131l\u0131nda Mersin\u2019in hizmetinde olacak.<\/p>\n<div>\n<div>\n<div>\n<div>\n<div>\n<div>\n<div>\n<div>\n<div>\n<div>\n<div>\n<div id=\":4\">\n<div id=\":2\">\n<div>\n<div role=\"main\">\n<table cellpadding=\"0\" role=\"presentation\" style=\"width:3516px;\">\n<tbody>\n<tr>\n<td>\n<div>\n<div>\n<div>\n<div role=\"list\">\n<div role=\"listitem\" style=\"clear:both;\" tabindex=\"-1\">\n<div>\n<div>\n<div id=\":12x\">\n<div data-legacy-message-id=\"1632b2313f901d4e\" data-message-id=\"1632b2313f901d4e\">\n<div style=\"margin-left:44px;\">\n<div id=\":k0\">\n<div id=\":kb\">\n<div dir=\"auto\">\n<blockquote type=\"cite\">\n<div dir=\"ltr\">\n<p><span style=\"font-size:16px;\">Mersin\u2019in olmazsa olmaz yat\u0131r\u0131mlar\u0131ndan biri olan, Kalk\u0131nma Bakan\u0131 ve Mersin Milletvekili L\u00fctfi Elvan\u2019\u0131n her a\u015famas\u0131n\u0131 yak\u0131ndan takip etti\u011fi \u00c7ukurova B\u00f6lgesel Havaliman\u0131\u2019nda \u00e7al\u0131\u015fmalar t\u00fcm h\u0131z\u0131yla devam ediyor. Havaliman\u0131nda alt yap\u0131 hemen hemen tamamlanmak \u00fczere. \u00d6n\u00fcm\u00fczdeki aylarda havaliman\u0131n\u0131n pistleri ve apronu bitmi\u015f olacak.<\/span><\/p>\n<p><span style=\"font-size:16px;\"><strong>\u00dcst Yap\u0131 \u0130halesi Yap\u0131ld\u0131, \u00c7al\u0131\u015fmalar Ba\u015fl\u0131yor<\/strong><\/span><\/p>\n<p><span style=\"font-size:16px;\">T\u00fcrkiye\u2019nin en b\u00fcy\u00fck terminallerinden birine sahip olacak \u00c7ukurova Havaliman\u0131 i\u00e7in \u00fcst yap\u0131 ihalesi Nisan ay\u0131nda ger\u00e7ekle\u015ftirildi. \u0130\u015fi alan firma ile Devlet Hava Meydanlar\u0131 \u0130\u015fletmesi Genel M\u00fcd\u00fcrl\u00fc\u011f\u00fc s\u00f6zle\u015fme imzalad\u0131. Firma, havaliman\u0131n \u00fcst yap\u0131s\u0131na zaman kaybetmeden ba\u015flayacak, terminal binas\u0131 yap\u0131m\u0131na hemen ge\u00e7ilecek.<\/span><\/p>\n<p><span style=\"font-size:16px;\">2019\u2019da tamamlanmas\u0131 planlanan havaliman\u0131 nihai a\u015famada 30 milyon yolcu kapasitesine ula\u015facak ve 7500 ki\u015fiye istihdam kap\u0131s\u0131 a\u00e7acak. Yan sekt\u00f6rlerde de 3 bin ki\u015fiye istihdam olu\u015fturulmas\u0131 bekleniyor.<\/span><\/p>\n<p><span style=\"font-size:16px;\"><strong>Otoyola Ba\u011flant\u0131, H\u0131zl\u0131 Tren ile Ula\u015f\u0131m<\/strong><\/span><\/p>\n<p><span style=\"font-size:16px;\">Havaliman\u0131n \u015fehre ba\u011flant\u0131s\u0131 i\u00e7in de \u00e7al\u0131\u015fmalar aral\u0131ks\u0131z s\u00fcr\u00fcyor. Mersinlilerin kolay ula\u015f\u0131m\u0131n\u0131 sa\u011flamak \u00fczere otoyoldan havaliman\u0131na yol ba\u011flant\u0131s\u0131 ger\u00e7ekle\u015ftiriliyor. Ayr\u0131ca \u015fehir merkezinden havaliman\u0131na h\u0131zl\u0131 tren ile ula\u015f\u0131m da 15 ila\u00a020 dakikada m\u00fcmk\u00fcn olacak. H\u0131zl\u0131 tren hatt\u0131 \u015fu an yap\u0131m\u0131 s\u00fcren havaliman\u0131 yolunun ortas\u0131ndan ge\u00e7ecek.<\/span><\/p>\n<p><span style=\"font-size:16px;\">Havaliman\u0131 tamamland\u0131\u011f\u0131nda Mersin\u2019in turizmine, ticaretine ve tar\u0131m\u0131na \u00e7ok \u00f6nemli katk\u0131lar sunacak.<\/span><\/p>\n<\/p><\/div>\n<\/blockquote>\n<blockquote type=\"cite\"><p>\u00a0<\/p><\/blockquote><\/div>\n<\/p><\/div>\n<\/p><\/div>\n<\/p><\/div>\n<\/p><\/div>\n<\/p><\/div>\n<\/p><\/div>\n<\/p><\/div>\n<\/p><\/div>\n<\/p><\/div>\n<\/p><\/div>\n<\/p><\/div>\n<\/p><\/div>\n<\/td>\n<\/tr>\n<\/tbody>\n<\/table>\n<div style=\"clear:both;\">\u00a0<\/div>\n<\/div>\n<\/div>\n<\/div>\n<\/div>\n<\/div>\n<\/div>\n<\/div>\n<\/div>\n<\/div>\n<\/div>\n<\/div>\n<\/div>\n<\/div>\n<\/div>\n<\/div>\n","protected":false},"excerpt":{"rendered":"<p>T\u00fcrkiye\u2019nin en b\u00fcy\u00fck havalimanlar\u0131ndan biri olan \u00c7ukurova B\u00f6lgesel Havaliman\u0131\u2019nda \u00e7al\u0131\u015fmalar har\u0131l har\u0131l s\u00fcr\u00fcyor. Alt yap\u0131 \u00e7al\u0131\u015fmalar\u0131n\u0131n tamamlanma a\u015famas\u0131na geldi\u011fi havaliman\u0131nda, \u00fcst yap\u0131 \u00e7al\u0131\u015fmalar\u0131na da hemen ba\u015flan\u0131yor. \u00dcst yap\u0131 ihalesini kazanan &hellip; <a href=\"https:\/\/akdenizolaygazetesi.com\/?p=1913\" class=\"more-link\">Devam\u0131n\u0131 Oku&#8230;<\/a><\/p>\n","protected":false},"author":1,"featured_media":0,"comment_status":"open","ping_status":"open","sticky":false,"template":"","format":"standard","meta":[],"categories":[],"tags":[],"_links":{"self":[{"href":"https:\/\/akdenizolaygazetesi.com\/index.php?rest_route=\/wp\/v2\/posts\/1913"}],"collection":[{"href":"https:\/\/akdenizolaygazetesi.com\/index.php?rest_route=\/wp\/v2\/posts"}],"about":[{"href":"https:\/\/akdenizolaygazetesi.com\/index.php?rest_route=\/wp\/v2\/types\/post"}],"author":[{"embeddable":true,"href":"https:\/\/akdenizolaygazetesi.com\/index.php?rest_route=\/wp\/v2\/users\/1"}],"replies":[{"embeddable":true,"href":"https:\/\/akdenizolaygazetesi.com\/index.php?rest_route=%2Fwp%2Fv2%2Fcomments&post=1913"}],"version-history":[{"count":0,"href":"https:\/\/akdenizolaygazetesi.com\/index.php?rest_route=\/wp\/v2\/posts\/1913\/revisions"}],"wp:attachment":[{"href":"https:\/\/akdenizolaygazetesi.com\/index.php?rest_route=%2Fwp%2Fv2%2Fmedia&parent=1913"}],"wp:term":[{"taxonomy":"category","embeddable":true,"href":"https:\/\/akdenizolaygazetesi.com\/index.php?rest_route=%2Fwp%2Fv2%2Fcategories&post=1913"},{"taxonomy":"post_tag","embeddable":true,"href":"https:\/\/akdenizolaygazetesi.com\/index.php?rest_route=%2Fwp%2Fv2%2Ftags&post=1913"}],"curies":[{"name":"wp","href":"https:\/\/api.w.org\/{rel}","templated":true}]}}