{"id":19130,"date":"2022-06-07T12:27:37","date_gmt":"2022-06-07T09:27:37","guid":{"rendered":"http:\/\/akdenizolaygazetesi.com\/?p=19130"},"modified":"2022-06-07T12:27:37","modified_gmt":"2022-06-07T09:27:37","slug":"secer-cevreyi-havayi-denizlerimizi-akarsularimizi-ormanlarimizi-kirletmeyelim","status":"publish","type":"post","link":"https:\/\/akdenizolaygazetesi.com\/?p=19130","title":{"rendered":"SE\u00c7ER: &#8220;\u00c7EVREY\u0130, HAVAYI, DEN\u0130ZLER\u0130M\u0130Z\u0130, AKARSULARIMIZI, ORMANLARIMIZI K\u0130RLETMEYEL\u0130M&#8221;"},"content":{"rendered":"<p>Mersin B\u00fcy\u00fck\u015fehir Belediyesi taraf\u0131ndan d\u00fczenlenen &#8216;5 Haziran D\u00fcnya \u00c7evre G\u00fcn\u00fc&#8217; kapsam\u0131nda d\u00fczenlenen etkinlikler dolu dolu ge\u00e7iyor. Mersin B\u00fcy\u00fck\u015fehir Belediye Ba\u015fkan\u0131 Vahap Se\u00e7er de D\u00fcnya \u00c7evre G\u00fcn\u00fc etkinlikleri kapsam\u0131nda \u00e7evre konusunda fark\u0131ndal\u0131k yaratmak amac\u0131yla Atat\u00fcrk Caddesi&#8217;ndeki &#8216;Temizlik Etkinli\u011fi&#8217;ne kat\u0131larak, \u00f6zel gereksinimli bireylerle caddeyi temizledi.<br \/>\nTa\u015f Bina \u00f6n\u00fcnden ba\u015flayan Temizlik Etkinli\u011fi, cadde boyunca s\u00fcrd\u00fc ve yine Ta\u015f Bina \u00f6n\u00fcnde son buldu. Etkinli\u011fe kat\u0131lan Ba\u015fkan Se\u00e7er, &#8220;Daha temiz bir Mersin&#8217;de ya\u015famak i\u00e7in \u00e7evremizi temiz tutal\u0131m&#8221; dedi.<br \/>\n\u00d6zel bireyler ellerinde \u00e7evre hassasiyetine ili\u015fkin d\u00f6vizler ta\u015f\u0131d\u0131<br \/>\n\u00c7evre Koruma ve Kontrol Dairesi ile Sa\u011fl\u0131k \u0130\u015fleri Dairesi taraf\u0131ndan ortakla\u015fa d\u00fczenlenen etkinlikte Mersin B\u00fcy\u00fck\u015fehir Belediye Bandosu e\u015fli\u011finde Ba\u015fkan Se\u00e7er ile caddeyi temizleyen \u00f6zel bireyler, ellerinde &#8216;Gelecek \u0130\u00e7in Geri D\u00f6n\u00fc\u015f\u00fcme \u00d6nem Verin&#8217;, &#8216;Gelece\u011fimiz \u0130\u00e7in S\u0131f\u0131r At\u0131k&#8217;, &#8216;Geri D\u00f6n\u00fc\u015f\u00fcmde \u0130yi Bir Gelecek&#8217; ve &#8216;Geri D\u00f6n\u00fc\u015ft\u00fcr Kullan, Hayata Ba\u011flan&#8217; yaz\u0131l\u0131 d\u00f6vizleri ta\u015f\u0131d\u0131. Etkinli\u011fe \u00e7ok say\u0131da i\u015fitme, g\u00f6rme, zihinsel ve bedensel engelli \u00f6\u011frenci kat\u0131ld\u0131. Ba\u015fkan Se\u00e7er ve \u00f6zel bireyler ellerindeki \u00e7\u00f6p toplama ma\u015falar\u0131 ile cadde boyunca temizlik yapt\u0131.<br \/>\n&#8220;\u00c7evreyi, havay\u0131, denizlerimizi, akarsular\u0131m\u0131z\u0131, ormanlar\u0131m\u0131z\u0131 kirletmeyelim&#8221;<br \/>\nBa\u015fkan Se\u00e7er, \u00c7evre Haftas\u0131&#8217;nda olduklar\u0131n\u0131 vurgulayarak, &#8220;Fark\u0131ndal\u0131k yaratmak i\u00e7in \u00f6zel \u00e7ocuklar\u0131m\u0131zla beraber Atat\u00fcrk Caddesi&#8217;nde temsili bir uygulama yap\u0131yoruz. Atat\u00fcrk Caddesi&#8217;nde vatanda\u015flar\u0131m\u0131z\u0131n kirletti\u011fi caddeleri temizliyoruz. Vatanda\u015flar\u0131m\u0131z\u0131n kirletti\u011fi diyorum; sorumluluk sahibi, bilin\u00e7li yurtta\u015flar\u0131m\u0131z\u0131n \u00e7evreyi temiz tutmas\u0131 gerekir ama sorumsuzluk sahibiysek, \u00e7evre hassasiyetimiz yoksa, \u00e7evreyi kirletebiliyoruz. Bunu ortadan kald\u0131rman\u0131n yolu da bu hassasiyeti ta\u015f\u0131mayan yurtta\u015flar\u0131m\u0131za e\u011fitim yoluyla bu hassasiyeti kazand\u0131rmak. Yani temiz bir \u00e7evrede ya\u015fayal\u0131m, \u00e7evreyi kirletmeyelim, havay\u0131 kirletmeyelim, denizlerimizi, akarsular\u0131m\u0131z\u0131, ormanlar\u0131m\u0131z\u0131 kirletmeyelim. Bu konu da aileden e\u011fitimi ba\u015flat\u0131p, okulda devam ettirip, sokakta s\u00fcrd\u00fcrmek, toplumsal ya\u015fam\u0131n her kademesinde yurtta\u015flar\u0131m\u0131za bu bilinci a\u015f\u0131lamak zorunday\u0131z. Yoksa g\u00f6revlilerin \u00e7evreyi temizlemesi ile \u00e7evre temizlenmez. Vatanda\u015flar\u0131n \u00e7evreyi temiz tutmas\u0131yla \u00e7evre temiz kal\u0131r&#8221; dedi. Mersinli hem\u015ferilerine bir duyuruda bulunan Ba\u015fkan Se\u00e7er, &#8220;Daha temiz bir Mersin&#8217;de ya\u015famak i\u00e7in \u00e7evremizi temiz tutal\u0131m. Bu konuda duyarl\u0131 olmayan yurtta\u015flar\u0131m\u0131za da uygun bir dille uyar\u0131da bulunal\u0131m ve onlar\u0131n da \u00e7evreyi temiz tutmas\u0131n\u0131 sa\u011flayal\u0131m&#8221; diye konu\u015ftu.<br \/>\n&#8220;\u0130klim de\u011fi\u015fikli\u011fi asr\u0131n ve t\u00fcm d\u00fcnyan\u0131n konusu&#8221;<br \/>\n\u0130klim de\u011fi\u015fikli\u011finin son derece \u00f6nemli bir konu oldu\u011funa de\u011finen Ba\u015fkan Se\u00e7er, &#8220;Asr\u0131n konusu, t\u00fcm d\u00fcnyan\u0131n konusu. Bu konuda Mersin B\u00fcy\u00fck\u015fehir Belediyesi olarak da \u00f6zel bir birim olu\u015fturduk. \u0130klim De\u011fi\u015fikli\u011fi \u015eube M\u00fcd\u00fcrl\u00fc\u011f\u00fcm\u00fcz\u00fc kurduk. Neden bunu yapt\u0131k? Mersin&#8217;de \u00e7evreye dair her t\u00fcrl\u00fc de\u011fi\u015fiklikleri yakinen takip etmek, gerekli \u00e7al\u0131\u015fmalar\u0131 yapmak, gerekli e\u011fitimleri vermek; ki bu konuda \u00f6nemli, de\u011ferli i\u015f yapt\u0131\u011f\u0131m\u0131z\u0131 d\u00fc\u015f\u00fcn\u00fcyorum; okul \u00e7a\u011f\u0131ndaki \u00e7ocuklar\u0131m\u0131za \u00e7evre bilincini, iklim de\u011fi\u015fikli\u011fini anlatacak e\u011fitimler veriyoruz. Bunun da son derece \u00f6nemli, \u00f6zel, g\u00fczel bir \u00e7al\u0131\u015fma oldu\u011funu d\u00fc\u015f\u00fcn\u00fcyorum&#8221; ifadelerini kulland\u0131.<br \/>\n&#8220;Mersin de iklim de\u011fi\u015fikli\u011fi konusunda d\u00fcnya co\u011frafyas\u0131nda en hassas yerlerden biri&#8221;<br \/>\nSera gaz\u0131 emisyonunun da en b\u00fcy\u00fck sorunlar\u0131n ba\u015f\u0131nda geldi\u011finden bahseden Se\u00e7er, &#8220;Bunun farkl\u0131 nedenleri var. T\u00fcketti\u011fimiz yak\u0131ttan sanayile\u015fmeye, yeme i\u00e7me al\u0131\u015fkanl\u0131klar\u0131m\u0131za kadar, tar\u0131mda vah\u015fi sulamaya kadar bir\u00e7ok konu sera gaz\u0131 emisyonunun y\u00fckselmesine neden oluyor. Bu da iklim de\u011fi\u015fikli\u011fine neden oluyor. Mersin de iklim de\u011fi\u015fikli\u011fi konusunda en hassas yerlerden biri. D\u00fcnya co\u011frafyas\u0131nda en hassas yerlerden biri. E\u011fer ki Mersin&#8217;de art\u0131 2 derece hava ortalamas\u0131 artarsa, \u0131s\u0131 ortalamas\u0131 artarsa yo\u011fun ya\u011fmurlar, \u015fiddetli ya\u011fmurlar, sa\u011fanaklar, seller, f\u0131rt\u0131nalar, hortumlar gibi bir\u00e7ok hava muhalefetiyle kar\u015f\u0131 kar\u015f\u0131ya kalabiliriz. Bu da hem maddi hem de can kay\u0131plar\u0131na neden olacak de\u011fi\u015fiklikler. Bu duyarl\u0131l\u0131kla \u00e7evremizi daha temiz tutaca\u011f\u0131z&#8221; dedi.<br \/>\n&#8220;Metro&#8217;nun da devreye girmesiyle B\u00fcy\u00fck\u015fehir&#8217;in toplu ta\u015f\u0131ma hizmetlerinde \u00e7evreye duyarl\u0131 temiz yak\u0131t uygulamas\u0131na tamamen ge\u00e7mi\u015f olaca\u011f\u0131z&#8221;<br \/>\nBelediye olarak \u00f6zellikle toplu ta\u015f\u0131mada temiz yak\u0131t kullanarak vatanda\u015flara hizmet vermeye \u00e7al\u0131\u015ft\u0131klar\u0131n\u0131n alt\u0131n\u0131 \u00e7izen Se\u00e7er, &#8220;Mersin&#8217;deki Limonlar, yeni otob\u00fcslerimiz CNG yak\u0131tl\u0131, daha \u00e7evre dostu, daha ye\u015fil dostu. Metro, ger\u00e7ekle\u015fmesi Mersin i\u00e7in \u00e7ok \u00f6nemli. Onun i\u00e7in \u00e7ok yo\u011fun \u00e7aba sarf ediyoruz o projenin tamamlanmas\u0131 i\u00e7in. \u0130n\u015faat\u0131m\u0131z da devam ediyor. Onun da devreye girmesiyle \u00f6zellikle Mersin B\u00fcy\u00fck\u015fehir Belediyesi&#8217;nin toplu ta\u015f\u0131ma hizmetlerinde \u00e7evreye duyarl\u0131 temiz yak\u0131t uygulamas\u0131na tamamen ge\u00e7mi\u015f olaca\u011f\u0131z. \u00c7evre Haftam\u0131z\u0131n kutlu olmas\u0131n\u0131 diliyorum. Bu hafta i\u00e7erisinde \u00e7evre duyarl\u0131l\u0131\u011f\u0131n\u0131n artmas\u0131n\u0131 istiyorum. Bug\u00fcn Atat\u00fcrk Caddesi&#8217;nde bana e\u015flik eden \u00f6zel \u00e7ocuklar\u0131m\u0131za, evlatlar\u0131m\u0131za da te\u015fekk\u00fcr ediyorum. Onlara da bir alk\u0131\u015f istiyorum&#8221; ifadelerine yer verdi.<br \/>\n\u00d6zel bireyler B\u00fcy\u00fck\u015fehir&#8217;in Temizlik Etkinli\u011fi&#8217;nden memnun ayr\u0131ld\u0131<br \/>\nTemizlik etkinli\u011fine kat\u0131lan \u00f6zel bireylerden Alperen Deniz Alp, &#8220;Bug\u00fcn buraya \u00e7evre temizli\u011fi i\u00e7in geldim. At\u0131k toplayaca\u011f\u0131z. \u00c7evre bir ya\u015fam ortam\u0131d\u0131r. Ben \u00e7evremizi temiz tutmaya dikkat ediyorum. \u00c7\u00f6p\u00fcm\u00fc \u00e7\u00f6p kutusuna atmak zorunday\u0131m. G\u00fczel bir etkinlik. Yani arkada\u015flarla birlikte olmak g\u00fczel ger\u00e7ekten. Hem \u00e7evre ad\u0131na hem kendi ad\u0131m\u0131za&#8221; dedi. \u00d6zel bireylerden Furkan Kurt ise etkinli\u011fe arkada\u015flar\u0131 ile birlikte kat\u0131ld\u0131\u011f\u0131ndan s\u00f6z ederek, &#8220;Bug\u00fcn \u00c7evre Etkinli\u011fi G\u00fcn\u00fc. Yani insanlar\u0131 uyarmak i\u00e7in geldik. \u0130nsanlar\u0131, \u00e7evremizdeki uyarmam\u0131z ve yerlere \u00e7\u00f6plerin at\u0131lmamas\u0131 gerekiyor. \u00c7\u00fcnk\u00fc \u00e7evreye zarar vermemeliyiz. Etkinlik kapsam\u0131nda \u00e7\u00f6p toplayaca\u011f\u0131z, insanlar\u0131 uyaraca\u011f\u0131z. Vatanda\u015flara \u015funu s\u00f6ylemek istiyorum; \u00e7evremizi temiz tutal\u0131m, \u00e7evremizi kirletmeyelim&#8221; diye konu\u015ftu.<\/p>\n","protected":false},"excerpt":{"rendered":"<p>Mersin B\u00fcy\u00fck\u015fehir Belediyesi taraf\u0131ndan d\u00fczenlenen &#8216;5 Haziran D\u00fcnya \u00c7evre G\u00fcn\u00fc&#8217; kapsam\u0131nda d\u00fczenlenen etkinlikler dolu dolu ge\u00e7iyor. Mersin B\u00fcy\u00fck\u015fehir Belediye Ba\u015fkan\u0131 Vahap Se\u00e7er de D\u00fcnya \u00c7evre G\u00fcn\u00fc etkinlikleri kapsam\u0131nda \u00e7evre konusunda &hellip; <a href=\"https:\/\/akdenizolaygazetesi.com\/?p=19130\" class=\"more-link\">Devam\u0131n\u0131 Oku&#8230;<\/a><\/p>\n","protected":false},"author":2,"featured_media":19131,"comment_status":"open","ping_status":"open","sticky":false,"template":"","format":"standard","meta":[],"categories":[2,3,5],"tags":[],"_links":{"self":[{"href":"https:\/\/akdenizolaygazetesi.com\/index.php?rest_route=\/wp\/v2\/posts\/19130"}],"collection":[{"href":"https:\/\/akdenizolaygazetesi.com\/index.php?rest_route=\/wp\/v2\/posts"}],"about":[{"href":"https:\/\/akdenizolaygazetesi.com\/index.php?rest_route=\/wp\/v2\/types\/post"}],"author":[{"embeddable":true,"href":"https:\/\/akdenizolaygazetesi.com\/index.php?rest_route=\/wp\/v2\/users\/2"}],"replies":[{"embeddable":true,"href":"https:\/\/akdenizolaygazetesi.com\/index.php?rest_route=%2Fwp%2Fv2%2Fcomments&post=19130"}],"version-history":[{"count":1,"href":"https:\/\/akdenizolaygazetesi.com\/index.php?rest_route=\/wp\/v2\/posts\/19130\/revisions"}],"predecessor-version":[{"id":19132,"href":"https:\/\/akdenizolaygazetesi.com\/index.php?rest_route=\/wp\/v2\/posts\/19130\/revisions\/19132"}],"wp:featuredmedia":[{"embeddable":true,"href":"https:\/\/akdenizolaygazetesi.com\/index.php?rest_route=\/wp\/v2\/media\/19131"}],"wp:attachment":[{"href":"https:\/\/akdenizolaygazetesi.com\/index.php?rest_route=%2Fwp%2Fv2%2Fmedia&parent=19130"}],"wp:term":[{"taxonomy":"category","embeddable":true,"href":"https:\/\/akdenizolaygazetesi.com\/index.php?rest_route=%2Fwp%2Fv2%2Fcategories&post=19130"},{"taxonomy":"post_tag","embeddable":true,"href":"https:\/\/akdenizolaygazetesi.com\/index.php?rest_route=%2Fwp%2Fv2%2Ftags&post=19130"}],"curies":[{"name":"wp","href":"https:\/\/api.w.org\/{rel}","templated":true}]}}