{"id":19133,"date":"2022-06-07T12:29:26","date_gmt":"2022-06-07T09:29:26","guid":{"rendered":"http:\/\/akdenizolaygazetesi.com\/?p=19133"},"modified":"2022-06-07T12:29:26","modified_gmt":"2022-06-07T09:29:26","slug":"buyuksehirden-cevre-gunu-farkindaligi-iklim-degismesin-biz-degiselim","status":"publish","type":"post","link":"https:\/\/akdenizolaygazetesi.com\/?p=19133","title":{"rendered":"B\u00dcY\u00dcK\u015eEH\u0130R&#8217;DEN \u00c7EVRE G\u00dcN\u00dc FARKINDALI\u011eI: &#8220;\u0130KL\u0130M DE\u011e\u0130\u015eMES\u0130N, B\u0130Z DE\u011e\u0130\u015eEL\u0130M&#8221;"},"content":{"rendered":"<p>Mersin B\u00fcy\u00fck\u015fehir Belediyesi, her y\u0131l oldu\u011fu gibi bu y\u0131l da birbirinden renkli etkinliklerle 5 Haziran D\u00fcnya \u00c7evre G\u00fcn\u00fc&#8217;nde fark\u0131ndal\u0131k yaratt\u0131. B\u00fcy\u00fck\u015fehir Belediyesi \u00c7evre Koruma ve Kontrol Dairesi koordinesinde, \u00d6zgecan Aslan Bar\u0131\u015f Meydan\u0131&#8217;nda &#8220;\u0130klim ve \u00c7evre \u015eenli\u011fi&#8221; d\u00fczenlendi. &#8220;\u0130klim De\u011fi\u015fmesin, Biz De\u011fi\u015felim&#8221; mottusuyla d\u00fczenlenen \u015fenlik; geri d\u00f6n\u00fc\u015f\u00fcm sergisi, at\u0131k malzemelerin d\u00f6n\u00fc\u015ft\u00fcr\u00fcld\u00fc\u011f\u00fc sanatsal tasar\u0131m yar\u0131\u015fmas\u0131 ve miniklerin geri d\u00f6n\u00fc\u015f\u00fcm k\u0131yafetleri ile y\u00fcr\u00fcd\u00fc\u011f\u00fc defileyle renklenirken, B\u00fcy\u00fck\u015fehir Belediyesi Kent Orkestras\u0131 vatanda\u015flara bir konser verdi.<br \/>\nBisiklet Turu d\u00fczenlendi<br \/>\nMersin B\u00fcy\u00fck\u015fehir Belediyesi ile Mersin Valili\u011fi \u00c7evre, \u015eehircilik ve \u0130klim De\u011fi\u015fikli\u011fi \u0130l M\u00fcd\u00fcrl\u00fc\u011f\u00fcn\u00fcn y\u00fcr\u00fct\u00fcc\u00fcl\u00fc\u011f\u00fcnde d\u00fczenlenen D\u00fcnya \u00c7evre G\u00fcn\u00fc etkinli\u011fi kapsam\u0131nda, temiz \u00e7evre ve iklim de\u011fi\u015fikli\u011fine dikkat \u00e7ekmek ad\u0131na &#8216;\u0130klim \u0130\u00e7in Bisiklet Turu&#8217; d\u00fczenlendi. Bisiklet Turu&#8217;na Mersin Bisikletli Gezginler Derne\u011fi, Tarsus Kent Konseyi Bisiklet Toplulu\u011fu, Mersin S\u00fcsl\u00fc Kad\u0131nlar, Mezitli Kent Konseyi Bisiklet Toplulu\u011fu, Zirve Bisiklet Toplulu\u011fu, Mersin Bisikletliler Derne\u011fi, Pompei Bisiklet Toplulu\u011fu gibi Sivil Toplum Kurulu\u015flar\u0131 destek verdiler. Cumhuriyet Meydan\u0131&#8217;nda bulunan Atat\u00fcrk An\u0131t\u0131&#8217;na \u00e7elenk sunumu ve \u0130stiklal Mar\u015f\u0131&#8217;n\u0131n okunmas\u0131yla ba\u015flayan etkinlikte bisikletliler kent i\u00e7inde bisiklet turu yaparak, \u00d6zgecan Aslan Bar\u0131\u015f Meydan\u0131&#8217;ndaki \u015fenli\u011fe kat\u0131ld\u0131lar. Yap\u0131lan bisiklet turunda, ara\u00e7 yerine bisiklet tercih eden her bisikletli, atmosfere 1,3 kg. karbondioksit sal\u0131nmas\u0131n\u0131 engelledi.<br \/>\n&#8216;Liseler Aras\u0131 At\u0131k Malzemelerden Sanatsal Tasar\u0131m Yar\u0131\u015fmas\u0131&#8217;nda ilk 3 isme \u00f6d\u00fclleri verildi<br \/>\nMersin B\u00fcy\u00fck\u015fehir Belediyesi ve \u0130l Milli E\u011fitim M\u00fcd\u00fcrl\u00fc\u011f\u00fc i\u015f birli\u011finde &#8220;Atma D\u00f6n\u00fc\u015ft\u00fcr; Tasarla, Yar\u0131\u015ft\u0131r&#8221; mottosuyla &#8220;Liseler Aras\u0131 At\u0131k Malzemelerden Sanatsal Tasar\u0131m Yar\u0131\u015fmas\u0131&#8221; d\u00fczenlendi. Yar\u0131\u015fmaya Mersin&#8217;deki t\u00fcm liselerden toplam 156 tasar\u0131m ba\u015fvurusu yap\u0131ld\u0131. Yar\u0131\u015fma komisyonunun \u00f6n de\u011ferlendirmesi sonucu, 76 tasar\u0131m sergilenmeye hak kazand\u0131. Bar\u0131\u015f Meydan\u0131&#8217;nda sergilenerek vatanda\u015flar\u0131n ilgisini toplayan sergide, j\u00fcri dereceye giren ilk 3 tasar\u0131m\u0131 se\u00e7ti. Kazananlar\u0131n isimlerinin d\u00fczenlenen t\u00f6renle a\u00e7\u0131kland\u0131\u011f\u0131 yar\u0131\u015fmada, ilk 3 tasar\u0131m sahibi \u00f6\u011frenciye \u00f6d\u00fclleri verildi. Yar\u0131\u015fmada; birincili\u011fe \u015eahin Karaduman, ikincili\u011fe Mustafa Demirta\u015f, \u00fc\u00e7\u00fcnc\u00fcl\u00fc\u011fe ise Berfin Y\u00fcnc\u00fc lay\u0131k g\u00f6r\u00fcld\u00fc.<br \/>\nYar\u0131\u015fman\u0131n \u00f6zel \u00f6d\u00fcl\u00fc ise; Ay\u015fenur Er\u00e7ivan ve Lara Cemile Kaymaz&#8217;a verildi. Dereceye giren ilk 3 \u00f6\u011frenciye \u00f6d\u00fcllerini Mersin B\u00fcy\u00fck\u015fehir Belediyesi Genel Sekreter Vekili Olcay TOK verdi. J\u00fcri \u00f6zel \u00f6d\u00fcl\u00fcne lay\u0131k g\u00f6r\u00fclen \u00f6\u011frencilere de \u00f6d\u00fcllerini \u0130l Milli E\u011fitim M\u00fcd\u00fcr Yard\u0131mc\u0131s\u0131 Kamil \u00c7elebiy\u0131lmaz teslim etti. \u00c7evre Koruma ve Kontrol Dairesi Ba\u015fkan\u0131 Dr. B\u00fclent Halisdemir yar\u0131\u015fmaya kat\u0131lan t\u00fcm kat\u0131l\u0131mc\u0131lara sertifika verdi ve \u015fenli\u011fe kat\u0131lanlara te\u015fekk\u00fcr etti.<br \/>\nEker: &#8220;G\u00fcn boyu sergilerimiz devam etti&#8221;<br \/>\n\u00c7evre Koruma ve Kontrol Dairesi \u00c7evre Koruma \u015eube M\u00fcd\u00fcr\u00fc Sad\u0131k Eker, 5 Haziran D\u00fcnya \u00c7evre G\u00fcn\u00fc kapsam\u0131nda etkinlik program\u0131n\u0131 ba\u015flatt\u0131klar\u0131n\u0131 s\u00f6yleyerek, &#8220;\u0130lk etkinli\u011fimizi bug\u00fcn d\u00fczenledik. Ad\u0131, \u0130klim ve \u00c7evre \u015eenli\u011fi. \u015eenlik kapsam\u0131nda liseler aras\u0131 geri d\u00f6n\u00fc\u015f\u00fcm malzemelerinden at\u0131k tasar\u0131m\u0131 yar\u0131\u015fmas\u0131 d\u00fczenledik. Geri d\u00f6n\u00fc\u015f\u00fcme ve \u00e7evre konusuna vatanda\u015flar\u0131m\u0131z\u0131n dikkatini \u00e7ekmek \u00fczere bu etkinli\u011fimizi d\u00fczenledik. Etkinlikler sabah ba\u015flad\u0131. G\u00fcn boyu sergilerimiz devam etti&#8221; dedi.<br \/>\nKavakl\u0131: &#8220;&#8216;Atmay\u0131n, d\u00f6n\u00fc\u015ft\u00fcr\u00fcn ve tasarlay\u0131n&#8217; dedik&#8221;<br \/>\nMersin B\u00fcy\u00fck\u015fehir Belediyesi ve \u0130l Milli E\u011fitim M\u00fcd\u00fcrl\u00fc\u011f\u00fc i\u015f birli\u011fi ile haz\u0131rlanan &#8220;Atma D\u00f6n\u00fc\u015ft\u00fcr; Tasarla, Yar\u0131\u015ft\u0131r&#8221; mottosuyla d\u00fczenlenen &#8220;Liseler Aras\u0131 At\u0131k Malzemelerden Sanatsal Tasar\u0131m Yar\u0131\u015fmas\u0131&#8221; sergisi hakk\u0131nda konu\u015fan \u0130l Milli E\u011fitim M\u00fcd\u00fcrl\u00fc\u011f\u00fc ARGE biriminde g\u00f6rev yapan Aycan Kavakl\u0131, &#8220;\u0130limizdeki t\u00fcm liselerimizden 156 tasar\u0131m ba\u015fvurusu yap\u0131ld\u0131 bu sene. \u00c7ok da g\u00fczel tasar\u0131mlar vard\u0131. Yap\u0131lan komisyonun \u00f6n de\u011ferlendirmesi sonucu 76 tasar\u0131m burada sergilenmeye hak kazand\u0131 ve finalde yar\u0131\u015facaklar. J\u00fcri \u00fcyelerimiz onlar\u0131 de\u011ferlendirecek, sonras\u0131nda da ilk 3 belirlenecek&#8221; diye konu\u015ftu. Etkinli\u011fin \u00e7ok g\u00fczel bir iklim ve \u00e7evre \u015fenli\u011finin dahilinde yap\u0131ld\u0131\u011f\u0131n\u0131 vurgulayan Kavakl\u0131, &#8220;Hem geri d\u00f6n\u00fc\u015f\u00fcm hem de geri d\u00f6n\u00fc\u015f\u00fcm malzemelerinin tekrar kullanma fark\u0131ndal\u0131\u011f\u0131yla art\u0131r\u0131lmas\u0131n\u0131 ama\u00e7lam\u0131\u015ft\u0131k. Ayn\u0131 zamanda da yarat\u0131c\u0131l\u0131klar\u0131n\u0131n geli\u015fimine katk\u0131 sunmak i\u00e7in de bu yar\u0131\u015fmay\u0131 d\u00fczenledik. &#8216;Atmay\u0131n, d\u00f6n\u00fc\u015ft\u00fcr\u00fcn ve tasarlay\u0131n&#8217; dedik&#8221; ifadelerini kulland\u0131.<br \/>\nBisikletliler: &#8220;Bisiklet i\u00e7in \u00e7ok g\u00fczel bir \u015fehir&#8221;<br \/>\nBisiklet turuyla ba\u015flayan \u015fenlikte, bisikletliler \u00e7evre fark\u0131ndal\u0131\u011f\u0131 yaratmak i\u00e7in kent merkezinde pedal \u00e7evirdi. Mersin Bisiklet Derne\u011fi Ba\u015fkan\u0131 S\u00fcleyman Uygun, &#8220;D\u00fcnya \u00c7evre G\u00fcn\u00fc&#8217;nde bisiklet temal\u0131 bir etkinlik yap\u0131lmas\u0131 \u00e7ok daha anlaml\u0131 oldu. Zaten bu \u00e7evre g\u00fcn\u00fcnde yap\u0131labilecek en g\u00fczel etkinlikti. Hep beraber buraday\u0131z ve hep beraber olmaya devam edece\u011fiz&#8221; dedi.<br \/>\nAilesi ile birlikte bisiklet turuna kat\u0131lan H\u00fcseyin Zelder, &#8220;Mersin&#8217;e geleli 1 sene oldu. Bisiklet i\u00e7in \u00e7ok g\u00fczel bir \u015fehir. Ailecek bisiklete biniyoruz zaten. Etkinlik g\u00fczeldi&#8221; dedi.<br \/>\n Nevit Kodall\u0131 G\u00fczel Sanatlar Lisesi M\u00fcd\u00fcr\u00fc H\u00fcseyin Balta ise, &#8220;Okula bisikletimle gidip geliyorum. Etkinlik gayet g\u00fczeldi. E\u015fimle beraber kat\u0131ld\u0131k. Herkesin bisiklete binmesini tavsiye ediyorum. Bisiklet bulunmaz bir ula\u015f\u0131m arac\u0131&#8221; ifadelerini kulland\u0131.<br \/>\nAlk\u0131\u015f: &#8220;\u0130nsanlar\u0131, eski \u00fcr\u00fcnlerini yeniye \u00e7evirmekle te\u015fvik etmeye \u00e7al\u0131\u015f\u0131yoruz&#8221;<br \/>\n\u00d6zgecan Aslan Bar\u0131\u015f Meydan\u0131&#8217;n\u0131 g\u00fcn boyu s\u00fcsleyen sergiler de g\u00f6z doldurdu. Kad\u0131n \u00fcretici stantlar\u0131nda at\u0131k malzemeleri d\u00f6n\u00fc\u015ft\u00fcrd\u00fc\u011f\u00fc sergiyi vatanda\u015flarla payla\u015fan G\u00fclay Alk\u0131\u015f, \u015funlar\u0131 s\u00f6yledi:<br \/>\n&#8220;Eski g\u00f6mleklerimizi d\u00f6n\u00fc\u015ft\u00fcr\u00fcyoruz. Boyamalar yap\u0131yoruz. Bu \u015fekilde de eski, kullanmad\u0131\u011f\u0131m\u0131z \u00fcr\u00fcnleri yeniye \u00e7eviriyoruz. Mesela \u00e7antalar\u0131, ayakkab\u0131lar\u0131, g\u00f6mlekleri, \u015fapkalar\u0131 hepsini d\u00f6n\u00fc\u015ft\u00fcrmeye ba\u015flad\u0131k. Malum \u015fu s\u00fcre\u00e7te yeni \u00fcr\u00fcnler almak zor, o y\u00fczden biz de insanlar\u0131, eski \u00fcr\u00fcnlerini yeniye \u00e7evirmeye te\u015fvik etmeye \u00e7al\u0131\u015f\u0131yoruz. D\u00f6n\u00fc\u015ft\u00fcrmeye ba\u015flad\u0131\u011f\u0131n\u0131z zaman zaten zaman\u0131n ak\u0131p gitti\u011fini anlam\u0131yorsunuz bile. Bu y\u00fczden de hayal g\u00fcc\u00fcn\u00fcze kalm\u0131\u015f t\u00fcm \u00fcr\u00fcnleri elde edebiliyorsunuz. \u00dcr\u00fcnler eskiyor. Diyorlar ki &#8216;Ben art\u0131k bunu kullanmak istemiyorum&#8217;. &#8216;Hay\u0131r&#8217; diyoruz. &#8216;L\u00fctfen gelin, hep beraber \u00fcr\u00fcnlerimizi boyayal\u0131m, d\u00f6n\u00fc\u015ft\u00fcrelim ve yepyeni \u00fcr\u00fcnler elde edelim&#8217; diyoruz. Hi\u00e7bir zaman eski \u00fcr\u00fcnlerinizi atmay\u0131n. \u0130nsanlar\u0131m\u0131zdan ricam\u0131z; \u00e7evremizi ciddi anlamda temiz tutal\u0131m. Gelecek nesillere, \u00e7ocuklar\u0131m\u0131za g\u00fczel bir d\u00fcnya verelim.&#8221;<br \/>\nAl\u00e7aml\u0131: &#8220;T\u00fcrkiye&#8217;de s\u0131k\u0131nt\u0131l\u0131 ve veya mutlu an\u0131lar\u0131 biriktirmek i\u00e7in yapt\u0131\u011f\u0131m kalemler var&#8221;<br \/>\nMersin Su ve Kanalizasyon \u0130daresi&#8217;nde (MESK\u0130) kimya m\u00fchendisi olarak g\u00f6rev yapan Recep Al\u00e7aml\u0131, bitmeye yak\u0131n kur\u015fun kalemleri d\u00f6n\u00fc\u015ft\u00fcrerek \u015fa\u015f\u0131rt\u0131c\u0131 bir sanata d\u00f6n\u00fc\u015ft\u00fcrd\u00fc\u011f\u00fc sergisi hakk\u0131nda \u015fu bilgileri verdi:<br \/>\n&#8220;2010 y\u0131l\u0131ndan beri heykel kalemler yap\u0131yorum. 12 y\u0131ld\u0131r bu \u00e7al\u0131\u015fmalar\u0131 yapt\u0131\u011f\u0131m i\u00e7in ilk ba\u015flarda orijinal yapmaya ba\u015flad\u0131m, daha sonra T\u00fcrkiye&#8217;de s\u0131k\u0131nt\u0131l\u0131 ve veya mutlu an\u0131lar\u0131 biriktirmek i\u00e7in yapt\u0131\u011f\u0131m kalemler var. Mesela \u015fehitlerimiz i\u00e7in ve kad\u0131na \u015fiddete kar\u015f\u0131 yapt\u0131\u011f\u0131m kalemler var. Ge\u00e7en y\u0131l T\u00fcrkiye&#8217;de ve d\u00fcnyada meydana gelen orman yang\u0131nlar\u0131 i\u00e7in yapt\u0131\u011f\u0131m kalemler var. Daha \u00e7ok sosyal sorumluluk anlam\u0131nda \u00e7al\u0131\u015fmalar\u0131 \u00f6n planda tutuyorum. Kalemlerin hepsi kullan\u0131lm\u0131\u015f eski, kur\u015fun kalemler.&#8221;<br \/>\n\u00c7obano\u011flu: &#8220;D\u00fcnyam\u0131z \u00e7ok de\u011ferli ve biz giderek kirletmeye ba\u015flad\u0131k&#8221;<br \/>\nAt\u0131k malzemelerden haz\u0131rlad\u0131\u011f\u0131 kost\u00fcmle yar\u0131\u015fmaya kat\u0131ld\u0131\u011f\u0131n\u0131 ifade eden Yeni\u015fehir Mehmet Akif Ersoy Sosyal Bilimler Lisesi \u00f6\u011frencisi \u0130pek Belinay \u00c7obano\u011flu, &#8220;Ger\u00e7ekten d\u00fcnyam\u0131z \u00e7ok de\u011ferli ve biz giderek kirletmeye ba\u015flad\u0131k. Bu kost\u00fcm\u00fc, insanlar\u0131n bu konuda ger\u00e7ekten bilin\u00e7li olup, dikkatli olmalar\u0131 mesaj\u0131n\u0131 vermek i\u00e7in giydim&#8221; diye konu\u015ftu.<br \/>\n&#8220;Kirlili\u011fi k\u00f6t\u00fc bir \u015fey olarak g\u00f6stermeye \u00e7al\u0131\u015ft\u0131m&#8221;<br \/>\nNevit Kodall\u0131 G\u00fczel Sanatlar Lisesi \u00f6\u011frencisi Mustafa Demirta\u015f, G\u00fcney Afrikal\u0131 Pulitzer \u00f6d\u00fcll\u00fc foto\u011fraf\u00e7\u0131 Kevin Carter&#8217;\u0131n me\u015fhur akbaba foto\u011fraf\u0131na g\u00f6nderme yapt\u0131\u011f\u0131 eseri ile yar\u0131\u015fmada yerini ald\u0131. Demirta\u015f, &#8220;Akbaba \u00f6l\u00fcm\u00fc simge ediyor. G\u00f6zlerindeki ayna ki\u015fiyi temsil ediyor. Bebekte, zaten oradaki bebekte k\u0131z \u00e7ocu\u011fuydu, do\u011furganl\u0131\u011f\u0131 temsil ediyor. Plastik y\u00fczy\u0131llarca yok olmuyor, ona g\u00f6nderme yapt\u0131m. Kirlilik d\u00fcnyay\u0131 mahvediyor. O y\u00fczden po\u015fetleri siyah yapt\u0131m. Kirlili\u011fi k\u00f6t\u00fc bir \u015fey olarak g\u00f6stermeye \u00e7al\u0131\u015ft\u0131m. \u00c7evreyi temiz tutal\u0131m, d\u00fcnyay\u0131 kirletmeyelim&#8221; ifadelerini kulland\u0131.<\/p>\n","protected":false},"excerpt":{"rendered":"<p>Mersin B\u00fcy\u00fck\u015fehir Belediyesi, her y\u0131l oldu\u011fu gibi bu y\u0131l da birbirinden renkli etkinliklerle 5 Haziran D\u00fcnya \u00c7evre G\u00fcn\u00fc&#8217;nde fark\u0131ndal\u0131k yaratt\u0131. B\u00fcy\u00fck\u015fehir Belediyesi \u00c7evre Koruma ve Kontrol Dairesi koordinesinde, \u00d6zgecan Aslan &hellip; <a href=\"https:\/\/akdenizolaygazetesi.com\/?p=19133\" class=\"more-link\">Devam\u0131n\u0131 Oku&#8230;<\/a><\/p>\n","protected":false},"author":2,"featured_media":19134,"comment_status":"open","ping_status":"open","sticky":false,"template":"","format":"standard","meta":[],"categories":[34,3,10],"tags":[],"_links":{"self":[{"href":"https:\/\/akdenizolaygazetesi.com\/index.php?rest_route=\/wp\/v2\/posts\/19133"}],"collection":[{"href":"https:\/\/akdenizolaygazetesi.com\/index.php?rest_route=\/wp\/v2\/posts"}],"about":[{"href":"https:\/\/akdenizolaygazetesi.com\/index.php?rest_route=\/wp\/v2\/types\/post"}],"author":[{"embeddable":true,"href":"https:\/\/akdenizolaygazetesi.com\/index.php?rest_route=\/wp\/v2\/users\/2"}],"replies":[{"embeddable":true,"href":"https:\/\/akdenizolaygazetesi.com\/index.php?rest_route=%2Fwp%2Fv2%2Fcomments&post=19133"}],"version-history":[{"count":1,"href":"https:\/\/akdenizolaygazetesi.com\/index.php?rest_route=\/wp\/v2\/posts\/19133\/revisions"}],"predecessor-version":[{"id":19135,"href":"https:\/\/akdenizolaygazetesi.com\/index.php?rest_route=\/wp\/v2\/posts\/19133\/revisions\/19135"}],"wp:featuredmedia":[{"embeddable":true,"href":"https:\/\/akdenizolaygazetesi.com\/index.php?rest_route=\/wp\/v2\/media\/19134"}],"wp:attachment":[{"href":"https:\/\/akdenizolaygazetesi.com\/index.php?rest_route=%2Fwp%2Fv2%2Fmedia&parent=19133"}],"wp:term":[{"taxonomy":"category","embeddable":true,"href":"https:\/\/akdenizolaygazetesi.com\/index.php?rest_route=%2Fwp%2Fv2%2Fcategories&post=19133"},{"taxonomy":"post_tag","embeddable":true,"href":"https:\/\/akdenizolaygazetesi.com\/index.php?rest_route=%2Fwp%2Fv2%2Ftags&post=19133"}],"curies":[{"name":"wp","href":"https:\/\/api.w.org\/{rel}","templated":true}]}}