{"id":19136,"date":"2022-06-07T12:31:30","date_gmt":"2022-06-07T09:31:30","guid":{"rendered":"http:\/\/akdenizolaygazetesi.com\/?p=19136"},"modified":"2022-06-07T12:31:30","modified_gmt":"2022-06-07T09:31:30","slug":"mersin-halinden-nacarliya-paralel-bir-yol-da-planlaniyor","status":"publish","type":"post","link":"https:\/\/akdenizolaygazetesi.com\/?p=19136","title":{"rendered":"Mersin Hali\u2019nden Nacarl\u0131\u2019ya paralel bir yol da planlan\u0131yor"},"content":{"rendered":"<p>Akdeniz Belediye Ba\u015fkan\u0131 M. Mustafa G\u00fcltak; \u201cAna konteyn\u0131r aktarma liman\u0131 ile birlikte Mersin Liman\u0131 daha da b\u00fcy\u00fcyecek, \u00fclkemiz ve kentimiz ekonomisine katk\u0131s\u0131 4 kat artacak. \u00c7ok ciddi bir istihdam imk\u00e2n\u0131 da olu\u015facak ve projeden herkes faydalanacak. \u015eehrimizin kaderini de\u011fi\u015ftirecek bir hamledir. Bir liman \u015fehri olan Mersin\u2019i b\u00fcy\u00fctmek istiyorsak \u00f6ncelikle Akdeniz\u2019i yap\u0131land\u0131rmam\u0131z laz\u0131m. Akdeniz\u2019i yap\u0131land\u0131rmadan bu liman\u0131 da yapamay\u0131z. \u0130\u015fte biz, bu \u015fehri bir lojistik \u00fcss\u00fcne ve d\u00fcnyan\u0131n en g\u00fc\u00e7l\u00fc liman \u015fehrine \u00e7evirmek i\u00e7in u\u011fra\u015f\u0131yor, bug\u00fcnden bunun temellerini at\u0131yoruz\u201d dedi.<br \/>\nAkdeniz Belediyesi Haziran ay\u0131 Meclis toplant\u0131s\u0131nda, baz\u0131 Meclis \u00fcyelerinin 1\/5000 \u00f6l\u00e7ekli naz\u0131m imar plan\u0131 ilgili g\u00f6r\u00fc\u015flerini, \u00f6neri ve baz\u0131 ele\u015ftirilerini dinleyen Akdeniz Belediye Ba\u015fkan\u0131 M. Mustafa G\u00fcltak; \u201cYo\u011fun \u00e7al\u0131\u015fmalar\u0131m\u0131z sonucu, 2021\u2019in Ocak ay\u0131nda Mersin\u2019in tar\u0131m g\u00f6r\u00fc\u015f\u00fc Bakanl\u0131\u011f\u0131m\u0131zdan geldi. Yakla\u015f\u0131k 1 bu\u00e7uk y\u0131l oldu. Kanun; \u20182 y\u0131l i\u00e7inde tar\u0131m g\u00f6r\u00fc\u015f\u00fc ile ilgili i\u015flem yapmazsan\u0131z g\u00f6r\u00fc\u015f iptal olur\u2019 diyor. Mersin B\u00fcy\u00fck\u015fehir 1 y\u0131l bekledi. B\u00fcy\u00fck\u015fehir Belediye Ba\u015fkan\u0131 ve imar komisyonu \u00fcyelerine ula\u015ft\u0131m; \u2018Bir y\u0131l ge\u00e7ti, bunu 1 y\u0131l i\u00e7inde yapmazsan\u0131z g\u00f6r\u00fc\u015f gidiyor\u2019 dedim. Bunun \u00fczerine biraz h\u0131zlan\u0131ld\u0131. Deli \u00c7ay\u2019a kadar olan b\u00f6l\u00fcmde 1\/5.000\u2019lik bitirdiler. Tahmin ediyorum \u015fu an ask\u0131 s\u00fcrecinde ve itirazlar de\u011ferlendiriliyor. Bu s\u00fcre\u00e7ten sonra, Deli \u00c7ay\u2019a kadar olan b\u00f6l\u00fcm bize gelecek, binli\u011fini yapaca\u011f\u0131z. B\u00fcy\u00fck\u015fehir b\u00fcnyesinde oldu\u011fu i\u00e7in temas halindeyiz. B\u00fcy\u00fck\u015fehir Belediye Ba\u015fkan\u0131 ve b\u00fcrokratlar\u0131na te\u015fekk\u00fcr ediyoruz. \u0130mar konusunda hakikaten koordineli \u00e7al\u0131\u015f\u0131yoruz. Bir-iki ay i\u00e7erisinde de tahmin ediyorum Deli \u00c7ay\u2019dan Nacarl\u0131\u2019ya kadar olan b\u00f6l\u00fcmde 5000\u2019lik, B\u00fcy\u00fck\u015fehir Meclisi\u2019ne gelir diye hesapl\u0131yoruz\u201d \u015feklinde konu\u015ftu.<br \/>\nMersin Hali\u2019nden Nacarl\u0131\u2019ya paralel bir yol da planlan\u0131yor<br \/>\nBa\u015fkan G\u00fcltak; ayr\u0131ca Mersin halinden ba\u015flayan ve Nacarl\u0131\u2019ya kadar giden D-400\u2019e paralel bir yolun da s\u00f6z konusu oldu\u011funu belirterek, \u201cBu da hem hal esnaf\u0131n\u0131 hem sanayiciyi rahatlatacak. Yani D-400\u2019e inmeden otobandan inen bir arkada\u015f\u0131m\u0131z, direkt halden Nacarl\u0131\u2019ya kadar, organize sanayinin i\u00e7ine kadar girecek. Ya da organize sanayiden \u00e7\u0131kan bir arkada\u015f, D-400\u2019e inmeden \u015fehir i\u00e7ine hi\u00e7 u\u011framadan gelebilecek. Bu yol da o uygulamalar\u0131n i\u00e7inde var. Bu yol \u015fehrin kaderini de\u011fi\u015ftirecek projelerden biri. 5 binli\u011fi ve binli\u011fi bitirecek; binli\u011fi esnas\u0131nda biz 18 uygulamas\u0131n\u0131 yapaca\u011f\u0131z, kamula\u015ft\u0131rmalar\u0131 azaltaca\u011f\u0131z. B\u00fcy\u00fck\u015fehir\u2019in b\u00fcnyesinde bir yol. Ama biz bug\u00fcn o s\u00f6z\u00fc verdik, i\u015flem yava\u015f gitti\u011fi i\u00e7in bir \u015fey s\u00f6yleyemiyorum ama ben burada oldu\u011fum s\u00fcrece, bir \u015fekilde iktidara da o yolu \u00f6n\u00fcm\u00fczdeki d\u00f6nemde Karayollar\u0131 b\u00fcnyesine ald\u0131r\u0131p, Karayollar\u0131 taraf\u0131ndan yap\u0131lmas\u0131n\u0131 sa\u011flayaca\u011f\u0131z. \u00c7\u00fcnk\u00fc B\u00fcy\u00fck\u015fehir\u2019in imk\u00e2nlar\u0131 ile o yolu yapmak kolay de\u011fil\u201d ifadelerini kulland\u0131.<br \/>\n\u201c\u015eehrin kaderini de\u011fi\u015ftirecek \u00f6nemli projeler\u201d<br \/>\nS\u00f6zlerini; \u201cHem sanayicilerimiz hem Mersinliler merak etmesin\u201d diyerek s\u00fcrd\u00fcren Ba\u015fkan G\u00fcltak, \u201cB\u00fct\u00fcn bunlar kritik, bug\u00fcne dek 1 milim ilerlememi\u015f sorunlar. Buraya yeni yat\u0131r\u0131mc\u0131lar geldi\u011finde istihdam olu\u015fur. Bu istihdamdan y\u00f6re insanlar\u0131 faydalanacak. \u015eehrin kaderini de\u011fi\u015ftirecek \u00e7ok \u00f6nemli projeler. \u0130lerliyoruz; Mersin B\u00fcy\u00fck\u015fehir Belediyesi ile birlikte daha da h\u0131zland\u0131k. Kendi d\u00f6nemimizde 5 binlik ve binlikler biter, projenin daha da ilerlemi\u015f oldu\u011funu g\u00f6rece\u011fiz.\u201d<br \/>\n\u201cKaraduvar\u2019\u0131n kentsel d\u00f6n\u00fc\u015f\u00fcm\u00fc i\u00e7in deste\u011fe haz\u0131r\u0131z\u201d<br \/>\nBa\u015fkan G\u00fcltak; 1\/5.000 \u00f6l\u00e7ekli naz\u0131m imar plan\u0131 kapsam\u0131nda, etraf\u0131 ticari alan, fabrikalar veya antrepo dolmu\u015f baz\u0131 yerle\u015fim yerlerinde bulunan mevcut konutlar\u0131n, s\u00f6z konusu naz\u0131m imar plan\u0131nda halen konut olarak korundu\u011fu, bu durumun da gelecekte s\u0131k\u0131nt\u0131lara neden olabilece\u011fi y\u00f6n\u00fcndeki ele\u015ftiriye de yan\u0131t verdi. S\u00f6zlerine; \u201cGe\u00e7mi\u015ften kaynakl\u0131 bir\u00e7ok yap\u0131 stoku var. \u0130nsanlar\u0131 ne yapaca\u011f\u0131z? Bunu Karaduvar b\u00f6lgesinde yapt\u0131lar\u201d diyerek devam eden Ba\u015fkan G\u00fcltak \u201cBaz\u0131 Meclis \u00fcyelerimiz ve B\u00fcy\u00fck\u015fehir\u2019den baz\u0131 Meclis \u00fcyeleri oraya gidip bas\u0131n a\u00e7\u0131klamas\u0131 yapt\u0131. Karaduvar\u2019\u0131n \u00fcst\u00fc ve i\u00e7inde, dibinde ne var? Enerji sahas\u0131 ve petrol sahalar\u0131 ile evlerin aras\u0131nda 100 metre bile yok. Hepsi de sanayi ve enerji sahas\u0131. Ben vatanda\u015f\u0131 da hakl\u0131 g\u00f6rd\u00fcm. Bizzat Akdeniz Belediyesi olarak 1\/5000\u2019li\u011fe itiraz ettim, \u2018Hay\u0131r\u2019 dedim, \u2018Burada konut kalacak\u2019 dedim. Siz e\u011fer, Mersin B\u00fcy\u00fck\u015fehir Belediyesi, \u00e7\u00fcnk\u00fc 1\/5000\u2019li\u011fi yapan, \u015eunu \u00e7\u00f6zmek zorundas\u0131n\u0131z. Oradaki konut sahiplerini, \u2018Kentsel d\u00f6n\u00fc\u015f\u00fcmle, sizi ma\u011fdur etmeden \u015furaya ta\u015f\u0131yorum\u2019 s\u00f6z\u00fcn\u00fc veriyorsa B\u00fcy\u00fck\u015fehir, hemen yapal\u0131m. Ama siz bu insanlar\u0131 ta\u015f\u0131yam\u0131yorsan\u0131z \u015fu olacak; Yar\u0131n bir g\u00fcn o binas\u0131 y\u0131k\u0131ld\u0131\u011f\u0131nda vatanda\u015f yenisini yapamaz, \u00e7\u00fcnk\u00fc ruhsat veremeyeceksiniz\u201d diye konu\u015ftu.<br \/>\n\u201cBu \u015fehrin \u00f6n\u00fc ancak kentsel d\u00f6n\u00fc\u015f\u00fcmle a\u00e7\u0131labilir\u201d<br \/>\nMersin Liman\u0131 Ana Aktarma Konteyn\u0131r Liman\u0131 ile ilgili ele\u015ftirilere de yan\u0131t veren Ba\u015fkan G\u00fcltak, \u00f6ncelikle otoban yollar\u0131 ve demiryolu ba\u011flant\u0131 hatlar\u0131n\u0131n yap\u0131lmas\u0131 gerekti\u011finin alt\u0131n\u0131 \u00e7izdi. Teknolojiye ayak uydurmak gerekti\u011fini vurgulayan Ba\u015fkan G\u00fcltak, \u201cAlmanya\u2019n\u0131n Hamburg liman\u0131 \u00f6nemli bir liman. Deniz olmadan liman yapm\u0131\u015flar. \u0130ki b\u00fcy\u00fck nehir \u00fczerinden denize a\u00e7\u0131l\u0131yorlar, Avrupa ve d\u00fcnyan\u0131n en b\u00fcy\u00fck liman trafi\u011fini olu\u015fturuyorlar. Bizde ise her taraf deniz. Tabi o limanlar\u0131n etraf\u0131nda hi\u00e7 konut yok\u201d dedi.<br \/>\n\u201cLiman\u0131 b\u00fcy\u00fctelim ama lojisti\u011fi, sanayi alan\u0131 nerede?\u201d<br \/>\nBa\u015fkan G\u00fcltak; Mersin\u2019in bir liman \u015fehri oldu\u011funu tekrar vurgulad\u0131\u011f\u0131 a\u00e7\u0131klamas\u0131n\u0131 \u015f\u00f6yle s\u00fcrd\u00fcrd\u00fc; \u201cBu liman \u015fehrini b\u00fcy\u00fctmek istiyorsak, bizim Akdeniz\u2019i yap\u0131land\u0131rmam\u0131z laz\u0131m. Akdeniz\u2019i yap\u0131land\u0131rmadan bu liman\u0131 da yapamay\u0131z. \u0130\u00e7imizde i\u015f insanlar\u0131 var. Deseler ki gel liman\u0131 yap, yapmazs\u0131n\u0131z. Neden? \u2018Ben liman\u0131 yapay\u0131m da arkas\u0131 nerede? Lojisti\u011fi yok, sanayi alan\u0131 yok!\u2019 diye sorars\u0131n\u0131z. \u0130\u015fte kentsel d\u00f6n\u00fc\u015f\u00fcm bu y\u00fczden \u00f6nemli. Bu \u015fehrin \u00f6n\u00fc kentsel d\u00f6n\u00fc\u015f\u00fcmle a\u00e7\u0131labilir. Bunlar\u0131 ben 1 bu\u00e7uk y\u0131l \u00f6nce B\u00fcy\u00fck\u015fehir Belediye Meclisi\u2019nde s\u00f6yledim. Sadece Akdeniz Belediye Ba\u015fkan\u0131\u2019n\u0131n, sadece Bakanl\u0131\u011f\u0131n m\u00fccadelesi ile olmaz\u2019 dedim. Hep birlikte, topyek\u00fbn, sizlerin de yan\u0131mda durarak kentsel d\u00f6n\u00fc\u015f\u00fcme destek vermeniz gerekiyor.\u201d<br \/>\n\u201c\u00c7ay Mahalleli vatanda\u015f, 1 milyon liral\u0131k daireyi 350 bin liraya alm\u0131\u015f olacak\u201d<br \/>\n\u00c7evre \u015eehircilik ve \u0130klim De\u011fi\u015fikli\u011fi Bakan\u0131 Murat Kurum\u2019un, ge\u00e7en haftalarda \u00c7ay Mahallesi\u2019ndeki toplu konutlar\u0131 ziyaret etti\u011fini kaydeden Ba\u015fkan Mustafa G\u00fcltak; \u201cBug\u00fcn mahallede, 100 metrekare evi olan bir vatanda\u015f\u0131n, 120 ila 150 bin TL fark ile 100 metrekare ev alma \u015fans\u0131 var. Bug\u00fcn o evi satmaya kalksa 1 milyon liraya rahat\u00e7a satabilir. Maliyeti ne vatanda\u015fa? 300 bin, 350 bin TL. Paras\u0131 m\u0131 yok? 15 y\u0131l vade\u2026  750 lira ile 1350 lira gibi kira \u00f6der gibi o evlere sahip olacaklar. Vatanda\u015f, mahallede ortaya \u00e7\u0131kan getiriden de faydalanm\u0131\u015f oldu. Vatanda\u015flar\u0131 ma\u011fdur etmeden, onlar\u0131n lehine buralar\u0131 d\u00f6n\u00fc\u015ft\u00fcr\u00fcrsek ana aktarma konteyn\u0131r liman\u0131na sahip oluruz. Ba\u015fka t\u00fcrl\u00fcs\u00fc m\u00fcmk\u00fcn olmaz, hayalde kal\u0131r. Konuyu Cumhurba\u015fkan\u0131m\u0131z ile g\u00f6r\u00fc\u015ft\u00fc\u011f\u00fcn\u00fc ve ana aktarma liman\u0131n\u0131n kesinlikle Mersin\u2019de yap\u0131laca\u011f\u0131n\u0131 Say\u0131n Bakan\u0131m\u0131z da bizleri ziyaretinde s\u00f6yledi. Fakat \u015fehir buna haz\u0131r de\u011fil. \u015eehri haz\u0131rlayaca\u011f\u0131z. \u00c7ay Mahallesi\u2019ndeki kentsel d\u00f6n\u00fc\u015f\u00fcm projesi bunun \u00f6nemli bir aya\u011f\u0131d\u0131r. Bizler, B\u00fcy\u00fck\u015fehir, \u00c7evre Bakanl\u0131\u011f\u0131 ve gerekirse \u00f6zel m\u00fcteahhitler, \u00f6zetle herkes m\u00fcdahil olursa 10-15 y\u0131lda ancak bitirebiliriz. Plan tadilatlar\u0131 ile eksikler \u00e7\u00f6z\u00fclebilir. Yeter ki \u015fehir inans\u0131n. \u00c7ay Mahallesi\u2019nde ya\u015fayan insanlar buna inand\u0131. \u0130lk etapta g\u00f6r\u00fc\u015ft\u00fc\u011f\u00fcm\u00fcz insanlar\u0131n y\u00fczde 82\u2019si olumlu g\u00f6r\u00fc\u015f bildirdi. Kim kabul etmeyecek ki projeyi? \u00c7\u00fcnk\u00fc insanlar\u0131 ikna ettik. Baban\u0131n o\u011fluna yapmayaca\u011f\u0131 bir hizmet\u201d diye konu\u015ftu.<br \/>\n\u201cMersin\u2019i g\u00fc\u00e7l\u00fc bir lojistik \u00fcss\u00fcne \u00e7evirmenin temellerini at\u0131yoruz\u201d<br \/>\n\u201cAmac\u0131m\u0131z siyaset de\u011fil, olu\u015facak rant\u0131 vatanda\u015f\u0131n lehine \u00e7evirmek\u201d diyen Akdeniz Belediye Ba\u015fkan\u0131 Mustafa G\u00fcltak, \u201cKar\u015f\u0131l\u0131\u011f\u0131nda da a\u00e7\u0131lacak arazilerde zaman i\u00e7inde sanayi, lojistik alanlar\u0131 ile Mersin Liman\u0131m\u0131z\u0131n \u00f6n\u00fcn\u00fc a\u00e7makt\u0131r. B\u00f6ylelikle Mersin Liman\u0131\u2019n\u0131n \u00fclkemiz ve kentimiz ekonomisine katk\u0131s\u0131 4 kat daha b\u00fcy\u00fcyecek. \u0130limizde \u00e7ok ciddi bir istihdam imk\u00e2n\u0131 da olu\u015facak, k\u0131sacas\u0131 herkes faydalanacak. \u015eehrimizin kaderini de\u011fi\u015ftirecek bir hamledir. Bu \u015fehri bir lojistik \u00fcss\u00fcne ve d\u00fcnyan\u0131n en g\u00fc\u00e7l\u00fc liman \u015fehrine \u00e7evirmek i\u00e7in u\u011fra\u015f\u0131yor, bunun temellerini at\u0131yoruz\u201d dedi.<\/p>\n","protected":false},"excerpt":{"rendered":"<p>Akdeniz Belediye Ba\u015fkan\u0131 M. Mustafa G\u00fcltak; \u201cAna konteyn\u0131r aktarma liman\u0131 ile birlikte Mersin Liman\u0131 daha da b\u00fcy\u00fcyecek, \u00fclkemiz ve kentimiz ekonomisine katk\u0131s\u0131 4 kat artacak. \u00c7ok ciddi bir istihdam imk\u00e2n\u0131 &hellip; <a href=\"https:\/\/akdenizolaygazetesi.com\/?p=19136\" class=\"more-link\">Devam\u0131n\u0131 Oku&#8230;<\/a><\/p>\n","protected":false},"author":2,"featured_media":19137,"comment_status":"open","ping_status":"open","sticky":false,"template":"","format":"standard","meta":[],"categories":[8,34,2,3,5],"tags":[],"_links":{"self":[{"href":"https:\/\/akdenizolaygazetesi.com\/index.php?rest_route=\/wp\/v2\/posts\/19136"}],"collection":[{"href":"https:\/\/akdenizolaygazetesi.com\/index.php?rest_route=\/wp\/v2\/posts"}],"about":[{"href":"https:\/\/akdenizolaygazetesi.com\/index.php?rest_route=\/wp\/v2\/types\/post"}],"author":[{"embeddable":true,"href":"https:\/\/akdenizolaygazetesi.com\/index.php?rest_route=\/wp\/v2\/users\/2"}],"replies":[{"embeddable":true,"href":"https:\/\/akdenizolaygazetesi.com\/index.php?rest_route=%2Fwp%2Fv2%2Fcomments&post=19136"}],"version-history":[{"count":1,"href":"https:\/\/akdenizolaygazetesi.com\/index.php?rest_route=\/wp\/v2\/posts\/19136\/revisions"}],"predecessor-version":[{"id":19138,"href":"https:\/\/akdenizolaygazetesi.com\/index.php?rest_route=\/wp\/v2\/posts\/19136\/revisions\/19138"}],"wp:featuredmedia":[{"embeddable":true,"href":"https:\/\/akdenizolaygazetesi.com\/index.php?rest_route=\/wp\/v2\/media\/19137"}],"wp:attachment":[{"href":"https:\/\/akdenizolaygazetesi.com\/index.php?rest_route=%2Fwp%2Fv2%2Fmedia&parent=19136"}],"wp:term":[{"taxonomy":"category","embeddable":true,"href":"https:\/\/akdenizolaygazetesi.com\/index.php?rest_route=%2Fwp%2Fv2%2Fcategories&post=19136"},{"taxonomy":"post_tag","embeddable":true,"href":"https:\/\/akdenizolaygazetesi.com\/index.php?rest_route=%2Fwp%2Fv2%2Ftags&post=19136"}],"curies":[{"name":"wp","href":"https:\/\/api.w.org\/{rel}","templated":true}]}}