{"id":19139,"date":"2022-06-07T12:33:56","date_gmt":"2022-06-07T09:33:56","guid":{"rendered":"http:\/\/akdenizolaygazetesi.com\/?p=19139"},"modified":"2022-06-07T12:33:56","modified_gmt":"2022-06-07T09:33:56","slug":"mersin-buyuksehirden-mercekte-dijital-akademi-projesi","status":"publish","type":"post","link":"https:\/\/akdenizolaygazetesi.com\/?p=19139","title":{"rendered":"MERS\u0130N B\u00dcY\u00dcK\u015eEH\u0130R&#8217;DEN MERCEK&#8217;TE &#8220;D\u0130J\u0130TAL AKADEM\u0130&#8221; PROJES\u0130"},"content":{"rendered":"<p>Mersin B\u00fcy\u00fck\u015fehir Belediyesi Sosyal Hizmetler Dairesi&#8217;ne ba\u011fl\u0131 MERCEK Mesleki E\u011fitim Merkezi&#8217;nde ba\u015flat\u0131lan ve y\u0131l boyu s\u00fcrecek olan &#8220;Dijital Akademi&#8221; projesinin &#8220;Dijital Merdiven&#8221; ad\u0131n\u0131 ta\u015f\u0131yan ilk program\u0131 i\u00e7in ba\u015fvurular devam ediyor.<br \/>\nProjenin ilk program\u0131: &#8220;Dijital Merdiven&#8221;<br \/>\n&#8220;Dijital Akademi&#8221; projesinin &#8216;Dijital Merdiven&#8217; ad\u0131n\u0131 ta\u015f\u0131yan Dijital Beceri Geli\u015ftirme Program\u0131, 13 Haziran&#8217;da ba\u015flay\u0131p 29 Temmuz&#8217;a kadar Yeni\u015fehir il\u00e7esi G\u00fcvenevler Mahallesi&#8217;nde yer alan MERCEK Mesleki E\u011fitim Merkezi binas\u0131nda s\u00fcrecek. Program kapsam\u0131nda 18-30 ya\u015f aral\u0131\u011f\u0131ndaki gen\u00e7ler 6 ba\u015fl\u0131kta e\u011fitim alacak.<br \/>\n&#8220;Haziran ay\u0131nda ba\u015flayacak, Temmuz sonuna kadar devam edecek&#8221;<br \/>\nDijital Akademi projesi hakk\u0131nda bilgi veren MERCEK Mesleki E\u011fitim Merkezi&#8217;nde g\u00f6revli Sosyolog Sinem Turan, &#8220;Dijital Akademi ile dijitalle\u015fen d\u00fcnyada toplumsal ve sekt\u00f6rel ihtiya\u00e7lar\u0131 g\u00f6zeterek, gen\u00e7lerin dijitalle\u015fme s\u00fcre\u00e7lerine olan ilgilerini ve tecr\u00fcbelerini art\u0131rmak \u00fczere birtak\u0131m e\u011fitimler programlad\u0131k&#8221; dedi. Proje kapsam\u0131nda ger\u00e7ekle\u015ftirilecek programlardan da s\u00f6z eden Turan, &#8220;Bunlardan ilkini Mersin Ticaret ve Sanayi Odas\u0131 i\u015fbirli\u011fi ve Habitat Derne\u011fi&#8217;nin deste\u011fiyle Dijital Merdiven ba\u015fl\u0131\u011f\u0131 alt\u0131nda dijital becerilerin geli\u015ftirilmesi \u00fczerine programlad\u0131k. Bu \u00e7al\u0131\u015fmalar\u0131m\u0131z ilk etapta Haziran ay\u0131nda ba\u015flayacak, Temmuz sonuna kadar devam edecek&#8221; diye konu\u015ftu.<br \/>\n&#8220;Ba\u015fvurular\u0131m\u0131z devam ediyor&#8221;<br \/>\nDijital Merdiven program\u0131n\u0131n i\u00e7eri\u011fine dair bilgiler de payla\u015fan Turan, &#8220;Bu \u00e7al\u0131\u015fmayla beraber 18-30 ya\u015f aras\u0131 Mersin&#8217;de ikamet eden gen\u00e7lerin bir\u00e7ok alanda e\u011fitim almalar\u0131 planlanmaktad\u0131r. Giri\u015fimciler i\u00e7in finansal okuryazarl\u0131k, Facebook Business Manager ile reklam ve pazarlama \u00fczerine, CCNAv7 ve Python&#8217;la beraber kodlama ve geli\u015ftirme \u00fczerine bir\u00e7ok e\u011fitimlerimiz olacak. Ba\u015fvurular\u0131m\u0131z devam ediyor. Gen\u00e7lerimiz web sitemizden ve sosyal medya hesaplar\u0131m\u0131zdan detaylar\u0131 takip edebilirler&#8221; ifadelerine yer verdi.<br \/>\nBa\u015fvuru formu, mtso.org.tr adresinin &#8220;E-B\u00fclten&#8221; sekmesindeki &#8220;Dijital Merdiven-Dijital Beceri Geli\u015ftirme Program\u0131&#8221; ba\u015fl\u0131kl\u0131 linkinde yer al\u0131yor.<\/p>\n","protected":false},"excerpt":{"rendered":"<p>Mersin B\u00fcy\u00fck\u015fehir Belediyesi Sosyal Hizmetler Dairesi&#8217;ne ba\u011fl\u0131 MERCEK Mesleki E\u011fitim Merkezi&#8217;nde ba\u015flat\u0131lan ve y\u0131l boyu s\u00fcrecek olan &#8220;Dijital Akademi&#8221; projesinin &#8220;Dijital Merdiven&#8221; ad\u0131n\u0131 ta\u015f\u0131yan ilk program\u0131 i\u00e7in ba\u015fvurular devam ediyor. &hellip; <a href=\"https:\/\/akdenizolaygazetesi.com\/?p=19139\" class=\"more-link\">Devam\u0131n\u0131 Oku&#8230;<\/a><\/p>\n","protected":false},"author":2,"featured_media":19140,"comment_status":"open","ping_status":"open","sticky":false,"template":"","format":"standard","meta":[],"categories":[1,2,3,5],"tags":[],"_links":{"self":[{"href":"https:\/\/akdenizolaygazetesi.com\/index.php?rest_route=\/wp\/v2\/posts\/19139"}],"collection":[{"href":"https:\/\/akdenizolaygazetesi.com\/index.php?rest_route=\/wp\/v2\/posts"}],"about":[{"href":"https:\/\/akdenizolaygazetesi.com\/index.php?rest_route=\/wp\/v2\/types\/post"}],"author":[{"embeddable":true,"href":"https:\/\/akdenizolaygazetesi.com\/index.php?rest_route=\/wp\/v2\/users\/2"}],"replies":[{"embeddable":true,"href":"https:\/\/akdenizolaygazetesi.com\/index.php?rest_route=%2Fwp%2Fv2%2Fcomments&post=19139"}],"version-history":[{"count":1,"href":"https:\/\/akdenizolaygazetesi.com\/index.php?rest_route=\/wp\/v2\/posts\/19139\/revisions"}],"predecessor-version":[{"id":19141,"href":"https:\/\/akdenizolaygazetesi.com\/index.php?rest_route=\/wp\/v2\/posts\/19139\/revisions\/19141"}],"wp:featuredmedia":[{"embeddable":true,"href":"https:\/\/akdenizolaygazetesi.com\/index.php?rest_route=\/wp\/v2\/media\/19140"}],"wp:attachment":[{"href":"https:\/\/akdenizolaygazetesi.com\/index.php?rest_route=%2Fwp%2Fv2%2Fmedia&parent=19139"}],"wp:term":[{"taxonomy":"category","embeddable":true,"href":"https:\/\/akdenizolaygazetesi.com\/index.php?rest_route=%2Fwp%2Fv2%2Fcategories&post=19139"},{"taxonomy":"post_tag","embeddable":true,"href":"https:\/\/akdenizolaygazetesi.com\/index.php?rest_route=%2Fwp%2Fv2%2Ftags&post=19139"}],"curies":[{"name":"wp","href":"https:\/\/api.w.org\/{rel}","templated":true}]}}