{"id":1914,"date":"2020-11-04T18:22:27","date_gmt":"2020-11-04T15:22:27","guid":{"rendered":"http:\/\/mersinekonomipolitikagazetesi.com\/?p=1914"},"modified":"2020-11-04T18:22:27","modified_gmt":"2020-11-04T15:22:27","slug":"cukurovanin-kuslari-fotograflandi","status":"publish","type":"post","link":"https:\/\/akdenizolaygazetesi.com\/?p=1914","title":{"rendered":"\u00c7ukurova\u2019n\u0131n ku\u015flar\u0131 foto\u011frafland\u0131"},"content":{"rendered":"<p>Mersin B\u00fcy\u00fck\u015fehir Belediyesi, \u00c7ukurova Kalk\u0131nma Ajans\u0131, Tarsus \u0130l\u00e7e Milli E\u011fitim M\u00fcd\u00fcrl\u00fc\u011f\u00fc, Tarsus Orman Okulu ve Birdpx All\u0131 Turna Foto\u011fraf Grubunun ortakl\u0131\u011f\u0131yla ger\u00e7ekle\u015ftirilen, &#8216;\u00c7ukurova\u2019n\u0131n Ku\u015flar\u0131 Ku\u015f G\u00f6zlem ve Foto\u011fraf Kamp\u0131&#8217; ba\u015far\u0131yla tamamland\u0131.<\/p>\n<p><span style=\"font-size:16px;\"><span style=\"font-family: sans-serif; line-height: 20px; text-align: justify; background-color: rgb(242, 244, 245);\">Kamp kapsam\u0131nda G\u00f6ksu Deltas\u0131, Tuzla, Erdemli ve \u00c7aml\u0131yayla\u2019da ku\u015flar foto\u011frafland\u0131. Ku\u015f G\u00f6zlem ve Foto\u011fraf Kamp\u0131 i\u00e7in T\u00fcrkiye\u2019nin yakla\u015f\u0131k 50 farkl\u0131 \u015fehrinden Mersin\u2019e gelen 100 do\u011fa foto\u011fraf\u00e7\u0131s\u0131, \u00c7ukurova\u2019n\u0131n ku\u015flar\u0131 i\u00e7in deklan\u015f\u00f6re bast\u0131. Kamp kapsam\u0131nda ayr\u0131ca Lale Aktay, Fikret Can ve Orman Okulu \u00f6\u011fretmenleri taraf\u0131ndan da 100 \u00f6\u011frenciye e\u011fitim verildi.\u00a0<\/span><br style=\"box-sizing: border-box; font-family: sans-serif; font-size: 14px; line-height: 20px; text-align: justify; background-color: rgb(242, 244, 245);\" \/><br \/>\n<span style=\"font-family: sans-serif; line-height: 20px; text-align: justify; background-color: rgb(242, 244, 245);\">250 ku\u015f t\u00fcr\u00fc foto\u011frafland\u0131\u00a0<\/span><br style=\"box-sizing: border-box; font-family: sans-serif; font-size: 14px; line-height: 20px; text-align: justify; background-color: rgb(242, 244, 245);\" \/><br \/>\n<span style=\"font-family: sans-serif; line-height: 20px; text-align: justify; background-color: rgb(242, 244, 245);\">T\u00fcrkiye ku\u015f t\u00fcrleri listesinde yer alan 484 t\u00fcrden 250\u2019sinin 4 g\u00fcn i\u00e7erisinde foto\u011frafland\u0131\u011f\u0131 &#8216;\u00c7ukurova\u2019n\u0131n Ku\u015flar\u0131 Ku\u015f G\u00f6zlem ve Foto\u011fraf Kamp\u0131\u2019nda, \u00f6zellikle yerli t\u00fcrlerden Tura\u00e7, \u0130zmir Yal\u0131\u00e7apk\u0131n\u0131, Alaca Yal\u0131\u00e7apk\u0131n\u0131, ilkbaharda \u00fcremeye gelenlerden Zeytin Mukallidi, B\u00fcy\u00fck C\u0131l\u0131b\u0131t, Kara Leylek, \u00c7eltik\u00e7i ile rastrant\u0131sal s\u00fcrpriz t\u00fcrlerden Karaayakl\u0131 Mart\u0131, S\u00fcrmeli Kumku\u015fu ve Deniz D\u00fcd\u00fck\u00e7\u00fcn\u00fc gibi ku\u015f \u00e7e\u015fitleri foto\u011frafland\u0131.\u00a0<\/span><br style=\"box-sizing: border-box; font-family: sans-serif; font-size: 14px; line-height: 20px; text-align: justify; background-color: rgb(242, 244, 245);\" \/><br \/>\n<span style=\"font-family: sans-serif; line-height: 20px; text-align: justify; background-color: rgb(242, 244, 245);\">Kamp kapsam\u0131nda Tuzla\u2019ya giden foto\u011fraf\u00e7\u0131lar taraf\u0131ndan misinaya sar\u0131lm\u0131\u015f halde bulunan bir flamingoya rastlayan foto\u011fraf\u00e7\u0131lar ku\u015fun hayat\u0131n\u0131n kurtararak Adana Av Koruma\u2019ya teslim etti. 4 g\u00fcn boyunca Tarsus Gen\u00e7lik Kamp\u0131\u2019nda konaklayan do\u011fa foto\u011fraf\u00e7\u0131lar\u0131, \u00c7ukurova B\u00f6lgesinin tan\u0131t\u0131m\u0131na b\u00fcy\u00fck katk\u0131 sunacak olan organizasyonu ba\u015far\u0131 ile sona erdirdi. &#8216;\u00c7ukurova\u2019n\u0131n Ku\u015flar\u0131 Ku\u015f G\u00f6zlem ve Foto\u011fraf Kamp\u0131&#8217; kapsam\u0131nda \u00e7ekilen foto\u011fraflar ile &#8216;\u00c7ukurova\u2019n\u0131n Ku\u015flar\u0131&#8217; kitab\u0131 olu\u015fturulacak.\u00a0<\/span><br style=\"box-sizing: border-box; font-family: sans-serif; font-size: 14px; line-height: 20px; text-align: justify; background-color: rgb(242, 244, 245);\" \/><br \/>\n<span style=\"font-family: sans-serif; line-height: 20px; text-align: justify; background-color: rgb(242, 244, 245);\">Tarsus Orman Okulu Genel Koordinat\u00f6r\u00fc Hakan \u015eeker, kamp kapsam\u0131nda ayr\u0131ca okul \u00f6ncesi ve ilkokul \u00e7ocuklar\u0131na y\u00f6nelik bir Orman Okulu E\u011fitimi uygulamas\u0131n\u0131n da yap\u0131ld\u0131\u011f\u0131n\u0131 belirtti.\u00a0<\/span><br style=\"box-sizing: border-box; font-family: sans-serif; font-size: 14px; line-height: 20px; text-align: justify; background-color: rgb(242, 244, 245);\" \/><br \/>\n<span style=\"font-family: sans-serif; line-height: 20px; text-align: justify; background-color: rgb(242, 244, 245);\">\u201cG\u00f6ksu Deltas\u0131 inan\u0131lmaz g\u00fczel bir yer\u201d\u00a0<\/span><br style=\"box-sizing: border-box; font-family: sans-serif; font-size: 14px; line-height: 20px; text-align: justify; background-color: rgb(242, 244, 245);\" \/><br \/>\n<span style=\"font-family: sans-serif; line-height: 20px; text-align: justify; background-color: rgb(242, 244, 245);\">Uzun y\u0131llar boyunca ku\u015f g\u00f6zlemi ve do\u011fa foto\u011fraf\u00e7\u0131l\u0131\u011f\u0131 yapm\u0131\u015f olan ve Mersin\u2019e \u0130stanbul\u2019dan gelen Foto\u011fraf\u00e7\u0131 Fikret Can, &#8220;Bug\u00fcn 70 y\u0131l evveline gittim. Onlarla beraber olmaktan b\u00fcy\u00fck mutluluk duyuyorum. Bu f\u0131rsat\u0131 \u015fahsen bize veren All\u0131 Turna Birdpx Grubuna, Mersin B\u00fcy\u00fck\u015fehir Belediyesi\u2019ne te\u015fekk\u00fcr ediyorum. \u015eunu da vurgulamak isterim ki, hakikaten G\u00f6ksu Deltas\u0131 inan\u0131lmaz g\u00fczel bir yer. Zaten T\u00fcrkiye\u2019nin g\u00f6zbebe\u011fi sulak alanlar\u0131ndan birisi. D\u00fcn Tuzla\u2019ya gittim ve oraya da hayran kald\u0131m\u201d dedi.\u00a0<\/span><\/span><\/p>\n","protected":false},"excerpt":{"rendered":"<p>Mersin B\u00fcy\u00fck\u015fehir Belediyesi, \u00c7ukurova Kalk\u0131nma Ajans\u0131, Tarsus \u0130l\u00e7e Milli E\u011fitim M\u00fcd\u00fcrl\u00fc\u011f\u00fc, Tarsus Orman Okulu ve Birdpx All\u0131 Turna Foto\u011fraf Grubunun ortakl\u0131\u011f\u0131yla ger\u00e7ekle\u015ftirilen, &#8216;\u00c7ukurova\u2019n\u0131n Ku\u015flar\u0131 Ku\u015f G\u00f6zlem ve Foto\u011fraf Kamp\u0131&#8217; ba\u015far\u0131yla &hellip; <a href=\"https:\/\/akdenizolaygazetesi.com\/?p=1914\" class=\"more-link\">Devam\u0131n\u0131 Oku&#8230;<\/a><\/p>\n","protected":false},"author":1,"featured_media":0,"comment_status":"open","ping_status":"open","sticky":false,"template":"","format":"standard","meta":[],"categories":[],"tags":[],"_links":{"self":[{"href":"https:\/\/akdenizolaygazetesi.com\/index.php?rest_route=\/wp\/v2\/posts\/1914"}],"collection":[{"href":"https:\/\/akdenizolaygazetesi.com\/index.php?rest_route=\/wp\/v2\/posts"}],"about":[{"href":"https:\/\/akdenizolaygazetesi.com\/index.php?rest_route=\/wp\/v2\/types\/post"}],"author":[{"embeddable":true,"href":"https:\/\/akdenizolaygazetesi.com\/index.php?rest_route=\/wp\/v2\/users\/1"}],"replies":[{"embeddable":true,"href":"https:\/\/akdenizolaygazetesi.com\/index.php?rest_route=%2Fwp%2Fv2%2Fcomments&post=1914"}],"version-history":[{"count":0,"href":"https:\/\/akdenizolaygazetesi.com\/index.php?rest_route=\/wp\/v2\/posts\/1914\/revisions"}],"wp:attachment":[{"href":"https:\/\/akdenizolaygazetesi.com\/index.php?rest_route=%2Fwp%2Fv2%2Fmedia&parent=1914"}],"wp:term":[{"taxonomy":"category","embeddable":true,"href":"https:\/\/akdenizolaygazetesi.com\/index.php?rest_route=%2Fwp%2Fv2%2Fcategories&post=1914"},{"taxonomy":"post_tag","embeddable":true,"href":"https:\/\/akdenizolaygazetesi.com\/index.php?rest_route=%2Fwp%2Fv2%2Ftags&post=1914"}],"curies":[{"name":"wp","href":"https:\/\/api.w.org\/{rel}","templated":true}]}}