{"id":19145,"date":"2022-06-07T12:39:12","date_gmt":"2022-06-07T09:39:12","guid":{"rendered":"http:\/\/akdenizolaygazetesi.com\/?p=19145"},"modified":"2022-06-07T12:39:12","modified_gmt":"2022-06-07T09:39:12","slug":"yenisehir-belediyesi-surdurulebilir-kentler-birligine-uye-oldu","status":"publish","type":"post","link":"https:\/\/akdenizolaygazetesi.com\/?p=19145","title":{"rendered":"Yeni\u015fehir Belediyesi S\u00fcrd\u00fcr\u00fclebilir Kentler Birli\u011fine \u00fcye oldu"},"content":{"rendered":"<p>Yeni\u015fehir Belediye Meclisi Haziran Ay\u0131 Ola\u011fan Meclis Toplant\u0131s\u0131n\u0131n Birinci Birle\u015fimi, Ba\u015fkan Abdullah \u00d6zyi\u011fit ba\u015fkanl\u0131\u011f\u0131nda yap\u0131ld\u0131. Mecliste, H\u00fcrriyet Mahallesi\u2019nde bal\u0131k pazar\u0131 yap\u0131lmas\u0131 ile ilgili madde oy birli\u011fiyle kabul edildi.<br \/>\nYeni\u015fehir Belediyesi Atat\u00fcrk K\u00fclt\u00fcr Merkezinde yap\u0131lan ve Yeni\u015fehir Belediyesinin sosyal medya hesaplar\u0131ndan canl\u0131 olarak yay\u0131nlanan Yeni\u015fehir Belediye Meclisi Haziran Ay\u0131 Ola\u011fan Toplant\u0131s\u0131n\u0131n Birinci Birle\u015fiminde 16 g\u00fcndem maddesi g\u00f6r\u00fc\u015f\u00fclerek, karara ba\u011fland\u0131.<br \/>\nYeni\u015fehir Belediye Meclisinde, H\u00fcrriyet Mahallesi semt pazar\u0131n\u0131n g\u00fcneyinde vatanda\u015flar\u0131n taze ve uygun fiyata bal\u0131k alabilece\u011fi bal\u0131k pazar\u0131n\u0131n yap\u0131lmas\u0131 ile ilgili madde oy birli\u011fiyle kabul edildi. Konu ile ilgili konu\u015fan Ba\u015fkan Abdullah \u00d6zyi\u011fit, \u201cYeni\u015fehir\u2019imizde ikinci bal\u0131k pazar\u0131n\u0131 H\u00fcrriyet Mahallesi\u2019nde pazar yeri olarak kullan\u0131lan alan\u0131n hemen g\u00fcneyinde M\u00fcft\u00fc Deresi\u2019nin kenar\u0131nda yapaca\u011f\u0131z. E\u011fri\u00e7am Mahallesi\u2019nde yapt\u0131\u011f\u0131m\u0131z G\u00f6\u00e7men Bal\u0131k Pazar\u0131m\u0131z\u0131n kaba in\u015faat\u0131 tamamland\u0131, Eyl\u00fcl ay\u0131nda bal\u0131k sezonunun ba\u015flamas\u0131yla birlikte hizmete a\u00e7aca\u011f\u0131z. \u0130kinci bal\u0131k pazar\u0131m\u0131z\u0131 da k\u0131sa s\u00fcrede tamamlayaca\u011f\u0131z, \u015fimdiden kentimize hay\u0131rl\u0131 olsun.\u201d dedi.<br \/>\nYeni\u015fehir Belediyesi S\u00fcrd\u00fcr\u00fclebilir Kentler Birli\u011fine \u00fcye oldu<br \/>\nYeni\u015fehir Belediyesi, Mecliste oy birli\u011fiyle al\u0131nan kararla kentlerin s\u00fcrd\u00fcr\u00fclebilirlik politikalar\u0131na yard\u0131mc\u0131 olan ve d\u00fc\u015f\u00fck emisyonlu, do\u011fa temelli, e\u015fitlik\u00e7i, diren\u00e7li ve d\u00f6ng\u00fcsel kalk\u0131nma i\u00e7in yereldeki aksiyonlara y\u00f6n veren Uluslararas\u0131 S\u00fcrd\u00fcr\u00fclebilir Kentler Birli\u011fi(ICLEI)\u2019ne \u00fcye oldu.  Daha \u00f6nce Avrupa Belediye Ba\u015fkanlar\u0131 S\u00f6zle\u015fmesi\u2019ni de imzalayan Ba\u015fkan Abdullah \u00d6zyi\u011fit, \u201cYeni\u015fehir\u2019de g\u00f6reve geldi\u011fimiz d\u00f6nemden bu yana \u00f6zellikle s\u0131f\u0131r at\u0131\u011fa gitme noktas\u0131nda b\u00fcy\u00fck bir \u00e7aba i\u00e7erisindeyiz. At\u0131klar\u0131 d\u00f6n\u00fc\u015ft\u00fcrebiliriz, plastik, metal, cam, k\u00e2\u011f\u0131t ve organik at\u0131klar\u0131 ay\u0131rd\u0131\u011f\u0131m\u0131zda neredeyse y\u00fczde 90\u2019\u0131 d\u00f6n\u00fc\u015febilir. Yeter ki bu konuda irade koyal\u0131m ve birlikte hareket edelim. Karde\u015f kentimiz Almanya Neustadt\u2019ta \u00e7ocuklar daha kre\u015fte legolarla at\u0131klar\u0131 ayr\u0131\u015ft\u0131rmay\u0131 \u00f6\u011freniyor. Yani bu e\u011fitimleri erken ya\u015flarda vermemiz gerekiyor. Yeni\u015fehir Belediyesi olarak bu konuda hassasiyetle hareket ediyoruz. Hem Erken \u00c7ocukluk Geli\u015fimi Projemizde hem de Beceri Temelli E\u011fitim Merkezimizde \u00e7ocuklar\u0131m\u0131za geri d\u00f6n\u00fc\u015f\u00fcm\u00fcn \u00f6nemini ve at\u0131klar\u0131n nas\u0131l ayr\u0131\u015ft\u0131r\u0131lmas\u0131 gerekti\u011fi hakk\u0131nda e\u011fitimler veriyoruz. \u015eu anda da hemen yan\u0131m\u0131zdaki bir salonda \u00e7evreye kar\u015f\u0131 duyarl\u0131l\u0131k olu\u015fturmak amac\u0131yla bir tiyatro oyunu sahneleniyor. Bug\u00fcne kadar Masal Gezginleri \u00c7evreci Kahramanlar Ar\u0131yor tiyatro oyunumuzu 5 binin \u00fczerinde \u00e7ocu\u011fumuz izledi. Okullar\u0131m\u0131z\u0131 oyuna davet ediyoruz ve \u00e7ocuklar\u0131m\u0131za sanatla \u00e7evre bilinci kazand\u0131r\u0131yoruz.\u201d diye konu\u015ftu.<br \/>\nYeni\u015fehir \u00c7evreci Halk Kart hayata ge\u00e7iyor<br \/>\nYeni\u015fehir Belediyesi taraf\u0131ndan k\u0131sa s\u00fcrede hayata ge\u00e7irilecek Yeni\u015fehir \u00c7evreci Halk Kart projesi ile ilgili konu\u015fan Ba\u015fkan \u00d6zyi\u011fit, \u201cManavlara ve manav reyonu bulunan marketlere plastik \u00e7\u00f6p konteynerleri teslim etmeye ba\u015flad\u0131k. Ve kompost \u00fcretimi yapmak i\u00e7in harekete ge\u00e7tik. Yeni\u015fehir \u00c7evreci Halk Kart projemizi de hayata ge\u00e7iriyoruz. Vatanda\u015flar\u0131m\u0131z geri d\u00f6n\u00fc\u015f\u00fcme tabi olan at\u0131klar\u0131 evlerinde ve i\u015f yerlerinde ayr\u0131\u015ft\u0131rarak, biriktirecek. Daha sonra ekiplerimiz bu at\u0131klar\u0131 toplayacak. Ve teslim ald\u0131\u011f\u0131m\u0131z at\u0131k miktar\u0131 kadar kartlara TL y\u00fcklemesi yapaca\u011f\u0131z. Vatanda\u015flar\u0131m\u0131z\u0131n bu projemizden maddi bir geliri de olacak ve \u00e7evreyi de korumu\u015f olaca\u011f\u0131z. B\u00fcy\u00fck bir emekle \u00e7al\u0131\u015f\u0131yoruz, elbette ki hepimize \u00e7ok \u00f6nemli g\u00f6revler d\u00fc\u015f\u00fcyor.\u201d ifadelerini kulland\u0131. <\/p>\n","protected":false},"excerpt":{"rendered":"<p>Yeni\u015fehir Belediye Meclisi Haziran Ay\u0131 Ola\u011fan Meclis Toplant\u0131s\u0131n\u0131n Birinci Birle\u015fimi, Ba\u015fkan Abdullah \u00d6zyi\u011fit ba\u015fkanl\u0131\u011f\u0131nda yap\u0131ld\u0131. Mecliste, H\u00fcrriyet Mahallesi\u2019nde bal\u0131k pazar\u0131 yap\u0131lmas\u0131 ile ilgili madde oy birli\u011fiyle kabul edildi. Yeni\u015fehir Belediyesi &hellip; <a href=\"https:\/\/akdenizolaygazetesi.com\/?p=19145\" class=\"more-link\">Devam\u0131n\u0131 Oku&#8230;<\/a><\/p>\n","protected":false},"author":2,"featured_media":19146,"comment_status":"open","ping_status":"open","sticky":false,"template":"","format":"standard","meta":[],"categories":[34,2,3,5],"tags":[],"_links":{"self":[{"href":"https:\/\/akdenizolaygazetesi.com\/index.php?rest_route=\/wp\/v2\/posts\/19145"}],"collection":[{"href":"https:\/\/akdenizolaygazetesi.com\/index.php?rest_route=\/wp\/v2\/posts"}],"about":[{"href":"https:\/\/akdenizolaygazetesi.com\/index.php?rest_route=\/wp\/v2\/types\/post"}],"author":[{"embeddable":true,"href":"https:\/\/akdenizolaygazetesi.com\/index.php?rest_route=\/wp\/v2\/users\/2"}],"replies":[{"embeddable":true,"href":"https:\/\/akdenizolaygazetesi.com\/index.php?rest_route=%2Fwp%2Fv2%2Fcomments&post=19145"}],"version-history":[{"count":1,"href":"https:\/\/akdenizolaygazetesi.com\/index.php?rest_route=\/wp\/v2\/posts\/19145\/revisions"}],"predecessor-version":[{"id":19147,"href":"https:\/\/akdenizolaygazetesi.com\/index.php?rest_route=\/wp\/v2\/posts\/19145\/revisions\/19147"}],"wp:featuredmedia":[{"embeddable":true,"href":"https:\/\/akdenizolaygazetesi.com\/index.php?rest_route=\/wp\/v2\/media\/19146"}],"wp:attachment":[{"href":"https:\/\/akdenizolaygazetesi.com\/index.php?rest_route=%2Fwp%2Fv2%2Fmedia&parent=19145"}],"wp:term":[{"taxonomy":"category","embeddable":true,"href":"https:\/\/akdenizolaygazetesi.com\/index.php?rest_route=%2Fwp%2Fv2%2Fcategories&post=19145"},{"taxonomy":"post_tag","embeddable":true,"href":"https:\/\/akdenizolaygazetesi.com\/index.php?rest_route=%2Fwp%2Fv2%2Ftags&post=19145"}],"curies":[{"name":"wp","href":"https:\/\/api.w.org\/{rel}","templated":true}]}}