{"id":19148,"date":"2022-06-07T12:41:02","date_gmt":"2022-06-07T09:41:02","guid":{"rendered":"http:\/\/akdenizolaygazetesi.com\/?p=19148"},"modified":"2022-06-07T12:41:02","modified_gmt":"2022-06-07T09:41:02","slug":"mersin-buyuksehirden-kentin-yikintilarini-isleyecek-tesis","status":"publish","type":"post","link":"https:\/\/akdenizolaygazetesi.com\/?p=19148","title":{"rendered":"MERS\u0130N B\u00dcY\u00dcK\u015eEH\u0130R&#8217;DEN KENT\u0130N YIKINTILARINI \u0130\u015eLEYECEK TES\u0130S"},"content":{"rendered":"<p>Mersin B\u00fcy\u00fck\u015fehir Belediyesi, Mersin&#8217;de bir ilke imza atarak Hafriyat Topra\u011f\u0131, \u0130n\u015faat ve Y\u0131k\u0131nt\u0131 At\u0131klar\u0131 Geri D\u00f6n\u00fc\u015f\u00fcm Tesisi kurdu. Yeni\u015fehir il\u00e7esi Emirler Mahallesi&#8217;nde 104 d\u00f6n\u00fcm alana kurulan tesis sayesinde kentteki her t\u00fcrl\u00fc in\u015faat ve y\u0131k\u0131nt\u0131 at\u0131\u011f\u0131, hafriyat topra\u011f\u0131 ve asfalt at\u0131klar\u0131 i\u015flemden ge\u00e7irilerek geri d\u00f6n\u00fc\u015ft\u00fcr\u00fclebilecek. Geri d\u00f6n\u00fc\u015ft\u00fcr\u00fclemeyen at\u0131klar ise ayn\u0131 alan i\u00e7erisindeki Kaz\u0131 Fazlas\u0131 D\u00f6k\u00fcm alan\u0131nda depolanacak.<br \/>\nTesis; g\u00fcnl\u00fck yakla\u015f\u0131k 3 bin ton civar\u0131nda k\u0131r\u0131m yap\u0131labilme kapasitesi ve 500 bin metrek\u00fcpten fazla depolama alan\u0131 \u00f6zelli\u011fi ile hem Mersin&#8217;de hem de \u00c7ukurova b\u00f6lgesinde ilk olacak. Tesis sayesinde hem \u00e7evresel kirlili\u011fin hem de g\u00f6r\u00fcnt\u00fc kirlili\u011finin \u00f6n\u00fcne ge\u00e7ilirken, geli\u015fi g\u00fczel \u015fekilde \u00e7evreye b\u0131rak\u0131lan at\u0131klar ekonomiye kazand\u0131r\u0131lacak. Tesis belirli bir s\u00fcrenin ard\u0131ndan depolama kapasitesini doldurduktan sonra a\u011fa\u00e7land\u0131r\u0131larak, orman alan\u0131 haline getirilecek.<br \/>\nTesis, 500 bin metrek\u00fcpten fazla in\u015faat at\u0131\u011f\u0131n\u0131 depolayacak<br \/>\nMersin B\u00fcy\u00fck\u015fehir Belediyesi \u0130mar \u0130n\u015faat A.\u015e Genel M\u00fcd\u00fcr Yard\u0131mc\u0131s\u0131 Emir Can \u00d6zg\u00fcr, k\u0131sa bir s\u00fcre sonra hizmete a\u00e7\u0131lacak Hafriyat Topra\u011f\u0131, \u0130n\u015faat ve Y\u0131k\u0131nt\u0131 At\u0131klar\u0131 Geri D\u00f6n\u00fc\u015f\u00fcm Tesisi&#8217;nin \u00f6zelliklerinden bahsederek, &#8220;B\u00fcy\u00fck\u015fehir Belediyesi \u0130mar \u0130n\u015faat A.\u015e. b\u00fcnyesinde yapt\u0131\u011f\u0131m\u0131z ve sonuna yakla\u015ft\u0131\u011f\u0131m\u0131z tesisimiz yakla\u015f\u0131k 102 d\u00f6n\u00fcm alan \u00fczerine kurulu. \u0130n\u015faat at\u0131klar\u0131, depolama ve geri d\u00f6n\u00fc\u015f\u00fcm \u00fczerine hizmet verecek. Tesisimiz faaliyete girdi\u011finde yakla\u015f\u0131k 500 bin metrek\u00fcp hatta daha fazla in\u015faat at\u0131\u011f\u0131n\u0131 bu alanda depolamay\u0131 hedefliyoruz&#8221; dedi.<br \/>\n&#8220;Depolama alan\u0131 tekrar a\u011fa\u00e7land\u0131r\u0131larak yeni bir orman alan\u0131 kazand\u0131r\u0131lacak&#8221;<br \/>\nAt\u0131klar\u0131n ayr\u0131\u015ft\u0131r\u0131larak geri d\u00f6n\u00fc\u015f\u00fcme kazand\u0131r\u0131laca\u011f\u0131n\u0131, geri d\u00f6n\u00fc\u015femeyen at\u0131klar\u0131n da depolanaca\u011f\u0131n\u0131 s\u00f6zlerine ekleyen \u00d6zg\u00fcr, &#8220;Buraya gelen at\u0131klardan da ayr\u0131\u015ft\u0131rma prosesi uygulay\u0131p geri d\u00f6n\u00fc\u015f\u00fcme uygun olanlar\u0131 makinalar\u0131m\u0131zla ekonomiye tekrar kazan\u0131labilir \u00e7e\u015fitli malzemelere d\u00f6n\u00fc\u015ft\u00fcrece\u011fiz ve bunlar\u0131n sat\u0131\u015f\u0131n\u0131 sa\u011flayaca\u011f\u0131z. Bu yolla da \u015firketimize bir gelir elde etmeyi hedefliyoruz. Geri d\u00f6n\u00fc\u015ft\u00fcr\u00fclemeyecek malzemeleri depolama alan\u0131m\u0131zda kademeli olarak depolamaya ba\u015flayaca\u011f\u0131z. Bu alan yakla\u015f\u0131k 5-6 y\u0131l i\u00e7inde \u00f6mr\u00fcn\u00fc tamamlad\u0131\u011f\u0131nda tekrar a\u011fa\u00e7land\u0131r\u0131larak yeni bir orman alan\u0131 kazand\u0131r\u0131lacak. Bu s\u00fcre boyunca \u015fehrimizdeki potansiyel \u00e7evre kirlili\u011finin \u00f6n\u00fcne ge\u00e7mi\u015f olaca\u011f\u0131z&#8221; diye konu\u015ftu.<br \/>\n\u00d6zg\u00fcr, g\u00fcnl\u00fck yakla\u015f\u0131k 3 bin ton civar\u0131nda k\u0131r\u0131m yap\u0131lacak olan tesiste hafriyat at\u0131klar\u0131n\u0131n yan\u0131 s\u0131ra asfalt at\u0131klar\u0131n\u0131n da prosesten ge\u00e7irilece\u011fini s\u00f6zlerine ekleyerek, \u015funlar\u0131 s\u00f6yledi:<br \/>\n&#8220;D\u00f6n\u00fc\u015ft\u00fcr\u00fclen malzeme yine \u015fehrimizde kullan\u0131lmak \u00fczere belirlenen uygun fiyatlarla sat\u0131\u015fa sunulacak. Buradan da bir gelir elde etmeyi hedefliyoruz. Hem gelir elde edip hem de \u00e7evreye zarar\u0131n \u00f6n\u00fcne ge\u00e7me hedefimiz var. G\u00fcnl\u00fck k\u0131r\u0131m kapasitemiz g\u00fcnde yakla\u015f\u0131k 2 bin 500-3 bin ton civar\u0131nda. Bu gelen malzemenin cinsine de ba\u011fl\u0131. Yine bu projeye entegre olacak \u015fekilde hedefledi\u011fimiz mobil hafriyat ta\u015f\u0131ma ara\u00e7lar\u0131m\u0131zla \u015fehirde ka\u00e7ak d\u00f6k\u00fcm\u00fcn\u00fcn de \u00f6n\u00fcne ge\u00e7meyi hedefliyoruz. O ara\u00e7larla toplad\u0131\u011f\u0131m\u0131z malzemeyi saham\u0131za getirip i\u015fleyece\u011fiz. Tesisimiz b\u00f6lgemizde ilk defa yap\u0131lacak olup yak\u0131n civarda buna benzer bir tesis bulunmuyor. Hedefimiz buna benzer bir tesisi \u015fehrimizin ba\u015fka bir noktas\u0131na daha kazand\u0131rmak.&#8221;<\/p>\n","protected":false},"excerpt":{"rendered":"<p>Mersin B\u00fcy\u00fck\u015fehir Belediyesi, Mersin&#8217;de bir ilke imza atarak Hafriyat Topra\u011f\u0131, \u0130n\u015faat ve Y\u0131k\u0131nt\u0131 At\u0131klar\u0131 Geri D\u00f6n\u00fc\u015f\u00fcm Tesisi kurdu. Yeni\u015fehir il\u00e7esi Emirler Mahallesi&#8217;nde 104 d\u00f6n\u00fcm alana kurulan tesis sayesinde kentteki her &hellip; <a href=\"https:\/\/akdenizolaygazetesi.com\/?p=19148\" class=\"more-link\">Devam\u0131n\u0131 Oku&#8230;<\/a><\/p>\n","protected":false},"author":2,"featured_media":19149,"comment_status":"open","ping_status":"open","sticky":false,"template":"","format":"standard","meta":[],"categories":[3],"tags":[],"_links":{"self":[{"href":"https:\/\/akdenizolaygazetesi.com\/index.php?rest_route=\/wp\/v2\/posts\/19148"}],"collection":[{"href":"https:\/\/akdenizolaygazetesi.com\/index.php?rest_route=\/wp\/v2\/posts"}],"about":[{"href":"https:\/\/akdenizolaygazetesi.com\/index.php?rest_route=\/wp\/v2\/types\/post"}],"author":[{"embeddable":true,"href":"https:\/\/akdenizolaygazetesi.com\/index.php?rest_route=\/wp\/v2\/users\/2"}],"replies":[{"embeddable":true,"href":"https:\/\/akdenizolaygazetesi.com\/index.php?rest_route=%2Fwp%2Fv2%2Fcomments&post=19148"}],"version-history":[{"count":1,"href":"https:\/\/akdenizolaygazetesi.com\/index.php?rest_route=\/wp\/v2\/posts\/19148\/revisions"}],"predecessor-version":[{"id":19150,"href":"https:\/\/akdenizolaygazetesi.com\/index.php?rest_route=\/wp\/v2\/posts\/19148\/revisions\/19150"}],"wp:featuredmedia":[{"embeddable":true,"href":"https:\/\/akdenizolaygazetesi.com\/index.php?rest_route=\/wp\/v2\/media\/19149"}],"wp:attachment":[{"href":"https:\/\/akdenizolaygazetesi.com\/index.php?rest_route=%2Fwp%2Fv2%2Fmedia&parent=19148"}],"wp:term":[{"taxonomy":"category","embeddable":true,"href":"https:\/\/akdenizolaygazetesi.com\/index.php?rest_route=%2Fwp%2Fv2%2Fcategories&post=19148"},{"taxonomy":"post_tag","embeddable":true,"href":"https:\/\/akdenizolaygazetesi.com\/index.php?rest_route=%2Fwp%2Fv2%2Ftags&post=19148"}],"curies":[{"name":"wp","href":"https:\/\/api.w.org\/{rel}","templated":true}]}}