{"id":19152,"date":"2022-06-08T12:15:45","date_gmt":"2022-06-08T09:15:45","guid":{"rendered":"http:\/\/akdenizolaygazetesi.com\/?p=19152"},"modified":"2022-06-08T12:15:45","modified_gmt":"2022-06-08T09:15:45","slug":"akdenizin-cadde-ve-sokaklari-karis-karis-temizlendi","status":"publish","type":"post","link":"https:\/\/akdenizolaygazetesi.com\/?p=19152","title":{"rendered":"AKDEN\u0130Z\u2019\u0130N CADDE VE SOKAKLARI KARI\u015e KARI\u015e TEM\u0130ZLEND\u0130"},"content":{"rendered":"<p>Bu y\u0131lki temas\u0131 &#8216;S\u0131f\u0131r At\u0131k&#8217; olarak belirlenen \u201cT\u00fcrkiye \u00c7evre Haftas\u0131\u201d etkinlikleri \u00e7er\u00e7evesinde, Akdeniz Belediyesi ile Akdeniz \u00dc\u00e7\u00fcnc\u00fc G\u00f6z E\u011fitim ve Gen\u00e7lik Derne\u011fi i\u015fbirli\u011finde, kent merkezinde cadde ve sokak temizli\u011fi yap\u0131ld\u0131.<br \/>\nAkdeniz Belediyesi\u2019nin; \u201c1-7 Haziran T\u00fcrkiye \u00c7evre Haftas\u0131\u201d kutlamalar\u0131 kapsam\u0131nda, bu y\u0131l \u201cD\u00fcnya Ortak Evimiz, S\u0131f\u0131r At\u0131k Gelece\u011fimiz\u201d slogan\u0131yla organize edilen etkinlikleri devam ediyor. Akdeniz Belediyesi \u00c7evre Koruma ve Kontrol M\u00fcd\u00fcrl\u00fc\u011f\u00fc personeli ile Akdeniz \u00dc\u00e7\u00fcnc\u00fc G\u00f6z E\u011fitim ve Gen\u00e7lik Derne\u011fi i\u015fbirli\u011finde, merkez mahallerin cadde ve sokaklar\u0131 kar\u0131\u015f kar\u0131\u015f gezilerek kapsaml\u0131 bir temizlik yap\u0131ld\u0131. Belediye binas\u0131 \u00f6n\u00fcnde bulu\u015farak ard\u0131ndan cadde ve sokaklara da\u011f\u0131lan dernek \u00fcyesi \u00f6\u011frenciler ile belediye personelinin dakikalar boyunca toplad\u0131\u011f\u0131 po\u015fetler dolusu at\u0131klar ve \u00e7\u00f6pler, belediyenin \u00e7\u00f6p taksilerine y\u00fcklenip mahallelerden \u00e7\u0131kar\u0131ld\u0131.<br \/>\nAkdeniz\u2019de, do\u011fal \u00e7evrenin korunmas\u0131, s\u00fcrd\u00fcr\u00fclebilir ya\u015fam \u00e7evrelerinin olu\u015fturulmas\u0131 ve iklim de\u011fi\u015fikli\u011fi ile m\u00fccadele konular\u0131nda \u00e7evre bilincinin ve bu konulardaki fark\u0131ndal\u0131\u011f\u0131n art\u0131r\u0131lmas\u0131 amac\u0131yla etkinlik ve hizmetler devam edecek.<\/p>\n","protected":false},"excerpt":{"rendered":"<p>Bu y\u0131lki temas\u0131 &#8216;S\u0131f\u0131r At\u0131k&#8217; olarak belirlenen \u201cT\u00fcrkiye \u00c7evre Haftas\u0131\u201d etkinlikleri \u00e7er\u00e7evesinde, Akdeniz Belediyesi ile Akdeniz \u00dc\u00e7\u00fcnc\u00fc G\u00f6z E\u011fitim ve Gen\u00e7lik Derne\u011fi i\u015fbirli\u011finde, kent merkezinde cadde ve sokak temizli\u011fi yap\u0131ld\u0131. &hellip; <a href=\"https:\/\/akdenizolaygazetesi.com\/?p=19152\" class=\"more-link\">Devam\u0131n\u0131 Oku&#8230;<\/a><\/p>\n","protected":false},"author":2,"featured_media":19153,"comment_status":"open","ping_status":"open","sticky":false,"template":"","format":"standard","meta":[],"categories":[1,2,3],"tags":[],"_links":{"self":[{"href":"https:\/\/akdenizolaygazetesi.com\/index.php?rest_route=\/wp\/v2\/posts\/19152"}],"collection":[{"href":"https:\/\/akdenizolaygazetesi.com\/index.php?rest_route=\/wp\/v2\/posts"}],"about":[{"href":"https:\/\/akdenizolaygazetesi.com\/index.php?rest_route=\/wp\/v2\/types\/post"}],"author":[{"embeddable":true,"href":"https:\/\/akdenizolaygazetesi.com\/index.php?rest_route=\/wp\/v2\/users\/2"}],"replies":[{"embeddable":true,"href":"https:\/\/akdenizolaygazetesi.com\/index.php?rest_route=%2Fwp%2Fv2%2Fcomments&post=19152"}],"version-history":[{"count":1,"href":"https:\/\/akdenizolaygazetesi.com\/index.php?rest_route=\/wp\/v2\/posts\/19152\/revisions"}],"predecessor-version":[{"id":19154,"href":"https:\/\/akdenizolaygazetesi.com\/index.php?rest_route=\/wp\/v2\/posts\/19152\/revisions\/19154"}],"wp:featuredmedia":[{"embeddable":true,"href":"https:\/\/akdenizolaygazetesi.com\/index.php?rest_route=\/wp\/v2\/media\/19153"}],"wp:attachment":[{"href":"https:\/\/akdenizolaygazetesi.com\/index.php?rest_route=%2Fwp%2Fv2%2Fmedia&parent=19152"}],"wp:term":[{"taxonomy":"category","embeddable":true,"href":"https:\/\/akdenizolaygazetesi.com\/index.php?rest_route=%2Fwp%2Fv2%2Fcategories&post=19152"},{"taxonomy":"post_tag","embeddable":true,"href":"https:\/\/akdenizolaygazetesi.com\/index.php?rest_route=%2Fwp%2Fv2%2Ftags&post=19152"}],"curies":[{"name":"wp","href":"https:\/\/api.w.org\/{rel}","templated":true}]}}