{"id":19155,"date":"2022-06-08T12:17:52","date_gmt":"2022-06-08T09:17:52","guid":{"rendered":"http:\/\/akdenizolaygazetesi.com\/?p=19155"},"modified":"2022-06-08T12:17:52","modified_gmt":"2022-06-08T09:17:52","slug":"baskan-yilmaz-agaclandirma-calismalarini-son-derece-onemsiyoruz","status":"publish","type":"post","link":"https:\/\/akdenizolaygazetesi.com\/?p=19155","title":{"rendered":"Ba\u015fkan Y\u0131lmaz; &#8220;A\u011fa\u00e7land\u0131rma \u00c7al\u0131\u015fmalar\u0131n\u0131 Son Derece \u00d6nemsiyoruz&#8221;"},"content":{"rendered":"<p>Ba\u015fkan Y\u0131lmaz, T\u00fcrkiye \u00c7evre Haftas\u0131 kapsam\u0131nda Mersin Valisi Ali Hamza Pehlivan ile birlikte il\u00e7ede fidan dikim etkinli\u011fine kat\u0131larak; &#8220;\u00dclkemizde e\u015f zamanl\u0131 olarak yap\u0131lan bu etkinli\u011fin ayr\u0131 bir g\u00fczelli\u011fi ve \u00f6nemi var. Birlikteli\u011fimizin g\u00fcc\u00fcn\u00fc, organizasyon yetene\u011fimizi ve hareket kabiliyetimizi ortaya koyuyoruz&#8221; dedi.<\/p>\n<p>Mersin&#8217;in Toroslar \u0130l\u00e7esinde, 1-7 Haziran T\u00fcrkiye \u00c7evre Haftas\u0131 dolu dolu etkinliklerle kutland\u0131.<\/p>\n<p>\u00c7evreye olan duyarl\u0131 \u00e7al\u0131\u015fmalar\u0131n\u0131n yan\u0131 s\u0131ra &#8220;S\u0131f\u0131r At\u0131k&#8221; seferberli\u011finde T\u00fcrkiye&#8217;nin \u00f6nc\u00fc il\u00e7elerinden biri olmay\u0131 ba\u015faran Toroslar Belediyesi, bu y\u0131lki temas\u0131 &#8220;S\u0131f\u0131r At\u0131k&#8221; olarak belirlenen hafta kapsam\u0131nda do\u011fada d\u00f6n\u00fc\u015f\u00fcm\u00fc zor olan at\u0131klar\u0131n temizli\u011finin ard\u0131ndan fidan dikim etkinli\u011fiyle de \u00f6nemli bir mesaj verdi.<\/p>\n<p>Cumhurba\u015fkanl\u0131\u011f\u0131 genelgesi gere\u011fince,  \u00c7evre, \u015eehircilik ve \u0130klim De\u011fi\u015fikli\u011fi Bakanl\u0131\u011f\u0131n\u0131n koordinasyonunda t\u00fcm T\u00fcrkiye&#8217;de e\u015f zamanl\u0131 olarak d\u00fczenlenen etkinlikler ile Toroslar&#8217;da da iklim de\u011fi\u015fikli\u011fi ile m\u00fccadele konular\u0131nda \u00e7evre bilincinin art\u0131r\u0131lmas\u0131na dikkat \u00e7ekildi.<\/p>\n<p>Bu kapsamda Mersin Valili\u011fi himayesinde \u00c7evre, \u015eehircilik ve \u0130klim De\u011fi\u015fikli\u011fi \u0130l M\u00fcd\u00fcrl\u00fc\u011f\u00fc ile Toroslar Belediyesi&#8217;nce fidan dikim etkinli\u011fi ger\u00e7ekle\u015ftirildi.<\/p>\n<p>Do\u011fas\u0131yla, ye\u015filiyle dikkat \u00e7eken Toroslar&#8217;da iklim de\u011fi\u015fikli\u011fine neden olan karbon sal\u0131n\u0131m\u0131n\u0131 en aza indirgemek i\u00e7in karbon yutaklar\u0131 olu\u015fturuldu.<\/p>\n<p>Korukent Mahallesi&#8217;nde bulunan Toroslar \u015eehir Hastanesi A\u011fa\u00e7land\u0131rma Projesi Sahas\u0131nda yap\u0131lan fidan dikim etkinli\u011fine; Mersin Valisi Ali Hamza Pehlivan, Toroslar Kaymakam\u0131 \u0130brahim \u00c7enet, Toroslar Belediye Ba\u015fkan\u0131 Ats\u0131z Af\u015f\u0131n Y\u0131lmaz, \u00c7evre, \u015eehircilik ve \u0130klim De\u011fi\u015fikli\u011fi \u0130l M\u00fcd\u00fcr\u00fc H\u00fcseyin \u00d6zg\u00fcr Yal\u00e7\u0131n, kurum m\u00fcd\u00fcrleri ile vatanda\u015flar kat\u0131ld\u0131.<\/p>\n<p>Ba\u015fkan Y\u0131lmaz; &#8220;A\u011fa\u00e7land\u0131rma \u00c7al\u0131\u015fmalar\u0131n\u0131 Son Derece \u00d6nemsiyoruz&#8221;<\/p>\n<p>Fidan dikim etkinli\u011finde konu\u015fan Toroslar Belediye Ba\u015fkan\u0131 Ats\u0131z Af\u015f\u0131n Y\u0131lmaz; a\u011fa\u00e7land\u0131rma \u00e7al\u0131\u015fmalar\u0131 yaparken, \u00e7evreye duyarl\u0131 bir nesil yeti\u015ftirmeyi de ihmal etmediklerini belirterek; &#8220;Amac\u0131m\u0131z bu duyarl\u0131l\u0131\u011f\u0131 daha fazla art\u0131rmak&#8221; ifadelerini kulland\u0131.<\/p>\n<p>Mersin Valisi Ali Hamza Pehlivan ile birlikte Toroslar&#8217;da bu etkinli\u011fi ger\u00e7ekle\u015ftirmenin mutlulu\u011funu ya\u015fad\u0131klar\u0131n\u0131 da belirten Ba\u015fkan Y\u0131lmaz; &#8220;Valimiz k\u0131sa s\u00fcre \u00f6nce \u015fehrimizde g\u00f6reve ba\u015flad\u0131. Hemen de \u00e7al\u0131\u015fmalar\u0131yla dikkat \u00e7ekti. \u00d6nceki Valimiz Say\u0131n Ali \u0130hsan Su Mersinimizde \u00e7ok g\u00fczel hizmetler ger\u00e7ekle\u015ftirdi. Kendisi \u015fimdi Diyarbak\u0131r&#8217;da devletimize, milletimize hizmet ediyorlar. Yeni Valimiz Say\u0131n Ali Hamza Pehlivan da \u015fehrimize geldi\u011fi g\u00fcn \u00f6nce \u015fehit ailesini ziyaret etti ve ard\u0131ndan \u00e7ift\u00e7ilerimizle bir araya geldi. Allah raz\u0131 olsun. Milletimizle el ele, g\u00f6n\u00fcl g\u00f6n\u00fcle \u00e7al\u0131\u015fma azmimizi, motivasyonumuzu daha da kuvvetlendirdi. Hep beraber \u00e7ok daha g\u00fczel i\u015fler yapaca\u011f\u0131m\u0131za can\u0131 g\u00f6n\u00fclden inan\u0131yoruz&#8221; diye konu\u015ftu.<\/p>\n<p>&#8220;Gelecek nesillere daha ya\u015fan\u0131labilir bir d\u00fcnya b\u0131rakabilmek i\u00e7in a\u011fa\u00e7lar\u0131m\u0131z\u0131 korumal\u0131 ve daha \u00e7ok a\u011fa\u00e7land\u0131rma \u00e7al\u0131\u015fmalar\u0131na \u00f6nem vermeliyiz&#8221; diyen Ba\u015fkan Y\u0131lmaz; &#8220;Cumhurba\u015fkanl\u0131\u011f\u0131m\u0131z\u0131n genelgesiyle y\u00fcr\u00fcrl\u00fc\u011fe giren T\u00fcrkiye \u00c7evre Haftas\u0131 kapsam\u0131nda \u00fclkemizin d\u00f6rt bir yan\u0131nda e\u015f zamanl\u0131 olarak binlerce fidan toprakla bulu\u015fturuldu. T\u00fcrkiye Cumhuriyeti devleti olarak Kanada&#8217;dan sonra ormanc\u0131l\u0131kta, a\u011fa\u00e7 dikmede, yeti\u015ftirmede ve korumada en ba\u015far\u0131l\u0131 \u00fclkeler aras\u0131nda geliyoruz. T\u00fcm T\u00fcrkiye&#8217;de, t\u00fcm te\u015fkilatlar\u0131n ayn\u0131 anda a\u011fa\u00e7 dikmesinin, ayn\u0131 ad\u0131m\u0131 atmas\u0131n\u0131n ayr\u0131 bir g\u00fczelli\u011fi ve \u00f6nemi var. Birlikteli\u011fimizin g\u00fcc\u00fcn\u00fc, organizasyon yetene\u011fimizi ve hareket kabiliyetimizi ortaya koyuyoruz. Bu etkinli\u011fi son derece \u00f6nemsiyoruz&#8221; diye konu\u015ftu.<\/p>\n<p>Vali Pehlivan; &#8220;\u00c7evre, Duyarl\u0131l\u0131k ve Hassasiyet Gerektiren Bir Konu&#8221;<\/p>\n<p>Mersin Valisi Ali Hamza Pehlivan ise etkinli\u011fe ev sahipli\u011fi yapan Toroslar Belediye Ba\u015fkan\u0131 Ats\u0131z Af\u015f\u0131n Y\u0131lmaz&#8217;a, Toroslar Kaymakaml\u0131\u011f\u0131&#8217;na ve \u00c7evre, \u015eehircilik ve \u0130klim De\u011fi\u015fikli\u011fi \u0130l M\u00fcd\u00fcrl\u00fc\u011f\u00fc&#8217;ne te\u015fekk\u00fcr etti.<\/p>\n<p>Resmi gazetede Cumhurba\u015fkan\u0131 Recep Tayyip Erdo\u011fan&#8217;\u0131n imzas\u0131yla yay\u0131mlanan &#8220;T\u00fcrkiye \u00c7evre Haftas\u0131&#8221; konulu genelgenin y\u00fcr\u00fcrl\u00fc\u011fe girdi\u011fini belirten Mersin Valisi Pehlivan; &#8220;Bu genelge do\u011frultusunda; D\u00fcnya \u00c7evre G\u00fcn\u00fc olarak kutlanan 5 Haziran tarihinin i\u00e7inde bulundu\u011fu hafta art\u0131k her y\u0131l \u00c7evre, \u015eehircilik ve \u0130klim De\u011fi\u015fikli\u011fi Bakanl\u0131\u011f\u0131 taraf\u0131ndan duyurulacak bir temayla &#8220;T\u00fcrkiye \u00c7evre Haftas\u0131&#8221; olarak kutlanacak.T\u00fcrkiye \u00c7evre Haftas\u0131&#8217;n\u0131n bu y\u0131lki temas\u0131 &#8220;S\u0131f\u0131r At\u0131k&#8221; olarak belirlendi. &#8220;S\u0131f\u0131r At\u0131k&#8221; ile ilgili \u00e7al\u0131\u015fmalar, Say\u0131n Cumhurba\u015fkan\u0131m\u0131z\u0131n e\u015fi Say\u0131n Emine Erdo\u011fan Han\u0131mefendi himayelerinde, \u00c7evre \u015eehircilik ve \u0130klim De\u011fi\u015fikli\u011fi Bakanl\u0131\u011f\u0131m\u0131z genel koordinasyonunda; illerde Valiliklerimiz himayesinde il M\u00fcd\u00fcrl\u00fckleri, il\u00e7elerde ise Kaymakaml\u0131klar\u0131m\u0131z ve ilgili kurum ve kurulu\u015flar\u0131n katk\u0131lar\u0131yla s\u00fcrd\u00fcr\u00fcl\u00fcyor&#8221; \u015feklinde konu\u015ftu.<\/p>\n<p>\u00c7evrenin korunmas\u0131n\u0131n, duyarl\u0131l\u0131k ve hassasiyet gerektiren bir konu oldu\u011funu kaydeden Vali Pehlivan; &#8220;\u00c7evre ile ilgili hassasiyetler g\u00fcndeme geldi\u011finde faydalan ama koru diyoruz. \u00c7evreye, a\u011faca, bitkiye, ye\u015file g\u00f6z\u00fcm\u00fcz gibi bakal\u0131m, onlar\u0131n ya\u015fam kayna\u011f\u0131m\u0131z ve gelece\u011fimiz oldu\u011funu asla unutmayal\u0131m. Bu haftan\u0131n iyiliklere ve bu konudaki bilincin art\u0131r\u0131lmas\u0131na vesile olmas\u0131n\u0131 diliyorum&#8221; ifadelerini kulland\u0131.<\/p>\n<p>Konu\u015fmalar\u0131n ard\u0131ndan &#8220;T\u00fcrkiye \u00c7evre Haftas\u0131&#8221; dolay\u0131s\u0131yla d\u00fczenlenen etkinlikte fidanlar; Vali Ali Hamza Pehlivan, Toroslar Kaymakam\u0131 \u0130brahim \u00c7enet, Toroslar Belediye Ba\u015fkan\u0131 Ats\u0131z Af\u015f\u0131n Y\u0131lmaz, protokol \u00fcyeleri ve vatanda\u015flar taraf\u0131ndan toprakla bulu\u015fturuldu.<\/p>\n","protected":false},"excerpt":{"rendered":"<p>Ba\u015fkan Y\u0131lmaz, T\u00fcrkiye \u00c7evre Haftas\u0131 kapsam\u0131nda Mersin Valisi Ali Hamza Pehlivan ile birlikte il\u00e7ede fidan dikim etkinli\u011fine kat\u0131larak; &#8220;\u00dclkemizde e\u015f zamanl\u0131 olarak yap\u0131lan bu etkinli\u011fin ayr\u0131 bir g\u00fczelli\u011fi ve \u00f6nemi &hellip; <a href=\"https:\/\/akdenizolaygazetesi.com\/?p=19155\" class=\"more-link\">Devam\u0131n\u0131 Oku&#8230;<\/a><\/p>\n","protected":false},"author":2,"featured_media":19156,"comment_status":"open","ping_status":"open","sticky":false,"template":"","format":"standard","meta":[],"categories":[2,3,5],"tags":[],"_links":{"self":[{"href":"https:\/\/akdenizolaygazetesi.com\/index.php?rest_route=\/wp\/v2\/posts\/19155"}],"collection":[{"href":"https:\/\/akdenizolaygazetesi.com\/index.php?rest_route=\/wp\/v2\/posts"}],"about":[{"href":"https:\/\/akdenizolaygazetesi.com\/index.php?rest_route=\/wp\/v2\/types\/post"}],"author":[{"embeddable":true,"href":"https:\/\/akdenizolaygazetesi.com\/index.php?rest_route=\/wp\/v2\/users\/2"}],"replies":[{"embeddable":true,"href":"https:\/\/akdenizolaygazetesi.com\/index.php?rest_route=%2Fwp%2Fv2%2Fcomments&post=19155"}],"version-history":[{"count":1,"href":"https:\/\/akdenizolaygazetesi.com\/index.php?rest_route=\/wp\/v2\/posts\/19155\/revisions"}],"predecessor-version":[{"id":19157,"href":"https:\/\/akdenizolaygazetesi.com\/index.php?rest_route=\/wp\/v2\/posts\/19155\/revisions\/19157"}],"wp:featuredmedia":[{"embeddable":true,"href":"https:\/\/akdenizolaygazetesi.com\/index.php?rest_route=\/wp\/v2\/media\/19156"}],"wp:attachment":[{"href":"https:\/\/akdenizolaygazetesi.com\/index.php?rest_route=%2Fwp%2Fv2%2Fmedia&parent=19155"}],"wp:term":[{"taxonomy":"category","embeddable":true,"href":"https:\/\/akdenizolaygazetesi.com\/index.php?rest_route=%2Fwp%2Fv2%2Fcategories&post=19155"},{"taxonomy":"post_tag","embeddable":true,"href":"https:\/\/akdenizolaygazetesi.com\/index.php?rest_route=%2Fwp%2Fv2%2Ftags&post=19155"}],"curies":[{"name":"wp","href":"https:\/\/api.w.org\/{rel}","templated":true}]}}