{"id":19158,"date":"2022-06-08T12:31:50","date_gmt":"2022-06-08T09:31:50","guid":{"rendered":"http:\/\/akdenizolaygazetesi.com\/?p=19158"},"modified":"2022-06-08T12:31:50","modified_gmt":"2022-06-08T09:31:50","slug":"akdenizde-metruk-yapilarla-mucadele-suruyor-2","status":"publish","type":"post","link":"https:\/\/akdenizolaygazetesi.com\/?p=19158","title":{"rendered":"AKDEN\u0130Z\u2019DE METRUK YAPILARLA M\u00dcCADELE S\u00dcR\u00dcYOR"},"content":{"rendered":"<p>Akdeniz Belediyesi, halk\u0131n can ve mal g\u00fcvenli\u011fini tehdit etmesinin yan\u0131 s\u0131ra, kimi zaman madde ba\u011f\u0131ml\u0131lar\u0131n\u0131n mek\u00e2n\u0131na d\u00f6n\u00fc\u015fen ve g\u00f6rsel kirlilik olu\u015fturan metruk yap\u0131larla m\u00fccadelesini aral\u0131ks\u0131z s\u00fcrd\u00fcr\u00fcyor.<br \/>\nFen \u0130\u015fleri M\u00fcd\u00fcrl\u00fc\u011f\u00fc\u2019ne ba\u011fl\u0131 ekipler, son olarak yasal s\u00fcreci tamamlanan Bar\u0131\u015f Mahallesi 4513 Sokak numara 11 adresinde bulunan, sahiplerince terk edilmi\u015f metruk yap\u0131n\u0131n ve etraf\u0131ndaki donat\u0131lar\u0131n kontroll\u00fc y\u0131k\u0131m\u0131n\u0131 ger\u00e7ekle\u015ftirdi.<br \/>\nY\u0131k\u0131m \u00f6ncesi \u00e7evre g\u00fcvenli\u011fini alan fen i\u015fleri ekipleri, sonras\u0131nda i\u015f makinesi deste\u011fiyle harabeye d\u00f6nen yap\u0131y\u0131 y\u0131kt\u0131. A\u015f\u0131r\u0131 toz olu\u015fumunu \u00f6nlemek i\u00e7in de araz\u00f6zden su s\u0131k\u0131l\u0131rken, y\u0131k\u0131m\u0131n sonunda ortaya \u00e7\u0131kan tonlarca moloz ve at\u0131klar, kamyonlara y\u00fcklenip mahalleden \u00e7\u0131kar\u0131ld\u0131.<br \/>\nY\u0131k\u0131ma tan\u0131k olan baz\u0131 mahalle sakinleri, harabeye d\u00f6nen bu t\u00fcr metruk evleri oyun alan\u0131na \u00e7eviren \u00e7ocuklar\u0131 i\u00e7in b\u00fcy\u00fck endi\u015fe duyduklar\u0131n\u0131 ifade ederek, y\u0131k\u0131m nedeniyle ekiplere te\u015fekk\u00fcr ettiler.<br \/>\nAkdeniz\u2019de; muhtarlar ve mahalle sakinlerinin yo\u011fun \u015fik\u00e2yetine konu olan, sahiplerince terk edildi\u011fi i\u00e7in harabeye d\u00f6nerek vatanda\u015flar\u0131n can ve mal g\u00fcvenli\u011fini tehdit eden metruk yap\u0131lar\u0131n y\u0131k\u0131m\u0131 devam edecek. <\/p>\n","protected":false},"excerpt":{"rendered":"<p>Akdeniz Belediyesi, halk\u0131n can ve mal g\u00fcvenli\u011fini tehdit etmesinin yan\u0131 s\u0131ra, kimi zaman madde ba\u011f\u0131ml\u0131lar\u0131n\u0131n mek\u00e2n\u0131na d\u00f6n\u00fc\u015fen ve g\u00f6rsel kirlilik olu\u015fturan metruk yap\u0131larla m\u00fccadelesini aral\u0131ks\u0131z s\u00fcrd\u00fcr\u00fcyor. Fen \u0130\u015fleri M\u00fcd\u00fcrl\u00fc\u011f\u00fc\u2019ne ba\u011fl\u0131 &hellip; <a href=\"https:\/\/akdenizolaygazetesi.com\/?p=19158\" class=\"more-link\">Devam\u0131n\u0131 Oku&#8230;<\/a><\/p>\n","protected":false},"author":2,"featured_media":19159,"comment_status":"open","ping_status":"open","sticky":false,"template":"","format":"standard","meta":[],"categories":[1,2,3],"tags":[],"_links":{"self":[{"href":"https:\/\/akdenizolaygazetesi.com\/index.php?rest_route=\/wp\/v2\/posts\/19158"}],"collection":[{"href":"https:\/\/akdenizolaygazetesi.com\/index.php?rest_route=\/wp\/v2\/posts"}],"about":[{"href":"https:\/\/akdenizolaygazetesi.com\/index.php?rest_route=\/wp\/v2\/types\/post"}],"author":[{"embeddable":true,"href":"https:\/\/akdenizolaygazetesi.com\/index.php?rest_route=\/wp\/v2\/users\/2"}],"replies":[{"embeddable":true,"href":"https:\/\/akdenizolaygazetesi.com\/index.php?rest_route=%2Fwp%2Fv2%2Fcomments&post=19158"}],"version-history":[{"count":1,"href":"https:\/\/akdenizolaygazetesi.com\/index.php?rest_route=\/wp\/v2\/posts\/19158\/revisions"}],"predecessor-version":[{"id":19160,"href":"https:\/\/akdenizolaygazetesi.com\/index.php?rest_route=\/wp\/v2\/posts\/19158\/revisions\/19160"}],"wp:featuredmedia":[{"embeddable":true,"href":"https:\/\/akdenizolaygazetesi.com\/index.php?rest_route=\/wp\/v2\/media\/19159"}],"wp:attachment":[{"href":"https:\/\/akdenizolaygazetesi.com\/index.php?rest_route=%2Fwp%2Fv2%2Fmedia&parent=19158"}],"wp:term":[{"taxonomy":"category","embeddable":true,"href":"https:\/\/akdenizolaygazetesi.com\/index.php?rest_route=%2Fwp%2Fv2%2Fcategories&post=19158"},{"taxonomy":"post_tag","embeddable":true,"href":"https:\/\/akdenizolaygazetesi.com\/index.php?rest_route=%2Fwp%2Fv2%2Ftags&post=19158"}],"curies":[{"name":"wp","href":"https:\/\/api.w.org\/{rel}","templated":true}]}}