{"id":1916,"date":"2020-11-04T18:22:27","date_gmt":"2020-11-04T15:22:27","guid":{"rendered":"http:\/\/mersinekonomipolitikagazetesi.com\/?p=1916"},"modified":"2020-11-04T18:22:27","modified_gmt":"2020-11-04T15:22:27","slug":"mersin-4-sirada","status":"publish","type":"post","link":"https:\/\/akdenizolaygazetesi.com\/?p=1916","title":{"rendered":"MERS\u0130N 4. SIRADA"},"content":{"rendered":"<p>Nisan ay\u0131 sonu itibariyle esnaf ve sanatkar say\u0131s\u0131n\u0131n bir \u00f6nceki aya g\u00f6re 9 bin 818 art\u0131\u015f g\u00f6sterdi\u011fini kaydeden TESK Genel Ba\u015fkan\u0131 Bendevi Paland\u00f6ken, \u201cEsnaf ve Sanatkarlar Sicil Gazetesinde yay\u0131mlanan ilanlara g\u00f6re, esnaf ve sanatkar say\u0131s\u0131 1 milyon 716 bin 827 oldu\u201d dedi.<\/p>\n<p class=\"m_7262386555291439946gmail-p1\" style=\"color: rgb(34, 34, 34); font-family: arial, sans-serif; font-size: 12.8px; line-height: normal;\"><span style=\"font-size:16px;\">Esnaf ve sanatkarlara ait i\u015fletme say\u0131s\u0131n\u0131n 1 milyon 847 bin 633 oldu\u011funu s\u00f6yleyen T\u00fcrkiye Esnaf ve Sanatkarlar\u0131 Konfederasyonu (TESK) Genel Ba\u015fkan\u0131 Paland\u00f6ken, \u201cY\u0131l\u0131n ilk 4 ay\u0131nda toplam 95 bin 127 esnaf ve sanatkar i\u015fletmesi a\u00e7\u0131ld\u0131, 37 bin 912 esnaf sanatkar i\u015fletmesi kapand\u0131. En fazla esnaf i\u015fletmesi a\u00e7\u0131lan iller 9 bin 784 ile \u0130stanbul, 5 bin 700 ile \u0130zmir, 5 bin 46 ile Ankara, 4 bin 787 ile Antalya ve 3 bin 642 ile Bursa oldu. En fazla i\u015f yeri kapan\u0131\u015f\u0131 ger\u00e7ekle\u015fen iller ise 3 bin 183\u2019le \u0130stanbul, 2 bin 424 ile \u0130zmir, bin 833 ile Ankara, bin 786 ile Mersin ve bin 782 ile Antalya oldu\u201d diye konu\u015ftu.\u00a0<\/span><\/p>\n<p class=\"m_7262386555291439946gmail-p3\" style=\"color: rgb(34, 34, 34); font-family: arial, sans-serif; font-size: 12.8px; line-height: normal;\">\u00a0<\/p>\n<p class=\"m_7262386555291439946gmail-p4\" style=\"color: rgb(34, 34, 34); font-family: arial, sans-serif; font-size: 12.8px; line-height: normal;\"><span style=\"font-size:16px;\">\u201cEn \u00e7ok bakkal ve b\u00fcfe i\u015fletmecili\u011fi ra\u011fbet g\u00f6r\u00fcyor\u201d<\/span><\/p>\n<p class=\"m_7262386555291439946gmail-p2\" style=\"color: rgb(34, 34, 34); font-family: arial, sans-serif; font-size: 12.8px; line-height: normal;\">\u00a0<\/p>\n<p class=\"m_7262386555291439946gmail-p1\" style=\"color: rgb(34, 34, 34); font-family: arial, sans-serif; font-size: 12.8px; line-height: normal;\"><span style=\"font-size:16px;\">Y\u0131l\u0131n ilk 4 ay\u0131nda a\u00e7\u0131l\u0131\u015f\u0131 yap\u0131lan meslek kollar\u0131 hakk\u0131nda da bilgi veren Paland\u00f6ken, \u201cOcak ve Nisan ay\u0131 aras\u0131ndaki d\u00f6nemde esnaf ve sanatkar\u0131n en fazla i\u015f yeri a\u00e7t\u0131\u011f\u0131 meslekler, 9 bin 624 ile b\u00fcfe, bakkal ve market i\u015fletmecili\u011fi, 7 bin 948 ile lokantac\u0131l\u0131k, yemek ve i\u00e7ecek sunumu faaliyetleri, 5 bin 168 ile kahvehane, k\u0131raathane ve \u00e7ay oca\u011f\u0131 i\u015fletmecili\u011fi, 4 bin 760 ile \u015fehirler aras\u0131 y\u00fck ta\u015f\u0131mac\u0131l\u0131\u011f\u0131, 3 bin 588 ile tezgahlar ve pazar yerleri vas\u0131tas\u0131yla yap\u0131lan ticaret, 3 bin 566 ile servis arac\u0131 i\u015fletmecili\u011fi ve 2 bin 595 ile minib\u00fcs i\u015fletmecili\u011fi oldu\u201d \u015feklinde konu\u015ftu.\u00a0<\/span><\/p>\n<p class=\"m_7262386555291439946gmail-p3\" style=\"color: rgb(34, 34, 34); font-family: arial, sans-serif; font-size: 12.8px; line-height: normal;\">\u00a0<\/p>\n<p class=\"m_7262386555291439946gmail-p4\" style=\"color: rgb(34, 34, 34); font-family: arial, sans-serif; font-size: 12.8px; line-height: normal;\"><span style=\"font-size:16px;\">\u201cN\u00fcfusa g\u00f6re en \u00e7ok esnaf ve sanatkar Mu\u011fla\u2019da\u201d\u00a0<\/span><\/p>\n<p class=\"m_7262386555291439946gmail-p5\" style=\"color: rgb(34, 34, 34); font-family: arial, sans-serif; font-size: 12.8px; line-height: normal;\">\u00a0<\/p>\n<p class=\"m_7262386555291439946gmail-p6\" style=\"color: rgb(34, 34, 34); font-family: arial, sans-serif; font-size: 12.8px; line-height: normal;\"><span style=\"font-size:16px;\">N\u00fcfus yo\u011funlu\u011funa g\u00f6re en fazla esnaf ve sanatkar\u0131n oldu\u011fu Mu\u011fla\u2019n\u0131n birincili\u011fini korudu\u011funu belirten Paland\u00f6ken, \u201cEsnaf ve sanatkar say\u0131s\u0131n\u0131n n\u00fcfusa g\u00f6re da\u011f\u0131l\u0131m\u0131na bak\u0131ld\u0131\u011f\u0131nda en fazla esnaf ve sanatkar 37 bin 282 ile Mu\u011fla\u2019da yer al\u0131yor. Mu\u011fla\u2019n\u0131n ard\u0131ndan 10 bin 355 ile Burdur, 19 bin 570 ile \u00c7anakkale, 14 bin 902 ile Edirne ve 6 bin 68 ile Artvin en fazla esnaf\u0131n yer ald\u0131\u011f\u0131 illerin ba\u015f\u0131nda geliyor. \u00d6te yandan n\u00fcfusa g\u00f6re esnaf ve sanatkar say\u0131s\u0131n\u0131n en az oldu\u011fu iller ise, 3 bin 973 ile \u015e\u0131rnak, 5 bin 483 ile Batman, 17 bin 543 ile Diyarbak\u0131r, 6 bin 285 ile A\u011fr\u0131 ve 4 bin 138 ile Siirt olarak kay\u0131tlara ge\u00e7ti\u201d ifadelerini kulland\u0131.<\/span><\/p>\n","protected":false},"excerpt":{"rendered":"<p>Nisan ay\u0131 sonu itibariyle esnaf ve sanatkar say\u0131s\u0131n\u0131n bir \u00f6nceki aya g\u00f6re 9 bin 818 art\u0131\u015f g\u00f6sterdi\u011fini kaydeden TESK Genel Ba\u015fkan\u0131 Bendevi Paland\u00f6ken, \u201cEsnaf ve Sanatkarlar Sicil Gazetesinde yay\u0131mlanan ilanlara &hellip; <a href=\"https:\/\/akdenizolaygazetesi.com\/?p=1916\" class=\"more-link\">Devam\u0131n\u0131 Oku&#8230;<\/a><\/p>\n","protected":false},"author":1,"featured_media":0,"comment_status":"open","ping_status":"open","sticky":false,"template":"","format":"standard","meta":[],"categories":[],"tags":[],"_links":{"self":[{"href":"https:\/\/akdenizolaygazetesi.com\/index.php?rest_route=\/wp\/v2\/posts\/1916"}],"collection":[{"href":"https:\/\/akdenizolaygazetesi.com\/index.php?rest_route=\/wp\/v2\/posts"}],"about":[{"href":"https:\/\/akdenizolaygazetesi.com\/index.php?rest_route=\/wp\/v2\/types\/post"}],"author":[{"embeddable":true,"href":"https:\/\/akdenizolaygazetesi.com\/index.php?rest_route=\/wp\/v2\/users\/1"}],"replies":[{"embeddable":true,"href":"https:\/\/akdenizolaygazetesi.com\/index.php?rest_route=%2Fwp%2Fv2%2Fcomments&post=1916"}],"version-history":[{"count":0,"href":"https:\/\/akdenizolaygazetesi.com\/index.php?rest_route=\/wp\/v2\/posts\/1916\/revisions"}],"wp:attachment":[{"href":"https:\/\/akdenizolaygazetesi.com\/index.php?rest_route=%2Fwp%2Fv2%2Fmedia&parent=1916"}],"wp:term":[{"taxonomy":"category","embeddable":true,"href":"https:\/\/akdenizolaygazetesi.com\/index.php?rest_route=%2Fwp%2Fv2%2Fcategories&post=1916"},{"taxonomy":"post_tag","embeddable":true,"href":"https:\/\/akdenizolaygazetesi.com\/index.php?rest_route=%2Fwp%2Fv2%2Ftags&post=1916"}],"curies":[{"name":"wp","href":"https:\/\/api.w.org\/{rel}","templated":true}]}}