{"id":19162,"date":"2022-06-08T12:33:51","date_gmt":"2022-06-08T09:33:51","guid":{"rendered":"http:\/\/akdenizolaygazetesi.com\/?p=19162"},"modified":"2022-06-08T12:33:51","modified_gmt":"2022-06-08T09:33:51","slug":"secer-hep-beraber-gelecege-bakmanin-daha-yararli-olacagini-dusunuyorum","status":"publish","type":"post","link":"https:\/\/akdenizolaygazetesi.com\/?p=19162","title":{"rendered":"SE\u00c7ER: &#8220;HEP BERABER GELECE\u011eE BAKMANIN DAHA YARARLI OLACA\u011eINI D\u00dc\u015e\u00dcN\u00dcYORUM&#8221;"},"content":{"rendered":"<p>Fransa Ankara B\u00fcy\u00fckel\u00e7isi Herve Magro ve MESK\u0130&#8217;nin \u00fc\u00e7 \u00f6nemli projesi i\u00e7in 39 milyon 15 bin Euro finansal destek sa\u011flayacak Frans\u0131z Kalk\u0131nma Ajans\u0131 (AFD) T\u00fcrkiye Direkt\u00f6r\u00fc Tanguy Denieul ile 9 ki\u015filik ekonomi heyeti Ba\u015fkan Se\u00e7er&#8217;i ziyaret etti. \u0130li\u015fkilerin g\u00fc\u00e7lendirilmesi ve i\u015f birli\u011fi imkanlar\u0131n\u0131n de\u011ferlendirildi\u011fi ziyarette Ba\u015fkan Se\u00e7er, Mersin&#8217;in ticaret, liman, tar\u0131m, sanayi ve lojistik kenti oldu\u011fu vurgusunu yaparak, &#8220;T\u00fcrkiye&#8217;nin bir\u00e7ok ilinde olmayan bir avantaj\u0131 ta\u015f\u0131yoruz; \u00e7ok sekt\u00f6rl\u00fc bir kentiz&#8221; dedi.<br \/>\nSe\u00e7er: &#8220;Hep beraber gelece\u011fe bakman\u0131n daha yararl\u0131 olaca\u011f\u0131n\u0131 d\u00fc\u015f\u00fcn\u00fcyorum&#8221;<br \/>\nZiyarette Mersin B\u00fcy\u00fck\u015fehir Belediye Ba\u015fkan\u0131 Vahap Se\u00e7er, Fransa Ankara B\u00fcy\u00fckel\u00e7isi Herve Magro, Frans\u0131z Kalk\u0131nma Ajans\u0131 T\u00fcrkiye Direkt\u00f6r\u00fc Tanguy Denieul ve beraberlerindeki ekonomi heyeti ile Mersin B\u00fcy\u00fck\u015fehir Belediyesi Ba\u015fkan Dan\u0131\u015fman\u0131 \u0130brahim Evrim yer ald\u0131. Ba\u015fkan Se\u00e7er, heyeti a\u011f\u0131rlamaktan duydu\u011fu memnuniyeti dile getirirken,  &#8220;G\u00f6rd\u00fc\u011f\u00fcn\u00fcz gibi Mersin co\u011frafyas\u0131 da, Akdeniz&#8217;e k\u0131y\u0131s\u0131 olan bir \u00fclke oldu\u011fu i\u00e7in, Akdeniz&#8217;de sahili olan kentlerinizi aratm\u0131yor, \u00e7ok benze\u015fiyor. T\u00fcrkiye Cumhuriyeti Devleti&#8217;nin kuruldu\u011fu tarihlerden \u00f6nce Osmanl\u0131 \u0130mparatorlu\u011fu D\u00f6nemi&#8217;nde de Fransa ile \u00e7ok yak\u0131n ili\u015fkileri olan bir milletiz. Mutlaka 2 \u00fclkenin de tarihe d\u00f6n\u00fck baz\u0131 an\u0131lar\u0131 vard\u0131r haf\u0131zalarda. Mutlaka tarih kitaplar\u0131nda yer alan T\u00fcrk tarih\u00e7ilerin, Frans\u0131z tarih\u00e7ilerin kendi bak\u0131\u015f a\u00e7\u0131lar\u0131na g\u00f6re tarih yazarak olu\u015fturduklar\u0131 s\u00fcre\u00e7ler vard\u0131r. Beni ilgilendiren taraf\u0131 tabi ki bug\u00fcn\u00fcn d\u00fcnyas\u0131nda, bug\u00fcn\u00fcn T\u00fcrkiyesi&#8217;nde ve Fransas\u0131&#8217;nda \u015fu anda Mersin B\u00fcy\u00fck\u015fehir Belediye Ba\u015fkan\u0131 olarak Fransa ile Frans\u0131z Halk\u0131 ile Fransa Devleti ile \u00fclkemin ve kentimin ili\u015fkileridir. Tarihi de kendi zaman\u0131nda, kendi mecras\u0131nda, kendi ak\u0131\u015f\u0131nda de\u011ferlendirmenin daha do\u011fru oldu\u011funu d\u00fc\u015f\u00fcn\u00fcyorum. Hep beraber gelece\u011fe bakman\u0131n daha yararl\u0131 olaca\u011f\u0131n\u0131 d\u00fc\u015f\u00fcn\u00fcyorum&#8221; dedi.<br \/>\nD\u00fcnyan\u0131n, \u00fclkenin ve b\u00f6lgenin \u00e7ok \u00f6nemli sorunlarla bo\u011fu\u015ftu\u011fundan s\u00f6z eden Ba\u015fkan Se\u00e7er, &#8220;Bunun \u00fczerine kafa yorman\u0131n, beraber i\u015fbirli\u011finin, dostluk ba\u011flar\u0131, k\u00fclt\u00fcrel ve ekonomik ba\u011flar kurman\u0131n daha \u00f6nemli oldu\u011funu d\u00fc\u015f\u00fcn\u00fcyorum. Mutlaka \u015fu anda Mersin B\u00fcy\u00fck\u015fehir Belediyesi olarak bizlerin de hem Avrupa Birli\u011fi ile hem Fransa ile \u00f6zelinde baz\u0131 kurumlarla, ba\u015fta Frans\u0131z Kalk\u0131nma Ajans\u0131 olmak \u00fczere \u00f6nemli ili\u015fkilerimiz var. Bunlar\u0131n \u00fczerinde kafa yormak, geriye d\u00f6n\u00fck hatalar\u0131m\u0131z\u0131, eksiklerimizi konu\u015fmak, gelece\u011fe d\u00f6n\u00fck projeksiyonlar yapman\u0131n bizler a\u00e7\u0131s\u0131ndan faydal\u0131 olaca\u011f\u0131n\u0131 d\u00fc\u015f\u00fcn\u00fcyorum&#8221; diye konu\u015ftu.<br \/>\n&#8220;T\u00fcrkiye&#8217;nin bir\u00e7ok ilinde olmayan bir avantaj\u0131 ta\u015f\u0131yoruz; \u00e7ok sekt\u00f6rl\u00fc bir kentiz&#8221;<br \/>\nSorumluluk alan\u0131 olan ve Belediye Ba\u015fkanl\u0131\u011f\u0131 yapt\u0131\u011f\u0131 Mersin hakk\u0131nda da konu\u015fan Ba\u015fkan Se\u00e7er, heyetin d\u00fcn yapt\u0131\u011f\u0131 Adana ziyaretini de an\u0131msatarak, Mersin ile Adana&#8217;n\u0131n demografik, k\u00fclt\u00fcrel ve ekonomik yap\u0131lar\u0131, kent sorunlar\u0131 ile birbirine benzeyen kom\u015fu kentler oldu\u011funu vurgulad\u0131. Mersin \u00f6zelinde de de\u011ferlendirmelerde bulunan Se\u00e7er, &#8220;Mersin bir ticaret kenti. \u00c7\u00fcnk\u00fc Mersin liman kenti. Bu liman, Do\u011fu Akdeniz&#8217;in en \u00f6nemli liman\u0131, T\u00fcrkiye&#8217;nin en \u00f6nemli liman\u0131, b\u00fcy\u00fck bir kapasiteye sahip liman. Bu liman hem T\u00fcrkiye&#8217;nin Do\u011fu Akdeniz \u00c7ana\u011f\u0131&#8217;nda d\u00fcnyaya a\u00e7\u0131lan kap\u0131s\u0131, hem de T\u00fcrkiye&#8217;nin karayolu koridorundan ba\u011flant\u0131 kurdu\u011fu, ba\u015fta Orta Do\u011fu \u00fclkeleri, Kafkaslar olmak \u00fczere yo\u011fun transit ticarete konu olan bir liman. T\u00fcrkiye&#8217;nin bir\u00e7ok ilinde olmayan bir avantaj\u0131 ta\u015f\u0131yoruz; \u00e7ok sekt\u00f6rl\u00fc bir kentiz. Ticaretin yan\u0131nda muazzam tar\u0131m topraklar\u0131m\u0131z var, \u00e7ok katma de\u011feri y\u00fcksek \u00fcr\u00fcnler \u00fcretiyoruz ve ihracata konu \u00fcr\u00fcnler. Tarih birikimimiz \u00e7ok, muazzam bir tarih var. Eski medeniyetler, imparatorluklar, bu topraklar onlara ev sahipli\u011fi yapm\u0131\u015f. Di\u011fer taraftan sanayi geli\u015fiyor, lokasyon olarak \u00e7ok uygun. Yeni enerji yat\u0131r\u0131mlar\u0131 var, buna kar\u015f\u0131 olmama ra\u011fmen, kar\u015f\u0131 oldu\u011fumu da bildirmek istiyorum; bir n\u00fckleer santral yap\u0131m\u0131 var. Yani burada yok yok, onlar\u0131n yaratt\u0131\u011f\u0131 bir de lojistik sekt\u00f6r\u00fc var. Yani bu kadar \u00fcretim var, ticaret var, bunlar\u0131n transferi i\u00e7in de bir de lojistik sekt\u00f6r\u00fc kendili\u011finden zaten&#8230; Lojistik sekt\u00f6r\u00fcn\u00fcn T\u00fcrkiye&#8217;nin en b\u00fcy\u00fck filolar\u0131ndan bir tanesi \u0130stanbul&#8217;dan sonra Mersin&#8217;de. Mesela b\u00f6yle muazzam bir kent. Vergi \u00f6demede T\u00fcrkiye&#8217;nin ilk 7 kenti aras\u0131nday\u0131z&#8221; ifadelerini kulland\u0131.<br \/>\n&#8220;Projeksiyonlar 1.9 milyona g\u00f6re ama bu kent 2.3 milyon insan\u0131n y\u00fck\u00fcn\u00fc \u00e7ekiyor&#8221;<br \/>\nMersin&#8217;in kent olarak var olan avantajlar\u0131n\u0131n yan\u0131nda dezavantajlar\u0131n\u0131n da oldu\u011funu ifade eden Se\u00e7er, &#8220;G\u00f6\u00e7le b\u00fcy\u00fcyen bir kent. \u00d6nce i\u00e7 g\u00f6\u00e7e maruz kalm\u0131\u015f\u0131z. Yerli n\u00fcfusumuz 1.9 milyon. Ama 2011&#8217;den sonra yo\u011fun bir s\u0131\u011f\u0131nmac\u0131 g\u00f6\u00e7\u00fc ile de y\u00fczle\u015fen bir kentiz. \u015eu anda yerli, s\u0131\u011f\u0131nmac\u0131, farkl\u0131 unsurlar\u0131n toplam n\u00fcfusu 2.3 milyon civar\u0131nda. Yani projeksiyonlar 1.9 milyona g\u00f6re, b\u00fct\u00e7eniz, planlaman\u0131z, her \u015feyiniz, ama bu kent 2.3 milyon insan\u0131n y\u00fck\u00fcn\u00fc \u00e7ekiyor. Ama olumlu olumsuz yanlar\u0131, \u00e7ok \u00e7e\u015fitlili\u011fi, pop\u00fclasyon ya da n\u00fcfus olarak, demografi olarak her \u015feyle b\u00fct\u00fcn\u00fcnde \u00e7ok huzurlu bir kent. Burada mutlaka kenti y\u00f6neten akt\u00f6rlerin her birinin farkl\u0131 rol\u00fc var. Bu huzur ortam\u0131n\u0131n olu\u015fmas\u0131na en b\u00fcy\u00fck katk\u0131y\u0131 yapacak akt\u00f6r\u00fcn B\u00fcy\u00fck\u015fehir Belediye ba\u015fkan\u0131 oldu\u011funun fark\u0131nday\u0131m. 3 y\u0131ll\u0131k g\u00f6rev s\u00fcremde d\u00fcnya g\u00f6r\u00fc\u015f\u00fcmden kaynakl\u0131 yani ideolojik, siyasi g\u00f6r\u00fc\u015f\u00fcmden kaynakl\u0131, vicdan\u0131mdan kaynakl\u0131 ve karakterimden kaynakl\u0131 olarak zaten bu tarz bir y\u00f6netim sergiledim&#8221; dedi.<br \/>\nB\u00fcy\u00fckel\u00e7i Magro: &#8220;\u015eimdi gelece\u011fe bakmam\u0131z gerekiyor&#8221;<br \/>\nFransa Ankara B\u00fcy\u00fckel\u00e7isi Herve Magro ise, Mersin&#8217;in \u00f6nemli bir \u015fehir oldu\u011funun vurgusunu yaparak,  &#8220;\u00c7ok uzun bir tarihimiz var. 12 sene sonra 500. y\u0131l\u0131 kutlayaca\u011f\u0131z. 500 y\u0131ll\u0131k bir tarih \u00e7ok uzun, \u00e7ok derin ve \u00e7ok zengin bir tarih. Daha \u00e7ok iyi yanlar var bu 500 y\u0131lda. Tabi zor anlar da var biz bunu biliyoruz, onu da ya\u015fad\u0131k birlikte. Ama tam dedi\u011finiz gibi bu tarihi unutmamakla birlikte daha \u00e7ok \u015fimdi gelece\u011fe bakmam\u0131z gerekiyor. Ben bu konular\u0131 bir pozitif ajandaya d\u00f6n\u00fc\u015ft\u00fcrmek istiyorum&#8221; diye konu\u015ftu. Tar\u0131m\u0131n da b\u00f6lge i\u00e7in \u00e7ok \u00f6nemli bir konu oldu\u011funa de\u011finen Fransa Ankara B\u00fcy\u00fckel\u00e7isi Magro, iklim de\u011fi\u015fikli\u011fi konusuna da dikkat \u00e7ekti. Magro, &#8220;\u0130klim konular\u0131 bak\u0131m\u0131ndan gelece\u011fe bakarsak hepimiz maalesef bu konu ile gelecek 10 y\u0131llarda ilgilenece\u011fiz. Onun i\u00e7in T\u00fcrkiye ve sizlerle \u00e7al\u0131\u015fmam\u0131z gerekiyor. \u00c7\u00fcnk\u00fc bu iklim konusu hepimizin konusu. Tek ba\u015f\u0131na biz kendi \u00fclkemizde bununla kar\u015f\u0131 kar\u015f\u0131ya gelemeyiz. Hepimizin \u00e7abalar\u0131 laz\u0131m. Onu biliyoruz ve onun i\u00e7in T\u00fcrkiye ile bu konuda \u00e7al\u0131\u015fmak istiyoruz ve ayn\u0131 zamanda dedi\u011fim gibi bir pozitif ajandaya d\u00f6n\u00fc\u015ft\u00fcrmek istiyoruz. Onun i\u00e7in burada baz\u0131 m\u00fcste\u015farlar bu konu ile ilgileniyorlar. Tabi s\u00fcrd\u00fcr\u00fclebilir \u015fehircilik \u00e7ok \u00f6nemli bir konu. \u0130klimden bahsettik, ula\u015f\u0131mdan konu\u015fabiliriz, at\u0131k sular gibi&#8221; ifadelerini kulland\u0131.<br \/>\nFrans\u0131z Kalk\u0131nma Ajans\u0131&#8217;n\u0131n \u00e7al\u0131\u015fmalar\u0131ndan da s\u00f6z eden Magro,  &#8220;Bunu da biraz konu\u015faca\u011f\u0131z. Benim i\u00e7in en \u00f6nemli \u015feylerden birisi tam dedi\u011finiz gibi g\u00f6r\u00fc\u015fleriniz nedir, zorluklar nedir, iyi taraflar\u0131 nedir ve nas\u0131l bu projeleri birlikte y\u00fcr\u00fctebiliriz? Onun i\u00e7in bug\u00fcn Kalk\u0131nma Ajans\u0131&#8217;n\u0131n m\u00fcd\u00fcr\u00fc burada. \u015eimdi kendisi \u00e7ok \u00f6nemli bir \u015fey yapt\u0131, \u0130stanbul&#8217;dan Ankara&#8217;ya geldiler. \u00c7\u00fcnk\u00fc M\u00fcd\u00fcrl\u00fck \u0130stanbul&#8217;dayd\u0131, \u015fimdi Ankara&#8217;da. Bu \u00f6nemli bir \u015fey, benim i\u00e7in \u00e7ok \u00f6nemli. \u00c7\u00fcnk\u00fc bana yak\u0131n, ama ayn\u0131 zamanda b\u00f6yle t\u00fcm makamlarla daha rahat \u00e7al\u0131\u015fabilir. Frans\u0131z Kalk\u0131nma Ajans\u0131&#8217;n\u0131n \u00e7ok b\u00fcy\u00fck bir pay\u0131 var \u015fimdi. \u00c7\u00fcnk\u00fc biliyorsunuz T\u00fcrkiye Paris Anla\u015fmas\u0131&#8217;n\u0131 onaylad\u0131ktan sonra 3 milyar 200 milyon dolar bir fon imzalad\u0131k D\u00fcnya Bankas\u0131 ve Alman Kalk\u0131nma Ajans\u0131 ile. Ve bu 3 milyar 200 milyon dolarl\u0131k fonun 800 milyon Euro&#8217;su Fransa&#8217;n\u0131n. Ama tabi bunu yapmak i\u00e7in T\u00fcrk makamlar\u0131n\u0131n bir sat\u0131c\u0131s\u0131 laz\u0131m. Bunun \u00fczerinde \u00e7al\u0131\u015f\u0131yoruz \u015fu anda. \u00c7\u00fcnk\u00fc bu fonlar projeler \u00fczerine verilecek. Ama tabi ayn\u0131 zamanda Frans\u0131z Kalk\u0131nma Ajans\u0131 ve bizim ticaret m\u00fc\u015favirli\u011fi de baz\u0131 projelere direkt bir yard\u0131m yapabilirler. Tabi Avrupa Birli\u011fi fonlar\u0131yla burada birka\u00e7 proje y\u00fcr\u00fct\u00fcl\u00fcyor ayn\u0131 zamanda&#8221; dedi.<br \/>\nMagro son olarak ise, &#8220;T\u00fcrkiye yaln\u0131z Ankara ve \u0130stanbul de\u011fildir. Bu \u015fehircilik konusu \u00e7ok \u00f6nemli bir konu. Biz ona \u00e7ok inan\u0131yoruz. \u015eu anda Belediyeler Birli\u011fi ile anla\u015fmalar yap\u0131yoruz&#8221; ifadelerini kulland\u0131.<\/p>\n","protected":false},"excerpt":{"rendered":"<p>Fransa Ankara B\u00fcy\u00fckel\u00e7isi Herve Magro ve MESK\u0130&#8217;nin \u00fc\u00e7 \u00f6nemli projesi i\u00e7in 39 milyon 15 bin Euro finansal destek sa\u011flayacak Frans\u0131z Kalk\u0131nma Ajans\u0131 (AFD) T\u00fcrkiye Direkt\u00f6r\u00fc Tanguy Denieul ile 9 ki\u015filik &hellip; <a href=\"https:\/\/akdenizolaygazetesi.com\/?p=19162\" class=\"more-link\">Devam\u0131n\u0131 Oku&#8230;<\/a><\/p>\n","protected":false},"author":2,"featured_media":19163,"comment_status":"open","ping_status":"open","sticky":false,"template":"","format":"standard","meta":[],"categories":[1,2,3],"tags":[],"_links":{"self":[{"href":"https:\/\/akdenizolaygazetesi.com\/index.php?rest_route=\/wp\/v2\/posts\/19162"}],"collection":[{"href":"https:\/\/akdenizolaygazetesi.com\/index.php?rest_route=\/wp\/v2\/posts"}],"about":[{"href":"https:\/\/akdenizolaygazetesi.com\/index.php?rest_route=\/wp\/v2\/types\/post"}],"author":[{"embeddable":true,"href":"https:\/\/akdenizolaygazetesi.com\/index.php?rest_route=\/wp\/v2\/users\/2"}],"replies":[{"embeddable":true,"href":"https:\/\/akdenizolaygazetesi.com\/index.php?rest_route=%2Fwp%2Fv2%2Fcomments&post=19162"}],"version-history":[{"count":1,"href":"https:\/\/akdenizolaygazetesi.com\/index.php?rest_route=\/wp\/v2\/posts\/19162\/revisions"}],"predecessor-version":[{"id":19164,"href":"https:\/\/akdenizolaygazetesi.com\/index.php?rest_route=\/wp\/v2\/posts\/19162\/revisions\/19164"}],"wp:featuredmedia":[{"embeddable":true,"href":"https:\/\/akdenizolaygazetesi.com\/index.php?rest_route=\/wp\/v2\/media\/19163"}],"wp:attachment":[{"href":"https:\/\/akdenizolaygazetesi.com\/index.php?rest_route=%2Fwp%2Fv2%2Fmedia&parent=19162"}],"wp:term":[{"taxonomy":"category","embeddable":true,"href":"https:\/\/akdenizolaygazetesi.com\/index.php?rest_route=%2Fwp%2Fv2%2Fcategories&post=19162"},{"taxonomy":"post_tag","embeddable":true,"href":"https:\/\/akdenizolaygazetesi.com\/index.php?rest_route=%2Fwp%2Fv2%2Ftags&post=19162"}],"curies":[{"name":"wp","href":"https:\/\/api.w.org\/{rel}","templated":true}]}}