{"id":19165,"date":"2022-06-08T12:36:30","date_gmt":"2022-06-08T09:36:30","guid":{"rendered":"http:\/\/akdenizolaygazetesi.com\/?p=19165"},"modified":"2022-06-08T12:37:37","modified_gmt":"2022-06-08T09:37:37","slug":"gultak-turk-yemekleri-uzmani-sahrap-soysali-agirladi","status":"publish","type":"post","link":"https:\/\/akdenizolaygazetesi.com\/?p=19165","title":{"rendered":"G\u00dcLTAK, T\u00dcRK YEMEKLER\u0130 UZMANI SAHRAP SOYSALI A\u011eIRLADI"},"content":{"rendered":"<p>Akdeniz Belediye Ba\u015fkan\u0131 M. Mustafa G\u00fcltak, T\u00fcrk yemekleri Uzman\u0131 ve Yazar Sahrap Soysal\u2019\u0131 kentte a\u011f\u0131rlad\u0131. Kad\u0131nlara sa\u011flanan mikro kredi deste\u011fi i\u00e7in Ba\u015fkan G\u00fcltak\u2019a te\u015fekk\u00fcr eden Soysal, Akdenizli kad\u0131nlar\u0131n \u00e7e\u015fitli y\u00f6resel lezzetleri sat\u0131p gelir elde etti\u011fi Kad\u0131n Eme\u011fi Diyar\u0131\u2019na da hayran kald\u0131.<br \/>\nAkdeniz Belediye Ba\u015fkan\u0131 M. Mustafa G\u00fcltak, yerel lezzetleri tan\u0131tmak amac\u0131yla Mersin\u2019de \u00e7ekim yapan T\u00fcrk yemekleri uzman\u0131 ve Yazar Sahrap Soysal\u2019a e\u015flik etti. Soysal, ilk olarak Akdeniz Belediyesi\u2019nin, 2\u2019si kad\u0131n, 1\u2019i de engelli bireylerin kurdu\u011fu kooperatiflere tahsis edilen belediyeye ait Kad\u0131n Eme\u011fi Diyar\u0131\u2019n\u0131 gezdi. Soysal, s\u0131kma, b\u00f6rek ve g\u00f6zleme a\u00e7\u0131p pi\u015firen ve sat\u0131\u015f yapan kad\u0131nlarla sohbet etti, Melemez K\u00f6y\u00fc\u2019nde, ek\u015fi maya ile \u00fcretilen Girit ekme\u011fi ve \u00e7e\u015fitli y\u00f6resel lezzetleri tatt\u0131. Sahrap Soysal\u2019\u0131 yanlar\u0131nda g\u00f6ren kad\u0131nlar, hat\u0131ra foto\u011fraf\u0131 \u00e7ektirmek i\u00e7in adeta s\u0131raya girdi.<br \/>\n\u201cAkdenizli kad\u0131nlar \u00e7ok \u015fansl\u0131\u201d<br \/>\nKad\u0131n \u00fcreticilere b\u00fcy\u00fck de\u011fer verdi\u011fini ifade eden Sahrap Soysal, \u201cAkdeniz Belediye Ba\u015fkan\u0131m\u0131z Say\u0131n Mustafa G\u00fcltak\u2019\u0131n da kad\u0131n dostu bir belediye ba\u015fkan\u0131 oldu\u011funu \u00f6\u011frendim. Buna ger\u00e7ekten \u00e7ok sevindim. Bence, kad\u0131nlar\u0131 destekleyen belediye ba\u015fkanlar\u0131na ayr\u0131ca bir \u00f6nem vermek, onlara \u00f6zel bir rozet takmak laz\u0131m. Akdenizli kad\u0131nlar \u00e7ok \u015fansl\u0131. Kad\u0131n dostu belediye ba\u015fkanlar\u0131n\u0131 seviyorum, Ba\u015fkan\u0131m\u0131za da \u00e7ok te\u015fekk\u00fcr ve tebrik ediyorum. Kad\u0131n mutlu olursa aile; aile mutlu olursa t\u00fcm \u015fehir ve toplum da mutlu olur. Bu nedenle, \u2018ya\u015fas\u0131n kad\u0131n dostu belediye ba\u015fkanlar\u0131m\u0131z\u2019 diyorum\u201d ifadelerini kulland\u0131. Bu s\u0131rada Kad\u0131n Eme\u011fi Diyar\u0131\u2019nda \u00fcretim ve sat\u0131\u015f yapan kad\u0131nlar\u0131n da \u201cSay\u0131n G\u00fcltak gibi bir belediye ba\u015fkan\u0131m\u0131z oldu\u011fu i\u00e7in \u00e7ok \u015fansl\u0131y\u0131z\u201d dedikleri duyuldu.<br \/>\n\u201cKad\u0131nlar\u0131n kendilerine olan g\u00fcvenleri artt\u0131\u201d<br \/>\nBa\u015fkan Mustafa G\u00fcltak da \u201cG\u00fc\u00e7l\u00fc Kad\u0131n, G\u00fc\u00e7l\u00fc Akdeniz, G\u00fc\u00e7l\u00fc T\u00fcrkiye\u201d slogan\u0131n\u0131 \u015fiar edindiklerini, bu anlamda ge\u00e7mi\u015f y\u0131llarda unutulup kaderine terk edilen Akdenizli kad\u0131nlara pozitif ayr\u0131mc\u0131l\u0131k yapt\u0131klar\u0131n\u0131n alt\u0131n\u0131 \u00e7izdi. Ba\u015fkan G\u00fcltak; \u201cKad\u0131nlar\u0131n ekonomiye ve istihdama kat\u0131l\u0131m\u0131na b\u00fcy\u00fck de\u011fer veriyoruz. Bu nedenle Kad\u0131n Eme\u011fi Diyar\u0131 ad\u0131yla a\u00e7t\u0131\u011f\u0131m\u0131z bu yerimizde, 2\u2019si kad\u0131n 1\u2019i de engelli derne\u011finin kurdu\u011fu kooperatiflerimiz, \u00fcrettikleri \u00fcr\u00fcnleri satarak, aile b\u00fct\u00e7elerine ciddi katk\u0131 elde ediyorlar. \u00dcreten ve \u00fcrettiklerini satarak para kazanan Akdenizli kad\u0131nlar\u0131m\u0131z art\u0131k daha g\u00fc\u00e7l\u00fc ve kendilerine olan g\u00fcvenleri de artt\u0131\u201d  diye konu\u015ftu.<br \/>\nMikro kredi ile i\u015fyerlerini a\u00e7an kad\u0131nlar\u0131 ziyaret<br \/>\nKad\u0131n eme\u011fi diyar\u0131 bulu\u015fmas\u0131n\u0131n ard\u0131ndan Ba\u015fkan G\u00fcltak; T\u00fcrk Yemekleri Uzman\u0131 ve Yazar Sahrap Soysal ile birlikte kendilerine sa\u011flanan mikro kredi deste\u011fi sayesinde; T\u0131rm\u0131l Sanayi Sitesi i\u00e7erisinde, \u201cAblan\u0131n Yeri Esnaf Lokantas\u0131\u201d a\u00e7an Murize Sayar ile Karaduvar Mahallesi\u2019nde Nezih Pastanesi\u2019ni a\u00e7an Ela Bozan adl\u0131 kad\u0131nlar\u0131 da ziyaret etti. G\u00fcn i\u00e7erisinde Sahrap Soysal\u2019\u0131 evinde de a\u011f\u0131rlayan Ba\u015fkan Mustafa G\u00fcltak, e\u015fi Behiye G\u00fcltak ile birlikte evin mutfa\u011f\u0131na ge\u00e7erek konu\u011fu i\u00e7in bat\u0131r\u0131k haz\u0131rlad\u0131.<\/p>\n","protected":false},"excerpt":{"rendered":"<p>Akdeniz Belediye Ba\u015fkan\u0131 M. Mustafa G\u00fcltak, T\u00fcrk yemekleri Uzman\u0131 ve Yazar Sahrap Soysal\u2019\u0131 kentte a\u011f\u0131rlad\u0131. Kad\u0131nlara sa\u011flanan mikro kredi deste\u011fi i\u00e7in Ba\u015fkan G\u00fcltak\u2019a te\u015fekk\u00fcr eden Soysal, Akdenizli kad\u0131nlar\u0131n \u00e7e\u015fitli y\u00f6resel &hellip; <a href=\"https:\/\/akdenizolaygazetesi.com\/?p=19165\" class=\"more-link\">Devam\u0131n\u0131 Oku&#8230;<\/a><\/p>\n","protected":false},"author":2,"featured_media":19166,"comment_status":"open","ping_status":"open","sticky":false,"template":"","format":"standard","meta":[],"categories":[1,2,3,5],"tags":[],"_links":{"self":[{"href":"https:\/\/akdenizolaygazetesi.com\/index.php?rest_route=\/wp\/v2\/posts\/19165"}],"collection":[{"href":"https:\/\/akdenizolaygazetesi.com\/index.php?rest_route=\/wp\/v2\/posts"}],"about":[{"href":"https:\/\/akdenizolaygazetesi.com\/index.php?rest_route=\/wp\/v2\/types\/post"}],"author":[{"embeddable":true,"href":"https:\/\/akdenizolaygazetesi.com\/index.php?rest_route=\/wp\/v2\/users\/2"}],"replies":[{"embeddable":true,"href":"https:\/\/akdenizolaygazetesi.com\/index.php?rest_route=%2Fwp%2Fv2%2Fcomments&post=19165"}],"version-history":[{"count":2,"href":"https:\/\/akdenizolaygazetesi.com\/index.php?rest_route=\/wp\/v2\/posts\/19165\/revisions"}],"predecessor-version":[{"id":19168,"href":"https:\/\/akdenizolaygazetesi.com\/index.php?rest_route=\/wp\/v2\/posts\/19165\/revisions\/19168"}],"wp:featuredmedia":[{"embeddable":true,"href":"https:\/\/akdenizolaygazetesi.com\/index.php?rest_route=\/wp\/v2\/media\/19166"}],"wp:attachment":[{"href":"https:\/\/akdenizolaygazetesi.com\/index.php?rest_route=%2Fwp%2Fv2%2Fmedia&parent=19165"}],"wp:term":[{"taxonomy":"category","embeddable":true,"href":"https:\/\/akdenizolaygazetesi.com\/index.php?rest_route=%2Fwp%2Fv2%2Fcategories&post=19165"},{"taxonomy":"post_tag","embeddable":true,"href":"https:\/\/akdenizolaygazetesi.com\/index.php?rest_route=%2Fwp%2Fv2%2Ftags&post=19165"}],"curies":[{"name":"wp","href":"https:\/\/api.w.org\/{rel}","templated":true}]}}