{"id":1917,"date":"2020-11-04T18:22:27","date_gmt":"2020-11-04T15:22:27","guid":{"rendered":"http:\/\/mersinekonomipolitikagazetesi.com\/?p=1917"},"modified":"2020-11-04T18:22:27","modified_gmt":"2020-11-04T15:22:27","slug":"traktor-gosterisi-canindan-ediyordu","status":"publish","type":"post","link":"https:\/\/akdenizolaygazetesi.com\/?p=1917","title":{"rendered":"Trakt\u00f6r g\u00f6sterisi can\u0131ndan ediyordu"},"content":{"rendered":"<p>Mersin&#8217;in Tarsus il\u00e7esinde d\u00fczenlenen trakt\u00f6r pazar\u0131 a\u00e7\u0131l\u0131\u015f\u0131nda 1940&#8217;l\u0131 y\u0131llara ait trakt\u00f6r\u00fc ile g\u00f6steri yapan bir ki\u015fi, arac\u0131n devrilmesi sonucu \u00f6l\u00fcmden d\u00f6nd\u00fc.<\/p>\n<p><span style=\"font-size:16px;\"><span style=\"font-family: sans-serif; line-height: 20px; text-align: justify; background-color: rgb(242, 244, 245);\">Tarsus Trakt\u00f6rc\u00fcler Sitesi&#8217;nde ger\u00e7ekle\u015ftirilen \u00c7ukurova&#8217;n\u0131n ilk trakt\u00f6r pazar\u0131n\u0131n a\u00e7\u0131l\u0131\u015f etkinli\u011finde facian\u0131n e\u015fi\u011finden d\u00f6n\u00fcld\u00fc. Davullu-zurnal\u0131 etkinlikte kalabal\u0131\u011f\u0131n ortas\u0131nda 1940&#8217;l\u0131 y\u0131llara ait trakt\u00f6r\u00fc ile g\u00f6steri yapan \u0130smail Yal\u00e7\u0131n, daire \u00e7izdi\u011fi s\u0131rada kontrolden \u00e7\u0131kan trakt\u00f6r\u00fcn devrilmesi sonucu \u00f6l\u00fcmden d\u00f6nd\u00fc. Devrilen trakt\u00f6r\u00fcn alt\u0131nda kalmaktan son anda kurtulan s\u00fcr\u00fcc\u00fc, \u00e7evredeki vatanda\u015flar\u0131n da yard\u0131m\u0131 ile aya\u011fa kalkarken, ara\u00e7tan dumanlar y\u00fckseldi.\u00a0<\/span><br style=\"box-sizing: border-box; font-family: sans-serif; font-size: 14px; line-height: 20px; text-align: justify; background-color: rgb(242, 244, 245);\" \/><br \/>\n<span style=\"font-family: sans-serif; line-height: 20px; text-align: justify; background-color: rgb(242, 244, 245);\">Trakt\u00f6r tamircisi \u0130smail Yal\u00e7\u0131n, kazay\u0131 k\u00fc\u00e7\u00fck s\u0131yr\u0131klarla atlat\u0131rken, devrilen trakt\u00f6r \u00e7evredekilerin de yard\u0131m\u0131 ile kald\u0131r\u0131ld\u0131. Yal\u00e7\u0131n, kontrol ama\u00e7l\u0131 hastaneye kald\u0131r\u0131ld\u0131.\u00a0<\/span><br style=\"box-sizing: border-box; font-family: sans-serif; font-size: 14px; line-height: 20px; text-align: justify; background-color: rgb(242, 244, 245);\" \/><br \/>\n<span style=\"font-family: sans-serif; line-height: 20px; text-align: justify; background-color: rgb(242, 244, 245);\">\u00d6te yandan, o anlar bir vatanda\u015f\u0131n cep telefonu taraf\u0131ndan saniye saniye g\u00f6r\u00fcnt\u00fclendi.\u00a0<\/span><\/span><\/p>\n","protected":false},"excerpt":{"rendered":"<p>Mersin&#8217;in Tarsus il\u00e7esinde d\u00fczenlenen trakt\u00f6r pazar\u0131 a\u00e7\u0131l\u0131\u015f\u0131nda 1940&#8217;l\u0131 y\u0131llara ait trakt\u00f6r\u00fc ile g\u00f6steri yapan bir ki\u015fi, arac\u0131n devrilmesi sonucu \u00f6l\u00fcmden d\u00f6nd\u00fc. Tarsus Trakt\u00f6rc\u00fcler Sitesi&#8217;nde ger\u00e7ekle\u015ftirilen \u00c7ukurova&#8217;n\u0131n ilk trakt\u00f6r pazar\u0131n\u0131n a\u00e7\u0131l\u0131\u015f &hellip; <a href=\"https:\/\/akdenizolaygazetesi.com\/?p=1917\" class=\"more-link\">Devam\u0131n\u0131 Oku&#8230;<\/a><\/p>\n","protected":false},"author":1,"featured_media":0,"comment_status":"open","ping_status":"open","sticky":false,"template":"","format":"standard","meta":[],"categories":[],"tags":[],"_links":{"self":[{"href":"https:\/\/akdenizolaygazetesi.com\/index.php?rest_route=\/wp\/v2\/posts\/1917"}],"collection":[{"href":"https:\/\/akdenizolaygazetesi.com\/index.php?rest_route=\/wp\/v2\/posts"}],"about":[{"href":"https:\/\/akdenizolaygazetesi.com\/index.php?rest_route=\/wp\/v2\/types\/post"}],"author":[{"embeddable":true,"href":"https:\/\/akdenizolaygazetesi.com\/index.php?rest_route=\/wp\/v2\/users\/1"}],"replies":[{"embeddable":true,"href":"https:\/\/akdenizolaygazetesi.com\/index.php?rest_route=%2Fwp%2Fv2%2Fcomments&post=1917"}],"version-history":[{"count":0,"href":"https:\/\/akdenizolaygazetesi.com\/index.php?rest_route=\/wp\/v2\/posts\/1917\/revisions"}],"wp:attachment":[{"href":"https:\/\/akdenizolaygazetesi.com\/index.php?rest_route=%2Fwp%2Fv2%2Fmedia&parent=1917"}],"wp:term":[{"taxonomy":"category","embeddable":true,"href":"https:\/\/akdenizolaygazetesi.com\/index.php?rest_route=%2Fwp%2Fv2%2Fcategories&post=1917"},{"taxonomy":"post_tag","embeddable":true,"href":"https:\/\/akdenizolaygazetesi.com\/index.php?rest_route=%2Fwp%2Fv2%2Ftags&post=1917"}],"curies":[{"name":"wp","href":"https:\/\/api.w.org\/{rel}","templated":true}]}}