{"id":19172,"date":"2022-06-08T12:41:34","date_gmt":"2022-06-08T09:41:34","guid":{"rendered":"http:\/\/akdenizolaygazetesi.com\/?p=19172"},"modified":"2022-06-08T12:41:34","modified_gmt":"2022-06-08T09:41:34","slug":"mersin-buyuksehir-deniz-dibi-temizligi-ve-dalis-etkinligi-gerceklestirdi","status":"publish","type":"post","link":"https:\/\/akdenizolaygazetesi.com\/?p=19172","title":{"rendered":"MERS\u0130N B\u00dcY\u00dcK\u015eEH\u0130R, &#8216;DEN\u0130Z D\u0130B\u0130 TEM\u0130ZL\u0130\u011e\u0130 VE DALI\u015e ETK\u0130NL\u0130\u011e\u0130&#8217; GER\u00c7EKLE\u015eT\u0130RD\u0130"},"content":{"rendered":"<p>Mersin B\u00fcy\u00fck\u015fehir Belediyesi \u00c7evre Koruma ve Kontrol Dairesi, 5-11 Haziran T\u00fcrkiye \u00c7evre Haftas\u0131 kapsam\u0131nda Marina&#8217;da &#8216;Deniz Dibi Temizli\u011fi ve Dal\u0131\u015f Etkinli\u011fi&#8217; ger\u00e7ekle\u015ftirdi. Bal\u0131k adamlar\u0131n belirli aral\u0131klarla dal\u0131\u015f yapt\u0131\u011f\u0131 etkinlikte, denizin dibinden insan kaynakl\u0131 birbirinden farkl\u0131 at\u0131klar \u00e7\u0131kar\u0131ld\u0131.<br \/>\n\u00c7evre, \u015eehircilik ve \u0130klim De\u011fi\u015fikli\u011fi \u0130l M\u00fcd\u00fcrl\u00fc\u011f\u00fc, Deniz Polisi ve Akdeniz B\u00f6lge Komutanl\u0131\u011f\u0131 Sahil G\u00fcvenlik i\u015f birli\u011finde ger\u00e7ekle\u015ftirilen etkinli\u011fe, T\u00fcrkiye \u00c7evre E\u011fitim Vakf\u0131 (T\u00dcR\u00c7EV), Giri\u015fimci \u0130\u015f Kad\u0131nlar\u0131 Derne\u011fi (G\u0130\u015eKAD) ile Mersin U\u011fur Okullar\u0131 da kat\u0131l\u0131m sa\u011flayarak destek verdi.<br \/>\nDenizden sandalye de \u00e7\u0131kt\u0131, al\u0131\u015fveri\u015f sepeti de&#8230;<br \/>\nMersin B\u00fcy\u00fck\u015fehir Belediyesi \u0130tfaiye Dairesi ile Sahil G\u00fcvenlik&#8217;te g\u00f6revli bal\u0131k adamlar\u0131n g\u00fcn boyu yapt\u0131\u011f\u0131 dal\u0131\u015flarda yeri deniz olmayan plastik, cam \u015fi\u015fe ve ambalaj at\u0131klar\u0131n\u0131n yan\u0131 s\u0131ra tahta par\u00e7alar\u0131, al\u0131\u015fveri\u015f sepeti, bal\u0131k a\u011f\u0131, sandalye, anten ve olta gibi deniz ekosistemine zarar veren at\u0131klar \u00e7\u0131kar\u0131ld\u0131. Denizden \u00e7\u0131kan at\u0131klar fark\u0131ndal\u0131k olu\u015fturulmas\u0131 ad\u0131na Marina&#8217;da sergileniyor.<br \/>\n&#8220;Do\u011fada hi\u00e7bir \u015fey yok olmuyor. Kirlilik olarak kar\u015f\u0131m\u0131za \u00e7\u0131k\u0131yor&#8221;<br \/>\nMersin B\u00fcy\u00fck\u015fehir Belediyesi \u00c7evre Koruma ve Kontrol Dairesi Ba\u015fkan\u0131 Dr. B\u00fclent Halisdemir, ger\u00e7ekle\u015ftirilen etkinli\u011fin amac\u0131n\u0131 anlatt\u0131. Halisdemir, &#8220;Amac\u0131m\u0131z burada bir fark\u0131ndal\u0131k yaratmak. Kirlenmi\u015f olan denizden neler \u00e7\u0131kt\u0131\u011f\u0131n\u0131 halk\u0131m\u0131za g\u00f6stermek&#8221; dedi. Y\u0131l i\u00e7erisinde bu t\u00fcr etkinlikleri farkl\u0131 noktalarda s\u00fcrekli yapt\u0131klar\u0131na vurgu yapan Halisdemir, &#8220;Y\u00fczlerce, belki binlerce metrek\u00fcp at\u0131k \u00e7\u0131kartt\u0131k. \u00c7\u0131kartmaya da devam ediyoruz. Ama vatanda\u015flar\u0131m\u0131zdan b\u00fcy\u00fck beklentimiz var. L\u00fctfen hi\u00e7bir \u015feyi denize atmay\u0131n. Bir \u015fey olmaz mant\u0131\u011f\u0131yla at\u0131l\u0131yor. &#8216;Denizde kaybolur. Att\u0131\u011f\u0131m at\u0131k ne olacak ki k\u00fc\u00e7\u00fcc\u00fck&#8217; mant\u0131\u011f\u0131 y\u00fcr\u00fct\u00fcyor ama \u00f6yle olmuyor. Do\u011fada hi\u00e7bir \u015fey yok olmuyor. Bir \u015fekilde d\u00f6n\u00fc\u015f\u00fcyor. Kirlilik olarak kar\u015f\u0131m\u0131za \u00e7\u0131k\u0131yor. Denizin ekosistemini de\u011fi\u015ftiriyoruz ve burada ya\u015fayan canl\u0131lara \u00e7ok ciddi olumsuzluklar\u0131m\u0131z var&#8221; diye konu\u015ftu.<br \/>\n&#8220;Denizimizi kirleten her kesimle de m\u00fccadelemize devam edece\u011fiz&#8221;<br \/>\nHalisdemir, denizin temiz tutulmas\u0131 ad\u0131na yo\u011fun bir \u015fekilde m\u00fccadele verdiklerini belirterek, &#8220;Biz B\u00fcy\u00fck\u015fehir Belediyesi olarak bu m\u00fccadeleyi sonuna kadar g\u00f6t\u00fcrece\u011fiz. Hi\u00e7 bir zaman da y\u0131lmayaca\u011f\u0131z. Bu denizi tertemiz tutaca\u011f\u0131z. Denizimizi kirleten her kesimle de m\u00fccadelemize devam edece\u011fiz. Mersin, mavisi ve ye\u015fili ile \u00f6zel bir \u015fehir. O y\u00fczden denizlerimizi temiz tutal\u0131m. Deniz canl\u0131lar\u0131m\u0131z\u0131 koruyal\u0131m. Deniz temiz olursa daha g\u00fczel, daha de\u011fi\u015fik canl\u0131lar mutlaka gelecektir. Bu canl\u0131lar bizim ekosistemimizin zenginli\u011fini, denizimizin temizli\u011fini g\u00f6sterecektir&#8221; ifadelerini kulland\u0131.<br \/>\n&#8220;E\u015fyay\u0131 al\u0131p \u00e7\u00f6pe atmak o kadar basit ki. Sadece birka\u00e7 ad\u0131m y\u00fcr\u00fcyeceksin&#8221;<br \/>\nMersin U\u011fur Okullar\u0131&#8217;nda 5. s\u0131n\u0131f \u00f6\u011frencisi olan \u0130nci Ela Kalm\u0131\u015f, insanlar\u0131n at\u0131klar\u0131 \u00e7\u00f6pe de\u011fil de denize atmas\u0131na tepkili oldu\u011funu belirterek, &#8220;\u0130nsanlar bunlar\u0131 atarak neyi ger\u00e7ekle\u015ftirmeyi planl\u0131yor hi\u00e7 anlam\u0131yorum. Gelecek senelerde b\u00f6yle bir deniz g\u00f6remeyiz. Biz deniz kenar\u0131nday\u0131z, denizi g\u00f6rmek, o canl\u0131lar\u0131 g\u00f6rmek i\u00e7in geliyoruz ama gelecek senelerde bunun kalaca\u011f\u0131na emin de\u011filim. Bak\u0131n ben bir \u00e7ocu\u011fum, ama bu ya\u015f\u0131mda bunlar\u0131 g\u00f6rmek \u00e7ok k\u00f6t\u00fc bir \u015fey. E\u015fyay\u0131 al\u0131p \u00e7\u00f6pe atmak o kadar basit ki. Sadece birka\u00e7 ad\u0131m y\u00fcr\u00fcyeceksin&#8221; dedi.<br \/>\n&#8220;Denize \u00e7\u00f6p at\u0131nca bir \u015fey ba\u015farm\u0131yoruz, atmay\u0131nca ba\u015far\u0131yoruz&#8221;<br \/>\nAzra Ru\u00e7 da 5. s\u0131n\u0131f \u00f6\u011frencisi. Denizden \u00e7\u0131kan at\u0131klar\u0131 g\u00f6r\u00fcnce olduk\u00e7a \u015fa\u015f\u0131rd\u0131\u011f\u0131n\u0131 belirten Ru\u00e7,  &#8220;Denize at\u0131lanlar\u0131 g\u00f6r\u00fcnce akl\u0131m almad\u0131. Mesela denize al\u0131\u015fveri\u015f arabas\u0131 atm\u0131\u015flar. \u0130nsanlar neden denize al\u0131\u015fveri\u015f arabas\u0131 atmak istesin? Biz denizlere \u00e7\u00f6p att\u0131k\u00e7a oradaki canl\u0131lar \u00f6l\u00fcyor, canl\u0131lar \u00f6ld\u00fck\u00e7e de ekosistemimiz bozuluyor. Ekosistemin bozulmas\u0131 d\u00f6n\u00fcp dola\u015f\u0131p en sonunda bizi de etkileyecek. Kendi t\u00fcr\u00fcm\u00fcz de en sonunda yok olacak. Denize \u00e7\u00f6p att\u0131k. Ne oldu \u015fimdi? Denize \u00e7\u00f6p at\u0131nca bir \u015fey ba\u015farm\u0131yoruz, atmay\u0131nca ba\u015far\u0131yoruz&#8221; c\u00fcmleleriyle d\u00fc\u015f\u00fcncelerini dile getirdi.<br \/>\nCan Toprak Baytekin ise denize at\u0131lan at\u0131klar\u0131n sadece deniz canl\u0131lar\u0131 de\u011fil, insanlar i\u00e7in de zararl\u0131 oldu\u011funu s\u00f6yleyerek, &#8220;Bence denize at\u0131lan \u015feyler \u00e7ok k\u00f6t\u00fc \u015feyler. Denizi \u00e7ok kirletiyoruz. Mesela denize lastik atm\u0131\u015flar, market arabas\u0131 bile atm\u0131\u015flar. Bence kendi neslimizi bile t\u00fcketiyoruz&#8221; diye konu\u015ftu.<br \/>\n&#8220;Denize b\u00f6yle \u015feyler at\u0131lmas\u0131 bizim \u00fclkemize yak\u0131\u015fan bir \u015fey de\u011fil&#8221;<br \/>\nBeril Ece Kara da denizlerin kirletilmesine tepkili olan \u00e7ocuklardan. Kara, at\u0131klar\u0131n kolay ayr\u0131\u015ft\u0131r\u0131labilmesi i\u00e7in farkl\u0131 at\u0131k noktalar\u0131 oldu\u011funa de\u011finerek, &#8220;\u00d6ncelikle denize b\u00f6yle \u015feyler at\u0131lmas\u0131 bizim \u00fclkemize yak\u0131\u015fan bir \u015fey de\u011fil. Bunu yapanlar sadece kendilerini de\u011fil, bizi de yok etmeye \u00e7al\u0131\u015f\u0131yorlar. \u0130nsanlar\u0131n \u00e7al\u0131\u015fmas\u0131, emek vermesi ve denizlerimizi temizlemesi, \u00e7\u00f6pleri atmamas\u0131 laz\u0131m. Zaten \u00e7\u00f6p kutusu iki ad\u0131ml\u0131k mesafe. Geri d\u00f6n\u00fc\u015f\u00fcm var, \u00e7\u00f6p var, pil at\u0131\u011f\u0131 var. \u00dclkemiz bunun i\u00e7in her \u015feyi yap\u0131yor bence, ama su\u00e7 insanlarda. \u0130ki mesafelik y\u00fcr\u00fcyemiyorlar. Ak\u0131l almaz bir durum&#8221; dedi.<\/p>\n","protected":false},"excerpt":{"rendered":"<p>Mersin B\u00fcy\u00fck\u015fehir Belediyesi \u00c7evre Koruma ve Kontrol Dairesi, 5-11 Haziran T\u00fcrkiye \u00c7evre Haftas\u0131 kapsam\u0131nda Marina&#8217;da &#8216;Deniz Dibi Temizli\u011fi ve Dal\u0131\u015f Etkinli\u011fi&#8217; ger\u00e7ekle\u015ftirdi. Bal\u0131k adamlar\u0131n belirli aral\u0131klarla dal\u0131\u015f yapt\u0131\u011f\u0131 etkinlikte, denizin &hellip; <a href=\"https:\/\/akdenizolaygazetesi.com\/?p=19172\" class=\"more-link\">Devam\u0131n\u0131 Oku&#8230;<\/a><\/p>\n","protected":false},"author":2,"featured_media":19173,"comment_status":"open","ping_status":"open","sticky":false,"template":"","format":"standard","meta":[],"categories":[7,1,3,9],"tags":[],"_links":{"self":[{"href":"https:\/\/akdenizolaygazetesi.com\/index.php?rest_route=\/wp\/v2\/posts\/19172"}],"collection":[{"href":"https:\/\/akdenizolaygazetesi.com\/index.php?rest_route=\/wp\/v2\/posts"}],"about":[{"href":"https:\/\/akdenizolaygazetesi.com\/index.php?rest_route=\/wp\/v2\/types\/post"}],"author":[{"embeddable":true,"href":"https:\/\/akdenizolaygazetesi.com\/index.php?rest_route=\/wp\/v2\/users\/2"}],"replies":[{"embeddable":true,"href":"https:\/\/akdenizolaygazetesi.com\/index.php?rest_route=%2Fwp%2Fv2%2Fcomments&post=19172"}],"version-history":[{"count":1,"href":"https:\/\/akdenizolaygazetesi.com\/index.php?rest_route=\/wp\/v2\/posts\/19172\/revisions"}],"predecessor-version":[{"id":19174,"href":"https:\/\/akdenizolaygazetesi.com\/index.php?rest_route=\/wp\/v2\/posts\/19172\/revisions\/19174"}],"wp:featuredmedia":[{"embeddable":true,"href":"https:\/\/akdenizolaygazetesi.com\/index.php?rest_route=\/wp\/v2\/media\/19173"}],"wp:attachment":[{"href":"https:\/\/akdenizolaygazetesi.com\/index.php?rest_route=%2Fwp%2Fv2%2Fmedia&parent=19172"}],"wp:term":[{"taxonomy":"category","embeddable":true,"href":"https:\/\/akdenizolaygazetesi.com\/index.php?rest_route=%2Fwp%2Fv2%2Fcategories&post=19172"},{"taxonomy":"post_tag","embeddable":true,"href":"https:\/\/akdenizolaygazetesi.com\/index.php?rest_route=%2Fwp%2Fv2%2Ftags&post=19172"}],"curies":[{"name":"wp","href":"https:\/\/api.w.org\/{rel}","templated":true}]}}