{"id":19175,"date":"2022-06-08T12:43:18","date_gmt":"2022-06-08T09:43:18","guid":{"rendered":"http:\/\/akdenizolaygazetesi.com\/?p=19175"},"modified":"2022-06-08T12:43:18","modified_gmt":"2022-06-08T09:43:18","slug":"akdeniz-belediyesinden-ogrencilere-mujde","status":"publish","type":"post","link":"https:\/\/akdenizolaygazetesi.com\/?p=19175","title":{"rendered":"AKDEN\u0130Z BELED\u0130YES\u0130&#8217;NDEN \u00d6\u011eRENC\u0130LERE M\u00dcJDE"},"content":{"rendered":"<p>Akdeniz Belediyesi, 2021 y\u0131l\u0131nda belediye meclisinden oy birli\u011fi ile al\u0131nan karar do\u011frultusunda \u00fcniversite \u00f6\u011frencilerine verilen burs deste\u011finin son taksitinin banka hesaplar\u0131na yat\u0131r\u0131ld\u0131\u011f\u0131n\u0131 duyurdu.<br \/>\nAkdeniz Belediye Meclisi\u2019nin ge\u00e7ti\u011fimiz y\u0131l Ekim ay\u0131nda ger\u00e7ekle\u015fen toplant\u0131s\u0131nda 2021 Y\u0131l\u0131 Y\u00fcksek\u00f6\u011fretim Kurumlar\u0131 S\u0131nav\u0131\u2019nda (YKS) \u00fcniversiteyi kazanan Akdenizli \u00f6\u011frencilere \u2018\u00f6\u011frenim (burs) deste\u011fi\u2019 verilmesi hususunda oy birli\u011fi ile karar alm\u0131\u015f ve devlet \u00fcniversitelerinin 4 y\u0131ll\u0131k b\u00f6l\u00fcm\u00fcn\u00fc kazanan \u00f6\u011frencilere bin 200 TL; 2 y\u0131ll\u0131k b\u00f6l\u00fcm kazanan \u00f6\u011frencilere de 500 TL tutar\u0131nda \u00f6\u011frenim deste\u011fi sa\u011flayaca\u011f\u0131 belirtilmi\u015fti. Akdeniz Belediyesi&#8217;nden yap\u0131lan a\u00e7\u0131klamaya g\u00f6re, ailesi Akdeniz il\u00e7esi s\u0131n\u0131rlar\u0131nda ya\u015fayan \u00f6\u011frencilerin faydaland\u0131\u011f\u0131  burs deste\u011finin son taksiti \u00f6\u011frencilerin banka hesaplar\u0131na yat\u0131r\u0131ld\u0131.<br \/>\n&#8220;EL\u0130M\u0130ZDEN GELEN\u0130N EN \u0130Y\u0130S\u0130N\u0130 YAPTI\u011eIMIZI B\u0130L\u0130YORUZ&#8221;<br \/>\nKonuya ili\u015fkin konu\u015fan Akdeniz Belediye Ba\u015fkan\u0131 Mustafa G\u00fcltak, e\u011fitimde f\u0131rsat e\u015fitli\u011finin \u00f6nemine vurgu yaparak, &#8220;Ge\u00e7mi\u015fte hayat\u0131n bir\u00e7ok alan\u0131nda ihmal edildi\u011fine inand\u0131\u011f\u0131m\u0131z evlatlar\u0131m\u0131z\u0131 her ko\u015fulda desteklemek boynumuzun borcudur. Bu anlamda g\u00f6reve geldi\u011fimizden bu yana gelece\u011fimizin teminat\u0131 olan gen\u00e7lerimizin e\u011fitimi i\u00e7in de g\u00fcc\u00fcm\u00fcz \u00f6l\u00e7\u00fcs\u00fcnde ve yasal imk\u00e2nlar \u00e7er\u00e7evesinde elimizden gelenin en iyisini yapt\u0131\u011f\u0131m\u0131z\u0131 biliyoruz\u201d dedi.<br \/>\n&#8220;BU KATKI BA\u015eARI VE UMUT OLARAK GER\u0130 D\u00d6NECEK&#8221;<br \/>\nBa\u015fkan G\u00fcltak, &#8220;Ba\u015fta Akdeniz Belediyesine mensup meclis \u00fcyelerimiz  olmak \u00fczere e\u011fitime verilen bu destekten \u00f6t\u00fcr\u00fc eme\u011fi ge\u00e7en herekse te\u015fekk\u00fcr ediyorum. Bizlerin verdi\u011fi bu katk\u0131 \u00f6nce il\u00e7emize sonra vatan\u0131m\u0131za ba\u015far\u0131 ve umut olarak geri d\u00f6necektir. Bundan hi\u00e7 \u015f\u00fcphemiz yok. Bu anlamda t\u00fcm \u00f6\u011frencilerimizin e\u011fitim hayat\u0131nda muvaffak olmalar\u0131n\u0131 temenni ediyorum\u201d ifadelerini kulland\u0131.<\/p>\n","protected":false},"excerpt":{"rendered":"<p>Akdeniz Belediyesi, 2021 y\u0131l\u0131nda belediye meclisinden oy birli\u011fi ile al\u0131nan karar do\u011frultusunda \u00fcniversite \u00f6\u011frencilerine verilen burs deste\u011finin son taksitinin banka hesaplar\u0131na yat\u0131r\u0131ld\u0131\u011f\u0131n\u0131 duyurdu. Akdeniz Belediye Meclisi\u2019nin ge\u00e7ti\u011fimiz y\u0131l Ekim ay\u0131nda &hellip; <a href=\"https:\/\/akdenizolaygazetesi.com\/?p=19175\" class=\"more-link\">Devam\u0131n\u0131 Oku&#8230;<\/a><\/p>\n","protected":false},"author":2,"featured_media":19176,"comment_status":"open","ping_status":"open","sticky":false,"template":"","format":"standard","meta":[],"categories":[3,5],"tags":[],"_links":{"self":[{"href":"https:\/\/akdenizolaygazetesi.com\/index.php?rest_route=\/wp\/v2\/posts\/19175"}],"collection":[{"href":"https:\/\/akdenizolaygazetesi.com\/index.php?rest_route=\/wp\/v2\/posts"}],"about":[{"href":"https:\/\/akdenizolaygazetesi.com\/index.php?rest_route=\/wp\/v2\/types\/post"}],"author":[{"embeddable":true,"href":"https:\/\/akdenizolaygazetesi.com\/index.php?rest_route=\/wp\/v2\/users\/2"}],"replies":[{"embeddable":true,"href":"https:\/\/akdenizolaygazetesi.com\/index.php?rest_route=%2Fwp%2Fv2%2Fcomments&post=19175"}],"version-history":[{"count":1,"href":"https:\/\/akdenizolaygazetesi.com\/index.php?rest_route=\/wp\/v2\/posts\/19175\/revisions"}],"predecessor-version":[{"id":19177,"href":"https:\/\/akdenizolaygazetesi.com\/index.php?rest_route=\/wp\/v2\/posts\/19175\/revisions\/19177"}],"wp:featuredmedia":[{"embeddable":true,"href":"https:\/\/akdenizolaygazetesi.com\/index.php?rest_route=\/wp\/v2\/media\/19176"}],"wp:attachment":[{"href":"https:\/\/akdenizolaygazetesi.com\/index.php?rest_route=%2Fwp%2Fv2%2Fmedia&parent=19175"}],"wp:term":[{"taxonomy":"category","embeddable":true,"href":"https:\/\/akdenizolaygazetesi.com\/index.php?rest_route=%2Fwp%2Fv2%2Fcategories&post=19175"},{"taxonomy":"post_tag","embeddable":true,"href":"https:\/\/akdenizolaygazetesi.com\/index.php?rest_route=%2Fwp%2Fv2%2Ftags&post=19175"}],"curies":[{"name":"wp","href":"https:\/\/api.w.org\/{rel}","templated":true}]}}