{"id":19178,"date":"2022-06-09T12:09:13","date_gmt":"2022-06-09T09:09:13","guid":{"rendered":"http:\/\/akdenizolaygazetesi.com\/?p=19178"},"modified":"2022-06-09T12:09:13","modified_gmt":"2022-06-09T09:09:13","slug":"toroslar-belediyesinden-surdurulebilir-tarim-atagi","status":"publish","type":"post","link":"https:\/\/akdenizolaygazetesi.com\/?p=19178","title":{"rendered":"&#8220;Toroslar Belediyesinden S\u00fcrd\u00fcr\u00fclebilir Tar\u0131m Ata\u011f\u0131&#8221;"},"content":{"rendered":"<p>&#8220;\u00dcreten Toroslar&#8221; hedefiyle \u00e7al\u0131\u015fmalar\u0131n\u0131 s\u00fcrd\u00fcren Toroslar Belediyesi, il\u00e7enin y\u00fcksek kesimlerinden toplad\u0131\u011f\u0131 ata miras\u0131 tohumlar\u0131, koruma alt\u0131na ald\u0131.<\/p>\n<p>Toroslar Belediye Ba\u015fkan\u0131 Ats\u0131z Af\u015f\u0131n Y\u0131lmaz, yapt\u0131klar\u0131 bu \u00e7al\u0131\u015fma ile ata tohumlar\u0131n\u0131n uzun vadede gelecek nesillere ula\u015fmas\u0131n\u0131, korunmas\u0131n\u0131 ve yayg\u0131nla\u015ft\u0131r\u0131lmas\u0131n\u0131 ama\u00e7lad\u0131klar\u0131n\u0131 s\u00f6yledi.<\/p>\n<p>Atalar\u0131m\u0131zdan bug\u00fcne kadar gelen, herhangi bir i\u015fleme tabi tutulmam\u0131\u015f yerli ve do\u011fal olan tohumlar, Toroslar&#8217;\u0131n bereketli topraklar\u0131nda hayat buluyor.<\/p>\n<p>Belediye Park ve Bah\u00e7eler M\u00fcd\u00fcrl\u00fc\u011f\u00fc ekipleri; ata tohumlar\u0131ndan elde etti\u011fi sebze fidelerini, \u00c7a\u011fda\u015fkent Mahallesi&#8217;nde bulunan Toroslar Belediyesi Engelliler Akademisi&#8217;nin Engelsiz Tar\u0131m Bah\u00e7esinde toprakla bulu\u015fturdu. Bu fidelerden al\u0131nan sebzelerden yeniden tohum elde edilecek.<\/p>\n<p>Ba\u015fkan Y\u0131lmaz; &#8220;Amac\u0131m\u0131z, S\u00fcrd\u00fcr\u00fclebilir Tar\u0131m&#8221;<\/p>\n<p>Belediye, alternatif tar\u0131m ile ilgili AR-GE \u00e7al\u0131\u015fmalar\u0131na devam ederken, bir yandan da s\u00fcrd\u00fcr\u00fclebilir tar\u0131m ile ata tohumlar\u0131na sahip \u00e7\u0131k\u0131yor.<\/p>\n<p>S\u00fcrd\u00fcr\u00fclebilir tar\u0131m\u0131n \u00f6nemine de\u011finen Ba\u015fkan Y\u0131lmaz; &#8220;\u00c7\u00fcnk\u00fc bu tohumlar, atalar\u0131m\u0131zdan bizlere miras kald\u0131. Herhangi bir i\u015flem g\u00f6rmeden g\u00fcn\u00fcm\u00fcze kadar gelen bu do\u011fal tohumlar\u0131 korumaya ald\u0131k ve \u00e7o\u011falt\u0131yoruz. Daha sa\u011fl\u0131kl\u0131 nesiller yeti\u015fsin istiyoruz&#8221; dedi.<\/p>\n<p>Ba\u015fkan Y\u0131lmaz, tar\u0131m kenti Toroslar&#8217;da \u00fcr\u00fcn \u00e7e\u015fitlili\u011finin art\u0131r\u0131lmas\u0131ndan yana olduklar\u0131n\u0131 ve bu konuda \u00e7ift\u00e7ileri her zaman desteklemeye devam edeceklerini de belirterek; &#8220;Pandemi, bizlere tar\u0131m sekt\u00f6r\u00fcn\u00fcn ne kadar \u00f6nemli oldu\u011funu g\u00f6sterdi. G\u0131da ve su, stratejik bir \u00fcr\u00fcn. Topra\u011f\u0131m\u0131za, suyumuza, \u00fcretimimize sahip \u00e7\u0131kmaya devam edece\u011fiz&#8221; \u015feklinde konu\u015ftu.<\/p>\n","protected":false},"excerpt":{"rendered":"<p>&#8220;\u00dcreten Toroslar&#8221; hedefiyle \u00e7al\u0131\u015fmalar\u0131n\u0131 s\u00fcrd\u00fcren Toroslar Belediyesi, il\u00e7enin y\u00fcksek kesimlerinden toplad\u0131\u011f\u0131 ata miras\u0131 tohumlar\u0131, koruma alt\u0131na ald\u0131. Toroslar Belediye Ba\u015fkan\u0131 Ats\u0131z Af\u015f\u0131n Y\u0131lmaz, yapt\u0131klar\u0131 bu \u00e7al\u0131\u015fma ile ata tohumlar\u0131n\u0131n uzun &hellip; <a href=\"https:\/\/akdenizolaygazetesi.com\/?p=19178\" class=\"more-link\">Devam\u0131n\u0131 Oku&#8230;<\/a><\/p>\n","protected":false},"author":2,"featured_media":19179,"comment_status":"open","ping_status":"open","sticky":false,"template":"","format":"standard","meta":[],"categories":[1,2,3],"tags":[],"_links":{"self":[{"href":"https:\/\/akdenizolaygazetesi.com\/index.php?rest_route=\/wp\/v2\/posts\/19178"}],"collection":[{"href":"https:\/\/akdenizolaygazetesi.com\/index.php?rest_route=\/wp\/v2\/posts"}],"about":[{"href":"https:\/\/akdenizolaygazetesi.com\/index.php?rest_route=\/wp\/v2\/types\/post"}],"author":[{"embeddable":true,"href":"https:\/\/akdenizolaygazetesi.com\/index.php?rest_route=\/wp\/v2\/users\/2"}],"replies":[{"embeddable":true,"href":"https:\/\/akdenizolaygazetesi.com\/index.php?rest_route=%2Fwp%2Fv2%2Fcomments&post=19178"}],"version-history":[{"count":1,"href":"https:\/\/akdenizolaygazetesi.com\/index.php?rest_route=\/wp\/v2\/posts\/19178\/revisions"}],"predecessor-version":[{"id":19180,"href":"https:\/\/akdenizolaygazetesi.com\/index.php?rest_route=\/wp\/v2\/posts\/19178\/revisions\/19180"}],"wp:featuredmedia":[{"embeddable":true,"href":"https:\/\/akdenizolaygazetesi.com\/index.php?rest_route=\/wp\/v2\/media\/19179"}],"wp:attachment":[{"href":"https:\/\/akdenizolaygazetesi.com\/index.php?rest_route=%2Fwp%2Fv2%2Fmedia&parent=19178"}],"wp:term":[{"taxonomy":"category","embeddable":true,"href":"https:\/\/akdenizolaygazetesi.com\/index.php?rest_route=%2Fwp%2Fv2%2Fcategories&post=19178"},{"taxonomy":"post_tag","embeddable":true,"href":"https:\/\/akdenizolaygazetesi.com\/index.php?rest_route=%2Fwp%2Fv2%2Ftags&post=19178"}],"curies":[{"name":"wp","href":"https:\/\/api.w.org\/{rel}","templated":true}]}}