{"id":1918,"date":"2020-11-04T18:22:27","date_gmt":"2020-11-04T15:22:27","guid":{"rendered":"http:\/\/mersinekonomipolitikagazetesi.com\/?p=1918"},"modified":"2020-11-04T18:22:27","modified_gmt":"2020-11-04T15:22:27","slug":"mersinli-lise-ogrencisinin-makale-basarisi","status":"publish","type":"post","link":"https:\/\/akdenizolaygazetesi.com\/?p=1918","title":{"rendered":"Mersinli lise \u00f6\u011frencisinin makale ba\u015far\u0131s\u0131"},"content":{"rendered":"<p>Mersin&#8217;de Mahmut Arslan Anadolu Lisesi \u00f6\u011frencisi Ay\u015fe Nazl\u0131 Kaya , 4. Uluslararas\u0131 Sosyal Bilimler Sempozyumu&#8217;nda kaleme ald\u0131\u011f\u0131 iki makalenin sunumunu yaparak kentin gururu oldu.<\/p>\n<p><span style=\"font-size:16px;\"><span style=\"font-family: sans-serif; line-height: 20px; text-align: justify; background-color: rgb(242, 244, 245);\">Bilimsel ara\u015ft\u0131rma y\u00f6ntemleri konusunda kendini geli\u015ftiren Ay\u015fe Nazl\u0131 Kaya, &#8216;Kurtulu\u015f Sava\u015f\u0131&#8217;nda Mersin&#8217; konulu 8 ay s\u00fcren ve Frans\u0131z Meclis Tutanaklar\u0131, d\u00f6nemin Frans\u0131z gazeteleri, d\u00f6nemin \u00e7a\u011fda\u015f Frans\u0131z yazarlar\u0131n\u0131n makaleleri gibi ilk el kaynaklardan faydalanarak yapt\u0131\u011f\u0131 ara\u015ft\u0131rmalar sonucu elde etti\u011fi bilgileri yorumlayarak iki makale kaleme ald\u0131.\u00a0<\/span><br style=\"box-sizing: border-box; font-family: sans-serif; font-size: 14px; line-height: 20px; text-align: justify; background-color: rgb(242, 244, 245);\" \/><br \/>\n<span style=\"font-family: sans-serif; line-height: 20px; text-align: justify; background-color: rgb(242, 244, 245);\">Alanya&#8217;da d\u00fczenlenen 4.Uluslararas\u0131 Sosyal Bilimler Sempozyumu&#8217;na davet edilen Ay\u015fe Nazl\u0131 Kaya, sempozyumda 514 akademisyen aras\u0131nda bildiri sunan tek orta\u00f6\u011fretim \u00f6\u011frencisi oldu. Kaya, &#8216;Mersin Kuvay\u0131 Milliye Te\u015fkilatlanmas\u0131 ve \u0130lk Defacto Tan\u0131nma&#8217; ve &#8216;Tarih Yaz\u0131c\u0131l\u0131\u011f\u0131nda Hat\u0131ratlar\u0131n \u00d6nemi: Karbo\u011faz\u0131 Bask\u0131n\u0131 Yan\u0131lg\u0131lar\u0131&#8217; isimli bildirilerini sundu. Kaya&#8217;n\u0131n makaleleri uluslararas\u0131 hakemli dergilerde de yay\u0131nlanacak.\u00a0<\/span><\/span><\/p>\n","protected":false},"excerpt":{"rendered":"<p>Mersin&#8217;de Mahmut Arslan Anadolu Lisesi \u00f6\u011frencisi Ay\u015fe Nazl\u0131 Kaya , 4. Uluslararas\u0131 Sosyal Bilimler Sempozyumu&#8217;nda kaleme ald\u0131\u011f\u0131 iki makalenin sunumunu yaparak kentin gururu oldu. Bilimsel ara\u015ft\u0131rma y\u00f6ntemleri konusunda kendini geli\u015ftiren &hellip; <a href=\"https:\/\/akdenizolaygazetesi.com\/?p=1918\" class=\"more-link\">Devam\u0131n\u0131 Oku&#8230;<\/a><\/p>\n","protected":false},"author":1,"featured_media":0,"comment_status":"open","ping_status":"open","sticky":false,"template":"","format":"standard","meta":[],"categories":[],"tags":[],"_links":{"self":[{"href":"https:\/\/akdenizolaygazetesi.com\/index.php?rest_route=\/wp\/v2\/posts\/1918"}],"collection":[{"href":"https:\/\/akdenizolaygazetesi.com\/index.php?rest_route=\/wp\/v2\/posts"}],"about":[{"href":"https:\/\/akdenizolaygazetesi.com\/index.php?rest_route=\/wp\/v2\/types\/post"}],"author":[{"embeddable":true,"href":"https:\/\/akdenizolaygazetesi.com\/index.php?rest_route=\/wp\/v2\/users\/1"}],"replies":[{"embeddable":true,"href":"https:\/\/akdenizolaygazetesi.com\/index.php?rest_route=%2Fwp%2Fv2%2Fcomments&post=1918"}],"version-history":[{"count":0,"href":"https:\/\/akdenizolaygazetesi.com\/index.php?rest_route=\/wp\/v2\/posts\/1918\/revisions"}],"wp:attachment":[{"href":"https:\/\/akdenizolaygazetesi.com\/index.php?rest_route=%2Fwp%2Fv2%2Fmedia&parent=1918"}],"wp:term":[{"taxonomy":"category","embeddable":true,"href":"https:\/\/akdenizolaygazetesi.com\/index.php?rest_route=%2Fwp%2Fv2%2Fcategories&post=1918"},{"taxonomy":"post_tag","embeddable":true,"href":"https:\/\/akdenizolaygazetesi.com\/index.php?rest_route=%2Fwp%2Fv2%2Ftags&post=1918"}],"curies":[{"name":"wp","href":"https:\/\/api.w.org\/{rel}","templated":true}]}}