{"id":19181,"date":"2022-06-09T12:10:55","date_gmt":"2022-06-09T09:10:55","guid":{"rendered":"http:\/\/akdenizolaygazetesi.com\/?p=19181"},"modified":"2022-06-09T12:10:55","modified_gmt":"2022-06-09T09:10:55","slug":"secer-enerjiyi-bilincsizce-kullandigimiz-zaman-hem-para-kaybimiz-oluyor-hem-de-cevreyi-kirletiyoruz","status":"publish","type":"post","link":"https:\/\/akdenizolaygazetesi.com\/?p=19181","title":{"rendered":"SE\u00c7ER: &#8220;ENERJ\u0130Y\u0130 B\u0130L\u0130N\u00c7S\u0130ZCE KULLANDI\u011eIMIZ ZAMAN HEM PARA KAYBIMIZ OLUYOR, HEM DE \u00c7EVREY\u0130 K\u0130RLET\u0130YORUZ&#8221;"},"content":{"rendered":"<p>Mersin B\u00fcy\u00fck\u015fehir Belediye Ba\u015fkan\u0131 Vahap Se\u00e7er, Yap\u0131larda Enerji Verimlili\u011fi Derne\u011fi&#8217;nin (VER\u0130MDER) enerji tasarrufu ve \u0131s\u0131 yal\u0131t\u0131m\u0131 bilincini art\u0131rmak i\u00e7in ba\u015flatt\u0131\u011f\u0131 &#8216;Anadolu Bulu\u015fmalar\u0131&#8217; kapsam\u0131nda Mersin&#8217;de d\u00fczenlenen toplant\u0131ya kat\u0131ld\u0131.<br \/>\nHiltonSA&#8217;da ger\u00e7ekle\u015ftirilen etkinli\u011fe VER\u0130MDER Ba\u015fkan\u0131 \u00c7a\u011fda\u015f Korkmaz, Dernek \u0130cra Kurulu Ba\u015fkan\u0131 Prof. Dr. Emre Alkin ve D\u00fcnya Gazetesi Genel Koordinat\u00f6r\u00fc Vahap Munyar konu\u015fmac\u0131 olarak kat\u0131larak; iklim de\u011fi\u015fikli\u011fi, enerji verimlili\u011fi ve tasarrufu konular\u0131nda bilgiler verdi. Ba\u015fkan Se\u00e7er de Mersin B\u00fcy\u00fck\u015fehir Belediyesi olarak bu konuda ger\u00e7ekle\u015ftirdikleri \u00e7al\u0131\u015fmalar\u0131 payla\u015ft\u0131. Enerjinin \u00f6nemine de\u011finen Se\u00e7er, &#8220;Enerjiyi bilin\u00e7sizce kulland\u0131\u011f\u0131m\u0131z zaman iki kayb\u0131m\u0131z oluyor. Bir, para kayb\u0131m\u0131z oluyor; iki, \u00e7evreyi kirletiyoruz&#8221; dedi.<br \/>\nBulu\u015fmada; Ba\u015fkan Se\u00e7er&#8217;in yan\u0131 s\u0131ra Yeni\u015fehir Belediye Ba\u015fkan\u0131 Abdullah \u00d6zyi\u011fit, Mersin Ticaret ve Sanayi Odas\u0131 Ba\u015fkan\u0131 Ayhan K\u0131z\u0131ltan, B\u00fcy\u00fck\u015fehir Belediye Meclis \u00dcyesi G\u00fclcan K\u0131\u015f, dernek ve oda temsilcileri ile i\u015f insanlar\u0131 da yer ald\u0131.<br \/>\nBa\u015fkan Se\u00e7er: &#8220;Enerjiyi bilin\u00e7sizce kulland\u0131\u011f\u0131m\u0131z zaman iki kayb\u0131m\u0131z oluyor&#8221;<br \/>\nEnerjinin b\u00fct\u00fcn bir T\u00fcrkiye&#8217;yi ilgilendiren en \u00f6nemli konulardan biri oldu\u011funu s\u00f6yleyen Ba\u015fkan Se\u00e7er, &#8220;Enerji demek para demek, enerji demek \u00e7evre demek. Enerjiyi bilin\u00e7sizce kulland\u0131\u011f\u0131m\u0131z zaman iki kayb\u0131m\u0131z oluyor. Bir, para kayb\u0131m\u0131z oluyor; iki, \u00e7evreyi kirletiyoruz. \u00c7\u00fcnk\u00fc daha fazla enerji \u00fcretiyoruz. \u015eimdi bunlar\u0131n tedbirini nas\u0131l al\u0131r\u0131z? Burada da iki konu var. Bir, yasalar ve ona ba\u011fl\u0131 ikinci mevzuatlar; iki, toplumun bilin\u00e7li olmas\u0131. Her \u015fey yasayla olmuyor&#8221; dedi.<br \/>\nEnerji tasarrufu ve bilin\u00e7li kullan\u0131m i\u00e7in yap\u0131lan yasalar\u0131n denetim alt\u0131nda da tutulmas\u0131 gerekti\u011fini vurgulayan Ba\u015fkan Se\u00e7er, &#8220;Ben Belediye Ba\u015fkan\u0131y\u0131m. Bu konuyla ilgili 2 g\u00f6revim, sorumlulu\u011fum var.  Bir yasalar\u0131 uygulamak. \u00d6zellikle i\u015faret edilen enerji t\u00fcketiminin; hele hele biz gibi Akdeniz iklim ku\u015fa\u011f\u0131, yani s\u0131cak iklim b\u00f6lgelerinde konut ve yap\u0131larda mevzuatlarla, yasalarla, y\u00f6netmeliklerle bunu zapturapt alt\u0131na almak ve uygulatmakt\u0131r. Bir di\u011fer konu da Belediye bir kurum. Orada da hizmet \u00fcretiliyor. \u00dcretim yap\u0131l\u0131yor. Hizmet \u00fcretmek enerji t\u00fcketmek demek. Orada gerekli tedbirleri almak, hatta \u00f6rnek uygulamalar yapmak. GES&#8217;lere y\u00f6nelerek topluma \u00f6rnek olabilmek. Ya da enerji verimlili\u011fini art\u0131r\u0131c\u0131 bir\u00e7ok \u00f6nlemi al\u0131p bunu toplumla payla\u015fmak. Toplumu bilin\u00e7lendirmek&#8221; diye konu\u015ftu.<br \/>\n&#8220;Ben rant\u0131 \u00f6nlemek i\u00e7in \u00e7aba sarf ediyorum&#8221;<br \/>\nB\u00fcy\u00fck\u015fehir Belediyesi&#8217;nin enerji verimlili\u011fi konusunda yapt\u0131\u011f\u0131 \u00e7al\u0131\u015fmalar\u0131 da aktaran Ba\u015fkan Se\u00e7er, binalarda ruhsatland\u0131rman\u0131n il\u00e7e belediyeleri taraf\u0131ndan y\u00fcr\u00fct\u00fcld\u00fc\u011f\u00fcn\u00fc ancak naz\u0131m imar planlar\u0131n\u0131n B\u00fcy\u00fck\u015fehir Belediyesi&#8217;nin uhdesinde yap\u0131ld\u0131\u011f\u0131na dikkat \u00e7ekerek, \u015funlar\u0131 s\u00f6yledi:<br \/>\n&#8220;Bu s\u00fcre\u00e7te biz il\u00e7e belediyeleriyle olmas\u0131 gereken hem yasalar\u0131n hem de akl\u0131n \u00f6n g\u00f6rd\u00fc\u011f\u00fc uygulamalar\u0131 ba\u015flatmak i\u00e7in gerekli deste\u011fi sa\u011fl\u0131yoruz. Abdullah Ba\u015fkan bir \u00f6rnek verdi. Ak\u0131ll\u0131 bina yapacak; hem enerjisini kendi \u00fcretecek hem efektif bir enerji kullanacak yap\u0131 malzemeleri kullanacak. Bunu te\u015fvik etmek i\u00e7in imarda, di\u011fer standart imar normlar\u0131na g\u00f6re bir par\u00e7a iyile\u015ftirme sa\u011flay\u0131p onlar\u0131 cezbetmek. Bu makul bir \u015feydir. Biz bunu oturup konu\u015ftu\u011fumuz zaman makul bulup zaten B\u00fcy\u00fck\u015fehir Belediyesi olarak gerekli deste\u011fi g\u00f6steriyoruz. \u015eimdi Mersin&#8217;de imar planlar\u0131 yap\u0131l\u0131yor. Plans\u0131z bir kent olur mu? Mersin plans\u0131z bir kent. Maalesef \u00f6yle. \u015eimdi planl\u0131 bir kent olmaya do\u011fru evriliyor.&#8221;<br \/>\n\u0130mar konusunda &#8220;B\u00fcy\u00fck\u015fehir Belediyesi imar planlar\u0131n\u0131 geciktiriyor&#8221; gibi s\u00f6ylemlerin kula\u011f\u0131na kadar geldi\u011fini s\u00f6yleyen Ba\u015fkan Se\u00e7er, &#8220;Bunu di\u011fer siyasi partilere mensup belediye ba\u015fkanlar\u0131 da maalesef s\u00fcr\u00e7\u00fc lisan m\u0131 ediyorlar, art niyetli mi davran\u0131yorlar, onlar da s\u00f6yl\u00fcyor. TMMOB&#8217;a ba\u011fl\u0131 b\u00fct\u00fcn Odalar burada. Belki de gelmi\u015f ge\u00e7mi\u015f belediye ba\u015fkanlar\u0131 i\u00e7erisinde TMMOB&#8217;a ba\u011fl\u0131 m\u00fchendisler odas\u0131yla en fazla isti\u015fare eden, fikir soran, bilgi notu isteyen, toplant\u0131 d\u00fczenleyen belediye ba\u015fkan\u0131y\u0131m. Bug\u00fcne kadar imar planlar\u0131n\u0131 kim a\u00e7t\u0131 size Allah a\u015fk\u0131na? Benim bilmedi\u011fim ayr\u0131nt\u0131lar\u0131 sizler bilmiyor musunuz? Ben rant\u0131 \u00f6nlemek i\u00e7in \u00e7aba sarf ediyorum. \u0130mza ataca\u011f\u0131m\u0131z plan\u0131 30 y\u0131l, 40 y\u0131l, 50 y\u0131l sonra torunlar\u0131m\u0131z bize intizar etmesin, beddua etmesin diye \u00e7aba sarf ediyorum. Benim arazim yok, b\u00f6yle bir derdim de yok. \u00c7a\u011fda\u015f bir plan yapal\u0131m ve kentin b\u00fct\u00fcn akt\u00f6rleri bilsin. Meclisten ge\u00e7ti\u011fi zaman da toplum bir reaksiyon g\u00f6sterecekse, buyurun hep beraber bunu topluma anlatal\u0131m. Bu benim i\u00e7in de bir avantaj diyerek bu yolu izliyorum&#8221; ifadelerini kulland\u0131.<br \/>\n&#8220;\u0130mar Planlar\u0131 bir \u015fehrin anayasas\u0131d\u0131r&#8221;<br \/>\nMersin i\u00e7in ve kamu yarar\u0131 i\u00e7in \u00e7aba sarf etti\u011finin vurgusunu yapan Ba\u015fkan Se\u00e7er, &#8220;Orada problem olan etaplar var. Bunun da gerek\u00e7esi tamamen budur. Buyurun Mimarlar Odas\u0131 Ba\u015fkan\u0131 burada, \u015eehir Planc\u0131lar Odas\u0131 Ba\u015fkan\u0131 burada. Herkesin bilgisi var burada. Getirsinler bana desinler ki M\u00fchendisler Odas\u0131 olarak ya da m\u00fchendisler olarak, teknik elemanlar olarak; &#8216;bunlar do\u011fru i\u015flemlerdir, yap\u0131lanlar do\u011frudur.&#8217; Hemen \u00f6n\u00fcn\u00fc a\u00e7al\u0131m, Meclis&#8217;e sevk edelim, ben de &#8216;evet&#8217; oyu kald\u0131ray\u0131m ge\u00e7elim. Ama \u00f6yle de\u011fil. Farkl\u0131 \u015feyler oluyor, kapal\u0131 kap\u0131lar ard\u0131nda imar d\u00fczenlemelerinde farkl\u0131 \u015feyler oluyor. Bunu niye geni\u015f anlatt\u0131m aff\u0131n\u0131za s\u0131\u011f\u0131narak; hem bir ayd\u0131nlan\u0131n hem de yapt\u0131\u011f\u0131m\u0131z planlar \u015fu konu\u015ftu\u011fumuz konularla \u00e7ok ilintili onu s\u00f6yleyeyim. \u00c7evre dostu planlar. Ye\u015fil alanlar olsun, a\u011fa\u00e7 olsun, park olsun, karbon sal\u0131n\u0131m\u0131n\u0131 azalt\u0131c\u0131 \u00f6nce imar planlar\u0131ndan ba\u015flayarak tedbirleri alal\u0131m. \u0130mar Planlar\u0131 bir \u015fehrin anayasas\u0131. \u0130mar Plan\u0131 ve daha sonra ne yapacaks\u0131n\u0131z&#8230; Onu yanl\u0131\u015f yapt\u0131\u011f\u0131n\u0131z zaman g\u00f6mle\u011fin d\u00fc\u011fmelerini zaten yanl\u0131\u015f iliklemi\u015f olursunuz&#8221; dedi.<br \/>\n&#8220;Paray\u0131 kontroll\u00fc kullan\u0131r israf etmezseniz, kaynaklar yeter&#8221;<br \/>\nD\u0131\u015f ticaret a\u00e7\u0131\u011f\u0131n\u0131n temel sebebinin enerji oldu\u011funu ifade eden Ba\u015fkan Se\u00e7er, &#8220;\u0130ran&#8217;dan, Rusya&#8217;dan do\u011falgaz al\u0131yoruz, petrol\u00fc d\u0131\u015far\u0131dan; Irak&#8217;tan, oradan buradan, \u00f6n\u00fcn\u00fcze neresi gelirse, Suudi Arabistan&#8217;dan, Katar&#8217;dan. \u015eimdi Amerika&#8217;dan. Art\u0131k Dolar-TL dengesi de kalkt\u0131\u011f\u0131 i\u00e7in rakamlar\u0131 da takip edemiyoruz. \u015eimdi bunu niye s\u00f6yledim? Yani d\u0131\u015f ticaret a\u00e7\u0131\u011f\u0131m\u0131z\u0131n TL baz\u0131nda neye denk geldi\u011fini ya da dolar baz\u0131nda neye denk geldi\u011fini art\u0131k g\u00fcncel olarak hesaplamam\u0131z laz\u0131m. Yani TL baz\u0131nda yans\u0131malar\u0131n\u0131. Biz B\u00fcy\u00fck\u015fehir Belediyesi olarak \u015funu g\u00f6rd\u00fck; yerel y\u00f6netimlerin, hele hele Mersin gibi y\u00fcksek vergi \u00f6deyen kentlerde belediyelerin gelirleri iyidir arkada\u015flar. Bunu d\u00fcr\u00fcst\u00e7e, a\u00e7\u0131k\u00e7a \u00e7ok az Belediye Ba\u015fkan\u0131 ifade eder. Ben a\u00e7\u0131k\u00e7a ifade ediyorum. Siz bu paray\u0131 kontroll\u00fc kullan\u0131rsan\u0131z, israf etmezseniz, abuk sabuk i\u015fler yapmazsan\u0131z, 10 liral\u0131k i\u015fi 100 liraya yapt\u0131rmazsan\u0131z bu kaynaklar yeter. \u015eimdi Mersin&#8217;in durumu budur. Mersin B\u00fcy\u00fck\u015fehir Belediyesi&#8217;nin 3 y\u0131l \u00f6nce 1 lira b\u00fct\u00e7esi vard\u0131, 1 lira borcu vard\u0131. Bak\u0131n \u015fu anda Mersin B\u00fcy\u00fck\u015fehir Belediyesinin 4 lira b\u00fct\u00e7esi var, 1 lira borcu var. Bunu nas\u0131l yapt\u0131k? \u015eimdi bahsedece\u011fim enerjiyi de ilgilendiren verimli i\u015flerle yapt\u0131m&#8221; diye konu\u015ftu.<br \/>\n&#8220;Sular \u0130daresi&#8217;nin en b\u00fcy\u00fck ideallerinden bir tanesi elektrik enerjisiydi&#8221;<br \/>\nAR-GE Birimi&#8217;ni kurduklar\u0131n\u0131 dile getiren Se\u00e7er \u015funlar\u0131 s\u00f6yledi:<br \/>\n&#8220;AR-GE nedir? Yeniyi aramak, daha iyiyi aramak, ara\u015ft\u0131rmak, kurumunuzu geli\u015ftirmek. Ba\u015fta da enerjiyi koyduk. \u00c7\u00fcnk\u00fc Sular \u0130daresi&#8217;nin en b\u00fcy\u00fck ideallerinden bir tanesi elektrik enerjisiydi. Bir geldik g\u00f6rd\u00fck ki yanl\u0131\u015f \u00f6demelerden, yanl\u0131\u015f abone olmalar\u0131ndan kaynakl\u0131, yanl\u0131\u015f stat\u00fcde abonelerden kaynakl\u0131 100 lira \u00f6dememiz gereken faturalar\u0131 130 lira \u00f6d\u00fcyormu\u015fuz. Yani %30&#8217;luk bir kay\u0131p. Bu bir parasal kay\u0131p. Di\u011fer konu, dedik ki; &#8216;Enerji SCADA&#8217;s\u0131n\u0131 kural\u0131m.&#8217; \u015eu anda %60-65 seviyelerine geldi. B\u00fct\u00fcn sistemi SCADA&#8217;dan takip ediyoruz. %100 verimli hale getirece\u011fiz. Nerede ne motor \u00e7al\u0131\u015f\u0131yor, sistem durmu\u015f, ar\u0131za var, motor kendili\u011finden \u00e7al\u0131\u015f\u0131yor. \u0130\u015fte para gidiyor, \u00e7evre kirleniyor. Nerede ka\u00e7ak var, nerede suyun debisi fazla, nerede bir motor ar\u0131zas\u0131 var, hepsini oradan g\u00f6r\u00fcyoruz. Bu bize muazzam bir enerji verimlili\u011fi, efektif, etkin bir kullan\u0131m imk\u00e2n\u0131 sa\u011fl\u0131yor. Ayn\u0131 zamanda su SCADA&#8217;s\u0131n\u0131 kurduk. 13 il\u00e7eye sari yap\u0131yoruz. Bunlar \u00e7ok b\u00fcy\u00fck yat\u0131r\u0131mlar, teknoloji yat\u0131r\u0131mlar\u0131. Milyon dolarlar harc\u0131yoruz ama emin olun \u00e7ok k\u0131sa s\u00fcrede bunun kat kat geri d\u00f6n\u00fc\u015f\u00fcn\u00fc al\u0131yoruz. Geceleri saat 24.00&#8217;dan, 01.00&#8217;dan sonra evinizin muslu\u011funu a\u00e7\u0131n, g\u00fcnd\u00fczki tazyik oran\u0131ndan \u00e7ok daha \u015fiddetli gelir. De\u011fil mi? \u00c7\u00fcnk\u00fc herkes uykuya dalm\u0131\u015ft\u0131r. Gereksiz yere oraya su pompalan\u0131yor. Sistemi zorluyor, sistem patl\u0131yor, ar\u0131zalar meydana getiriyor. Biz bunu SCADA&#8217;dan takip edip, debinin d\u00fc\u015f\u00fcr\u00fclmesini sa\u011fl\u0131yoruz. Belirli hatlarda debiyi d\u00fc\u015f\u00fcrerek enerji tasarrufu sa\u011fl\u0131yoruz. Di\u011fer taraftan Mersin&#8217;e sa\u011flad\u0131\u011f\u0131m\u0131z suyu nas\u0131l cazibeli olarak Mersin halk\u0131na verebiliriz?&#8221;<br \/>\n&#8220;Suyu Berdan Havzas\u0131&#8217;ndan al\u0131yoruz&#8221;<br \/>\nBa\u015fkan Se\u00e7er, Anamur&#8217;un giri\u015finden Adana s\u0131n\u0131r\u0131na kadar t\u00fcm kuzey b\u00f6lgesinin Toros da\u011flar\u0131yla kapl\u0131 oldu\u011funu ve su kaynaklar\u0131n\u0131n oralar oldu\u011funu ifade ederek,  &#8220;Biz suyu Berdan Havzas\u0131&#8217;ndan al\u0131yoruz, Tarsus&#8217;tan. Buraya kadar onu bas\u0131yoruz, Mersin&#8217;de t\u00fcketti\u011fimiz suyun %85&#8217;i oradan geliyor. Bu nas\u0131l geliyor? Elektrik enerjisi t\u00fcketiyoruz. \u015eu anda \u00f6dedi\u011fimiz faturan\u0131n \u00f6nemli bir k\u0131sm\u0131 oradaki terfi merkezlerine \u00f6dedi\u011fimiz para. Pamukluk Baraj\u0131; tar\u0131msal sulama ve Mersin&#8217;in i\u00e7me suyunu sa\u011flayacak \u00f6nemli bir yat\u0131r\u0131m, uzun s\u00fcredir devam eden bir yat\u0131r\u0131m. Biz g\u00f6r\u00fc\u015fmelerimizi yap\u0131yoruz. Yeni Tar\u0131m ve Orman Bakan\u0131 ile bu konuyu g\u00f6r\u00fc\u015ft\u00fcm. Oradaki su isale hatt\u0131 yat\u0131r\u0131m\u0131n\u0131 DS\u0130&#8217;nin yap\u0131p bizi bor\u00e7land\u0131r\u0131p teslim etmesi laz\u0131m. Milyarlarca liral\u0131k bir yat\u0131r\u0131m. Umut ediyorum k\u0131sa s\u00fcrede bunu ba\u015farabilirsek, Mersinliler de hem enerji t\u00fcketmeden hem cebinden fazla para \u00f6demeden su kullanma imkan\u0131na sahip olacak&#8221; dedi.<br \/>\n&#8220;Bizim s\u0131k\u0131nt\u0131m\u0131z T\u00fcrkiye&#8217;deki siyasi tart\u0131\u015fmalar\u0131n yerel y\u00f6netimleri etkiliyor olmas\u0131&#8221;<br \/>\nMetro projesinden de bahseden Ba\u015fkan Se\u00e7er, &#8220;Toplam 35 kilometrenin 13,4 kilometresi yeralt\u0131 metrosu. Di\u011ferleri hemzemin rayl\u0131 sistem ve tramvay olacak. Bu \u00f6nemli, de\u011ferli bir yat\u0131r\u0131md\u0131r. Havay\u0131 kirletmeyece\u011fiz, g\u00fcr\u00fclt\u00fc kirlili\u011fine sebep olmayaca\u011f\u0131z, \u015fehrin trafik sorununu \u00e7\u00f6zece\u011fiz, daha konforlu, \u00e7abuk ula\u015f\u0131m sa\u011flayaca\u011f\u0131z. Kentte asl\u0131nda bir anlamda toplumsal kayna\u015fmay\u0131 sa\u011flayaca\u011f\u0131z. \u00c7\u00fcnk\u00fc Mezitli&#8217;de oturan insan Akdeniz il\u00e7esine gitmekten imtina etmeyecek ya da Akdeniz il\u00e7esinde oturan bir insan Yeni\u015fehir&#8217;e gelip K\u00fclt\u00fcr Park&#8217;ta 2 saat ge\u00e7irmekten imtina etmeyecek&#8221; dedi.<br \/>\nBa\u015fkan Se\u00e7er, Metro projesinin 10 ayd\u0131r Mersin B\u00fcy\u00fck\u015fehir Belediyesi&#8217;nin \u00f6z kaynaklar\u0131ndan \u00f6dedi\u011fi hakedi\u015flerle y\u00fcr\u00fcd\u00fc\u011f\u00fcn\u00fc belirterek, &#8220;11. aya girdik. Hazine Bakanl\u0131\u011f\u0131&#8217;nda imzada bekliyor. En son Cumhurba\u015fkan\u0131&#8217;yla g\u00f6r\u00fc\u015fmek gerekiyordu, gittim Say\u0131n Cumhurba\u015fkan\u0131 ile bu konuyu g\u00f6r\u00fc\u015ft\u00fcm. \u00dczerinden 1,5 ay ge\u00e7ti, yine bir sonu\u00e7 alamad\u0131k. Bizim s\u0131k\u0131nt\u0131m\u0131z T\u00fcrkiye&#8217;deki siyasi tart\u0131\u015fmalar\u0131n yerel y\u00f6netimleri, yerel y\u00f6netimlerin yat\u0131r\u0131mlar\u0131n\u0131, hizmetlerini ve do\u011fal olarak da halk\u0131 etkiliyor olmas\u0131. Halk bu hizmetleri almakta gecikiyor maalesef. T\u00fcrkiye&#8217;de ya\u015fanan ortam budur. \u0130n\u015fallah a\u015fmaya \u00e7al\u0131\u015f\u0131yoruz&#8221; diye konu\u015ftu.<br \/>\n&#8220;Mersin&#8217;in 2029&#8217;a kadar otob\u00fcs ihtiyac\u0131 kalmam\u0131\u015ft\u0131r&#8221;<br \/>\nBa\u015fkan Se\u00e7er, akaryak\u0131ta gelen zamlardan sonra Mersinlilerin toplu ta\u015f\u0131maya y\u00f6neldi\u011fini ve sefer say\u0131lar\u0131n\u0131n art\u0131r\u0131lmas\u0131na y\u00f6nelik \u00e7ok fazla talep ald\u0131klar\u0131n\u0131 s\u00f6yledi. Se\u00e7er, &#8220;Mersin&#8217;in 2029&#8217;a kadar otob\u00fcs ihtiyac\u0131 kalmam\u0131\u015ft\u0131r. 272 yeni otob\u00fcs alm\u0131\u015ft\u0131k, bunun 67&#8217;si d\u0131\u015f\u0131nda 205 tanesi CNG yak\u0131tl\u0131 otob\u00fcslerdir. Daha sessiz, daha \u00e7evre dostu, zaten otob\u00fcs dizayn\u0131 olarak da konforlu otob\u00fcsler. Yak\u0131ta daha az para \u00f6d\u00fcyoruz, \u00e7evreyi daha az kirletiyoruz. Daha az g\u00fcr\u00fclt\u00fc kirlili\u011fi yarat\u0131yoruz. Bu konuda da belediyemizin \u00f6nemli ad\u0131mlar att\u0131\u011f\u0131n\u0131 bilmenizi istiyorum&#8221; ifadelerine yer verdi.<br \/>\nMersin&#8217;in ula\u015f\u0131m filosuna kazand\u0131rd\u0131klar\u0131 otob\u00fcslerin bilgilerini de payla\u015fan Ba\u015fkan Se\u00e7er, ekonomik \u00f6mr\u00fcn\u00fc doldurmu\u015f, akaryak\u0131t t\u00fcketimi \u00e7ok fazla otob\u00fcsleri tedav\u00fclden kald\u0131rd\u0131klar\u0131n\u0131 ifade ederek, &#8220;T\u00fcrkiye&#8217;nin en gen\u00e7 filosu art\u0131k Mersin&#8217;de. 2,5 ya\u015f ortalamas\u0131nda otob\u00fcs filomuz oldu. Biz y\u00f6netime geldi\u011fimizde otob\u00fcslerin ya\u015f ortalamas\u0131 12&#8217;ydi&#8221; dedi. Bisiklet yollar\u0131na \u00f6nem verdiklerini de s\u00f6zlerine ekleyen Ba\u015fkan Se\u00e7er, enerji i\u00e7in g\u00fcne\u015ften faydaland\u0131klar\u0131 hizmetleri anlatt\u0131. Ak\u0131ll\u0131 Kav\u015faklar, Ak\u0131ll\u0131 Led Uygulamalar\u0131, \u00c7at\u0131 Tipi G\u00fcne\u015f Enerjisi Santralleri ve kat\u0131 at\u0131ktan \u00fcrettikleri elektrik enerjisini anlatt\u0131.<br \/>\nKat\u0131 at\u0131ktan \u00fcrettikleri enerji miktar\u0131n\u0131 134 bin konutu ayd\u0131nlatmaya e\u015f de\u011fer \u015fekilde y\u00fckselteceklerini de s\u00f6yleyen Ba\u015fkan Se\u00e7er, Biyolojik Ar\u0131tma Tesisi&#8217;nde ar\u0131tt\u0131klar\u0131 sular\u0131 kentin peyzaj sulamas\u0131nda kulland\u0131klar\u0131n\u0131n bilgisini aktard\u0131.<br \/>\n\u015ei\u015fecam Mersin Soda Fabrikas\u0131 ile imzalad\u0131klar\u0131 At\u0131ksu Geri D\u00f6n\u00fc\u015f\u00fcm Projesi&#8217;nin bilgisini de payla\u015fan Ba\u015fkan Se\u00e7er, &#8220;Bundan sonra Karaduvar At\u0131ksu Ar\u0131tma Tesisi&#8217;nden \u00e7\u0131kacak su, Soda Sanayi&#8217;nde \u015ei\u015fecam Grubu&#8217;nda end\u00fcstriyel \u00fcretimde proseste kullan\u0131lan suya d\u00f6n\u00fc\u015fecek ve bir ta\u015fla bir de\u011fil birka\u00e7 ku\u015fu vurmu\u015f olaca\u011f\u0131z&#8221; ifadelerini kulland\u0131.<br \/>\n\u00d6zyi\u011fit: &#8220;Ekoloji konusunda samimi, ciddi \u00e7al\u0131\u015fmalar yapt\u0131k ve yapmaya da devam ediyoruz&#8221;<br \/>\nTemiz ve ya\u015fanabilir bir \u00e7evre i\u00e7in herkese g\u00f6revler d\u00fc\u015ft\u00fc\u011f\u00fcn\u00fc s\u00f6yleyen Yeni\u015fehir Belediye Ba\u015fkan\u0131 Abdullah \u00d6zyi\u011fit, ancak yerel y\u00f6neticiler olarak sorumluluklar\u0131n\u0131n bir kat daha fazla oldu\u011funu vurgulayarak, &#8220;Yapaca\u011f\u0131m\u0131z i\u015flerde alaca\u011f\u0131m\u0131z tedbirler, yapaca\u011f\u0131m\u0131z uygulamalarda bu sorumlulu\u011fumuzu bilerek hareket ediyoruz&#8221; dedi. 3 y\u0131ld\u0131r Yeni\u015fehir Belediye Ba\u015fkanl\u0131\u011f\u0131 g\u00f6revini y\u00fcr\u00fctt\u00fc\u011f\u00fcn\u00fc ve g\u00f6reve gelmeden de y\u00f6netim anlay\u0131\u015f\u0131n\u0131 6 temel ilke \u00fczerine kurduklar\u0131n\u0131, bu ilkelerden birinin de ekoloji oldu\u011funu aktaran \u00d6zyi\u011fit, &#8220;Ekoloji konusunda samimi, ciddi \u00e7al\u0131\u015fmalar yapt\u0131k ve yapmaya da devam ediyoruz. \u00d6nemli ad\u0131mlar att\u0131k. \u0130lk olarak s\u00fcrd\u00fcr\u00fclebilir enerji politikalar\u0131n\u0131 destekleyen &#8216;\u0130klim ve Enerji&#8217; konulu Avrupa Belediye Ba\u015fkanlar\u0131 S\u00f6zle\u015fmesi&#8217;ni imzalad\u0131k. Bunun da gere\u011fini yapma konusunda samimiyetle yol al\u0131yoruz. Kentimizde sera gaz\u0131 emisyonunu azaltmak ve s\u00f6zle\u015fmenin gereklerini yerine getirme ad\u0131na Yeni\u015fehir Belediyesi olarak somut ad\u0131mlar\u0131m\u0131z\u0131 att\u0131\u011f\u0131m\u0131z\u0131 s\u00f6yleyebilirim&#8221; diye konu\u015ftu.<br \/>\nK\u0131z\u0131ltan: &#8220;Enerjini bo\u015fa harcama&#8221;<br \/>\nMersin Ticaret ve Sanayi Odas\u0131 Ba\u015fkan\u0131 Ayhan K\u0131z\u0131ltan ise, konu\u015fmas\u0131na &#8220;Enerjini bo\u015fa harcama&#8221; ifadesiyle ba\u015flad\u0131. Pandeminin insanlara g\u0131da, tar\u0131m gibi bir\u00e7ok \u015feyin \u00f6nemini bir kez daha hat\u0131rlatt\u0131\u011f\u0131n\u0131 ve enerjinin de ayn\u0131 \u00f6nemde de\u011fer ta\u015f\u0131d\u0131\u011f\u0131n\u0131 belirten K\u0131z\u0131ltan, &#8220;Enerji, \u00e7ok \u00f6nemli bir nimettir&#8221; dedi. Enerjinin b\u00fcy\u00fck \u00e7o\u011funlu\u011funun konutlarda t\u00fcketildi\u011fini ve bu enerjinin de yine b\u00fcy\u00fck \u00e7o\u011funlu\u011funun \u0131s\u0131tma ve so\u011futmada harcand\u0131\u011f\u0131n\u0131 dile getiren K\u0131z\u0131ltan, enerjinin ekonomide de \u00f6nemli konulardan biri oldu\u011funu bilgisini payla\u015ft\u0131.<br \/>\nAlkim: &#8220;\u00dclke olarak t\u00fcketti\u011fimiz enerjinin yakla\u015f\u0131k y\u00fczde 70&#8217;ini ithal ediyoruz&#8221;<br \/>\nT\u00fcrkiye&#8217;nin toplam elektrik t\u00fcketiminde konutlar\u0131n pay\u0131n\u0131n y\u00fczde 35 seviyesine kadar y\u00fckseldi\u011fini s\u00f6yleyen VER\u0130MDER \u0130cra Kurulu Ba\u015fkan\u0131 Prof. Dr. Emre Alkin,  T\u00fcrkiye&#8217;deki konutlar\u0131n y\u00fczde 85&#8217;inin enerji kimlik belgesine sahip olmad\u0131\u011f\u0131na dikkat \u00e7ekerek, &#8220;\u00dclke olarak t\u00fcketti\u011fimiz enerjinin yakla\u015f\u0131k y\u00fczde 70&#8217;ini ithal ediyoruz. \u0130thal edilen enerjinin 22.5 milyar dolarl\u0131k k\u0131sm\u0131 konut ve benzeri yap\u0131larda t\u00fcketiliyor. Bu ko\u015fullar alt\u0131nda, \u00f6zellikle enerjideki d\u0131\u015fa ba\u011f\u0131ml\u0131l\u0131\u011f\u0131 azaltmak i\u00e7in yeni in\u015fa edilen ve mevcut binalarda \u0131s\u0131 yal\u0131t\u0131m\u0131 uygulamalar\u0131n\u0131n mutlak suretle yayg\u0131nla\u015ft\u0131r\u0131lmas\u0131 gerekiyor. \u00dclkemizdeki 25 milyona yak\u0131n konutun y\u00fczde 70&#8217;ten fazlas\u0131nda \u0131s\u0131 yal\u0131t\u0131m\u0131 bulunmuyor. Y\u00fckselen enerji faturalar\u0131 kar\u015f\u0131s\u0131nda \u0131s\u0131 yal\u0131t\u0131m\u0131 t\u00fcketicilerin kurtar\u0131c\u0131s\u0131 olarak kar\u015f\u0131m\u0131za \u00e7\u0131k\u0131yor. Is\u0131 yal\u0131t\u0131m\u0131 yapan bina sahipleri, faturalar\u0131nda %50&#8217;ye varan tasarruf elde edebiliyor. Bu avantajlar\u0131 do\u011fru politikalarla bir f\u0131rsata d\u00f6n\u00fc\u015ft\u00fcrmeliyiz&#8221; diye konu\u015ftu.<br \/>\nMunyar: &#8220;E\u011fer konutlar\u0131n tamam\u0131nda \u0131s\u0131 yal\u0131t\u0131m\u0131n\u0131 ger\u00e7ekle\u015ftirebilirsek, 7 milyar dolar civar\u0131nda bir tasarruf sa\u011flayabiliyoruz&#8221;<br \/>\nKonutlar\u0131n \u0131s\u0131 yal\u0131t\u0131m\u0131 ile ciddi tasarruf sa\u011flanaca\u011f\u0131 noktas\u0131nda konu\u015fan D\u00fcnya Gazetesi Genel Koordinat\u00f6r\u00fc Vahap Munyar, Fransa&#8217;n\u0131n vatanda\u015flara konut yal\u0131t\u0131m\u0131 i\u00e7in hibe verdi\u011fini s\u00f6yledi. Munyar, \u015f\u00f6yle devam etti:<br \/>\n&#8220;Son rakam olarak 1 milyon ki\u015fiye kulland\u0131rm\u0131\u015f durumda. Bizim de \u00fclkemizin maalesef kaynaklar\u0131 s\u0131n\u0131rl\u0131 fakat, 50 bin liral\u0131k kredi 5-10 bin liral\u0131k hibeye d\u00f6n\u00fc\u015ft\u00fcr\u00fclebilse, o zaman herhalde \u0131s\u0131 yal\u0131t\u0131m\u0131 konusunda daha fazla ve daha h\u0131zl\u0131 yol alabiliriz. Neden? \u015eundan hat\u0131rl\u0131yorum. Do\u011falgaz kentlere girmeye ba\u015flad\u0131\u011f\u0131nda ilk yat\u0131r\u0131m maliyeti vatanda\u015flara a\u011f\u0131r geliyordu. Ge\u00e7i\u015fte bir direnme vard\u0131. Zaman i\u00e7erisinde daha avantajl\u0131 oldu\u011fu g\u00f6r\u00fcl\u00fcnce, imkan bulunduk\u00e7a do\u011falgaza ge\u00e7i\u015f h\u0131zland\u0131. Dolay\u0131s\u0131yla ilk yat\u0131r\u0131m maliyetini hibeyle kar\u015f\u0131layabilsek, asl\u0131nda o zaman biraz daha \u015fans\u0131m\u0131z artar ve bu i\u015fin \u00fcstesinden gelmeye ba\u015flayabiliriz diye d\u00fc\u015f\u00fcn\u00fcyorum. \u0130\u015fte rakamlar ortada. 7 milyar dolar civar\u0131nda bir tasarruf sa\u011flayabiliyoruz. E\u011fer konutlar\u0131n tamam\u0131n\u0131 \u0131s\u0131 yal\u0131t\u0131m\u0131 haline getirebilirsek.&#8221;<br \/>\nKorkmaz: &#8220;2009 y\u0131l\u0131nda y\u00fcr\u00fcrl\u00fc\u011fe giren enerji kimlik belgesi uygulamas\u0131n\u0131n daha da yayg\u0131nla\u015ft\u0131r\u0131lmas\u0131 gerekiyor&#8221;<br \/>\nEnerji maliyetlerinin art\u0131\u015f\u0131na ek olarak enerji kaynaklar\u0131na eri\u015fimin de her ge\u00e7en g\u00fcn zorla\u015ft\u0131\u011f\u0131na dikkat \u00e7eken VER\u0130MDER Y\u00f6netim Kurulu Ba\u015fkan\u0131 \u00c7a\u011fda\u015f Korkmaz ise \u00f6n\u00fcm\u00fczdeki s\u00fcre\u00e7te d\u00fcnyay\u0131 enerji alan\u0131nda \u00f6nemli problemlerin bekledi\u011fini s\u00f6yledi. Enerji verimlili\u011fini art\u0131rmak \u00fczere ba\u015fta geli\u015fmi\u015f \u00fclkelerin harekete ge\u00e7erek ciddi yat\u0131r\u0131mlar planlad\u0131\u011f\u0131n\u0131 ifade eden Korkmaz, &#8220;T\u00fcrkiye&#8217;nin de bu alanda zaman ge\u00e7meden uzun vadeli stratejiler geli\u015ftirmesi gerekmektedir. Avrupa 2050 y\u0131l\u0131na kadar karbon n\u00f6tr olma hedefine ula\u015fmak i\u00e7in 1 trilyon euroluk kaynak olu\u015fturdu. Program kapsam\u0131nda 2030 y\u0131l\u0131na kadar 260 milyar eurosunu Avrupa genelinde konutun enerji verimli olarak yenilenmesi i\u00e7in ay\u0131rd\u0131. D\u00fcnya \u00fclkeleri konutlar\u0131n enerji verimli hale getirmeden karbon n\u00f6tr seviyeye gelmenin m\u00fcmk\u00fcn olmad\u0131\u011f\u0131n\u0131n fark\u0131ndalar bu kapsamda politika \u00fcretiyorlar. \u00dclkemizde ise maalesef mevcut konutlar\u0131m\u0131z enerjide verimsiz olarak in\u015fa edilmi\u015f durumda. Konutlar\u0131m\u0131z\u0131n d\u00f6n\u00fc\u015f\u00fcm\u00fc i\u00e7in 2009 y\u0131l\u0131nda y\u00fcr\u00fcrl\u00fc\u011fe giren enerji kimlik belgesi uygulamas\u0131n\u0131n daha da yayg\u0131nla\u015ft\u0131r\u0131lmas\u0131 gerekiyor&#8221; dedi.<\/p>\n","protected":false},"excerpt":{"rendered":"<p>Mersin B\u00fcy\u00fck\u015fehir Belediye Ba\u015fkan\u0131 Vahap Se\u00e7er, Yap\u0131larda Enerji Verimlili\u011fi Derne\u011fi&#8217;nin (VER\u0130MDER) enerji tasarrufu ve \u0131s\u0131 yal\u0131t\u0131m\u0131 bilincini art\u0131rmak i\u00e7in ba\u015flatt\u0131\u011f\u0131 &#8216;Anadolu Bulu\u015fmalar\u0131&#8217; kapsam\u0131nda Mersin&#8217;de d\u00fczenlenen toplant\u0131ya kat\u0131ld\u0131. HiltonSA&#8217;da ger\u00e7ekle\u015ftirilen etkinli\u011fe &hellip; <a href=\"https:\/\/akdenizolaygazetesi.com\/?p=19181\" class=\"more-link\">Devam\u0131n\u0131 Oku&#8230;<\/a><\/p>\n","protected":false},"author":2,"featured_media":19182,"comment_status":"open","ping_status":"open","sticky":false,"template":"","format":"standard","meta":[],"categories":[2,3,5],"tags":[],"_links":{"self":[{"href":"https:\/\/akdenizolaygazetesi.com\/index.php?rest_route=\/wp\/v2\/posts\/19181"}],"collection":[{"href":"https:\/\/akdenizolaygazetesi.com\/index.php?rest_route=\/wp\/v2\/posts"}],"about":[{"href":"https:\/\/akdenizolaygazetesi.com\/index.php?rest_route=\/wp\/v2\/types\/post"}],"author":[{"embeddable":true,"href":"https:\/\/akdenizolaygazetesi.com\/index.php?rest_route=\/wp\/v2\/users\/2"}],"replies":[{"embeddable":true,"href":"https:\/\/akdenizolaygazetesi.com\/index.php?rest_route=%2Fwp%2Fv2%2Fcomments&post=19181"}],"version-history":[{"count":1,"href":"https:\/\/akdenizolaygazetesi.com\/index.php?rest_route=\/wp\/v2\/posts\/19181\/revisions"}],"predecessor-version":[{"id":19183,"href":"https:\/\/akdenizolaygazetesi.com\/index.php?rest_route=\/wp\/v2\/posts\/19181\/revisions\/19183"}],"wp:featuredmedia":[{"embeddable":true,"href":"https:\/\/akdenizolaygazetesi.com\/index.php?rest_route=\/wp\/v2\/media\/19182"}],"wp:attachment":[{"href":"https:\/\/akdenizolaygazetesi.com\/index.php?rest_route=%2Fwp%2Fv2%2Fmedia&parent=19181"}],"wp:term":[{"taxonomy":"category","embeddable":true,"href":"https:\/\/akdenizolaygazetesi.com\/index.php?rest_route=%2Fwp%2Fv2%2Fcategories&post=19181"},{"taxonomy":"post_tag","embeddable":true,"href":"https:\/\/akdenizolaygazetesi.com\/index.php?rest_route=%2Fwp%2Fv2%2Ftags&post=19181"}],"curies":[{"name":"wp","href":"https:\/\/api.w.org\/{rel}","templated":true}]}}