{"id":19184,"date":"2022-06-09T12:12:46","date_gmt":"2022-06-09T09:12:46","guid":{"rendered":"http:\/\/akdenizolaygazetesi.com\/?p=19184"},"modified":"2022-06-09T12:12:46","modified_gmt":"2022-06-09T09:12:46","slug":"baskan-secer-seka-limaninda-suren-calismalari-degerlendirdi-mevzuat-disina-cikildigi-noktada-gerekli-mudahaleyi-yapariz","status":"publish","type":"post","link":"https:\/\/akdenizolaygazetesi.com\/?p=19184","title":{"rendered":"BA\u015eKAN SE\u00c7ER SEKA L\u0130MANI&#8217;NDA S\u00dcREN \u00c7ALI\u015eMALARI DE\u011eERLEND\u0130RD\u0130: &#8220;MEVZUAT DI\u015eINA \u00c7IKILDI\u011eI NOKTADA GEREKL\u0130 M\u00dcDAHALEY\u0130 YAPARIZ&#8221;"},"content":{"rendered":"<p>Mersin B\u00fcy\u00fck\u015fehir Belediye Meclisi&#8217;nin 2022 y\u0131l\u0131 Haziran ay\u0131 1. Birle\u015fim Toplant\u0131s\u0131, B\u00fcy\u00fck\u015fehir Belediye Ba\u015fkan\u0131 Vahap Se\u00e7er ba\u015fkanl\u0131\u011f\u0131nda ger\u00e7ekle\u015ftirildi. Meclis Toplant\u0131s\u0131&#8217;nda idareden gelen 18, komisyonlara havale edilen 1 ve g\u00fcndem d\u0131\u015f\u0131 1 olmak \u00fczere toplam 20 madde g\u00f6r\u00fc\u015f\u00fcld\u00fc. Meclis&#8217;te konu\u015fulan konular aras\u0131nda Silifke&#8217;de \u00e7al\u0131\u015fmalar\u0131n s\u00fcrd\u00fc\u011f\u00fc Seka Liman\u0131, GMK Bulvar\u0131 \u00fczerinde bulunan ve afet riskli yap\u0131 ilan edilen PTT tesisleri gibi \u00f6nemli konular konu\u015fuldu.<br \/>\n&#8220;Mersin B\u00fcy\u00fck\u015fehir Belediyesi&#8217;nin sorumluluk alan\u0131nda olan geli\u015fmelere asla seyirci kalamay\u0131z&#8221;<br \/>\nBa\u015fkan Se\u00e7er, Meclis&#8217;te g\u00fcndem maddelerine ge\u00e7ilmeden \u00f6nce dilek ve temenniler b\u00f6l\u00fcm\u00fcnde konu\u015fan Meclis \u00fcyelerinin sorular\u0131n\u0131 ve de\u011ferlendirmelerini yan\u0131tlad\u0131. Silifke Ta\u015fucu&#8217;nda bulunan Seka Liman\u0131&#8217;nda s\u00fcren \u00e7al\u0131\u015fmalarla ilgili de\u011ferlendirmede bulunan Ba\u015fkan Se\u00e7er, &#8220;Seka Liman\u0131&#8217;nda geli\u015fen olaylar\u0131 ben de takip ediyorum. Mutlaka Mersin&#8217;de yat\u0131r\u0131m olmal\u0131, Mersin&#8217;de liman da olmal\u0131. Mersin&#8217;de yol da yap\u0131lmal\u0131, fabrika da olmal\u0131, i\u015f sahalar\u0131 da a\u00e7\u0131lmal\u0131, konutlara da alanlar a\u00e7mal\u0131y\u0131z. Ancak b\u00fct\u00fcn bu i\u015flemleri yaparken bunlar\u0131 belirli bir mevzuat \u00e7er\u00e7evesinde yapmam\u0131z gerekiyor. Ama zaman zaman \u015funu da g\u00f6zlemliyoruz; yasalar\u0131n arkas\u0131n\u0131 dolanarak da baz\u0131 i\u015fler \u00e7evrilmeye \u00e7al\u0131\u015f\u0131ld\u0131\u011f\u0131n\u0131n fark\u0131nday\u0131z. Bu da ayr\u0131 bir tart\u0131\u015fma konusu ama liman \u00f6zelinde de\u011ferlendirme yapacak olursam; Mersin B\u00fcy\u00fck\u015fehir Belediyesi&#8217;nin sorumluluk alan\u0131nda olan geli\u015fmelere asla seyirci kalamay\u0131z. Mevzuat d\u0131\u015f\u0131na \u00e7\u0131k\u0131ld\u0131\u011f\u0131 noktada gerekli m\u00fcdahaleyi yapar\u0131z. Di\u011fer kurumlara ait sorumluluk alanlar\u0131ndaki geli\u015fmelere de yanl\u0131\u015flara da e\u011fer kurum gerekli refleksi yasal \u00e7er\u00e7evede g\u00f6steremiyorsa da onu g\u00f6steririz, bir g\u00f6r\u00fc\u015f olarak ortaya koyar\u0131z&#8221; dedi.<br \/>\nErdemli&#8217;deki Hazine arazileri \u00fczerinde ya\u015fayan vatanda\u015flar\u0131n ma\u011fduriyetinin dile getirilmesi \u00fczerine de de\u011ferlendirme yapan Ba\u015fkan Se\u00e7er, &#8220;A\u00e7\u0131k\u00e7as\u0131 bu konu Hazine&#8217;nin konusu. Bu konu B\u00fcy\u00fck\u015fehir&#8217;in herhangi bir taraf oldu\u011fu, m\u00fcdahil oldu\u011fu bir konu de\u011fil ama B\u00fcy\u00fck\u015fehir Belediye Ba\u015fkan\u0131 olarak benim m\u00fcdahil oldu\u011fum bir konu var ki; orada ya\u015fayan hem\u015ferilerimin ma\u011fduriyeti. Bu ma\u011fduriyet o vatanda\u015f\u0131m\u0131z\u0131n orada bulunmas\u0131n\u0131n; yasal zemine oturmam\u0131\u015f olsa bile buna dikkat edilerek yap\u0131lmas\u0131 laz\u0131m. Orada bir k\u00f6yl\u00fc vatanda\u015f tar\u0131msal faaliyet yap\u0131yor, evet orada i\u015fgal etti\u011fi alan \u015fu anda hukuki olarak onun alan\u0131 de\u011fil ama bu demek de\u011fildir ki bir \u00f6nlem almadan, katk\u0131 yapmadan, yol \u00e7izmeden, yol g\u00f6sterilmeden yaka pa\u00e7a o alandan bu insanlar\u0131 \u00e7\u0131kar\u0131p atmak do\u011fru bir yakla\u015f\u0131m de\u011fil. Devlet akl\u0131 bunu yapmaz. Onun i\u00e7in de daha dikkatli i\u015flemler yapmak durumunday\u0131z diye d\u00fc\u015f\u00fcn\u00fcyorum&#8221; diye konu\u015ftu.<br \/>\nMeclis&#8217;te, afet riskli yap\u0131 ilan edilen PTT tesisleri de konu\u015fuldu<br \/>\nMeclis&#8217;te GMK Bulvar\u0131 \u00fczerinde yer alan PTT tesislerinin afet riskli yap\u0131 olarak ilan edilmesi konusu da g\u00fcndeme geldi. Bu konuyla ilgili de de\u011ferlendirme yapan Ba\u015fkan Se\u00e7er, baz\u0131 uygulamalar\u0131n yerel y\u00f6netimlerin g\u00f6r\u00fc\u015f\u00fc al\u0131nmadan yap\u0131ld\u0131\u011f\u0131na dikkat \u00e7ekerek, &#8220;Mevcut yasalara g\u00f6re \u00c7evre Bakanl\u0131\u011f\u0131 resen d\u00fczenleme yapar. Bu yasalar\u0131 biz \u00e7\u0131karmad\u0131k. Bunlar son iktidar d\u00f6nemlerine ait uygulamalar. Yani yerelin haberi olmadan resen yap\u0131lan i\u015flemler. Sadece bu de\u011fil bunun gibi onlarca i\u015flem. Bunun gibi kentin istikbaline kast edebilecek, kentin istikbaline ya da olumlu tesir edebilecek onlarca proje resen \u00c7evre Bakanl\u0131\u011f\u0131&#8217;ndan ya da ilgili kurumlar taraf\u0131ndan yap\u0131labiliyor, planlanabiliyor, m\u00fcdahil olunabiliyor. Kentin 1\/5000 \u00d6l\u00e7ekli Naz\u0131m \u0130mar Plan\u0131n\u0131 bu Meclis&#8217;in yapmas\u0131 laz\u0131m. Alan\u0131n \u00fczerindeki binalar afet riski ta\u015f\u0131yor diye a\u00e7\u0131klama yap\u0131ld\u0131. Buraya kadar tamam. Bizim K\u0131rm\u0131z\u0131 Lacivert \u0130\u015fhan\u0131&#8217;n\u0131, Tarsus \u015eelale Oteli binas\u0131n\u0131 y\u0131kma nedenimizde zaten bu. \u0130yi g\u00fczel de bizim tart\u0131\u015ft\u0131\u011f\u0131m\u0131z \u00fczerindeki alanlar de\u011fil, o arsan\u0131n de\u011feri, o arsan\u0131n imar de\u011fi\u015fikli\u011fi ile elde edilecek rant\u0131. Bu rant nereye gidiyor? Uygun yere gidiyorsa ba\u015f\u0131m\u0131z \u00fczerine. Hi\u00e7bir laf\u0131m\u0131z s\u00f6z\u00fcm\u00fcz yok. Acaba buradaki yerel devlet kurumlar\u0131n\u0131n; \u00f6rne\u011fin B\u00fcy\u00fck\u015fehir Belediyesi&#8217;nin ya da Yeni\u015fehir Belediyesi&#8217;nin bu arsa ile ilgili bir tasarrufu olabilir mi?&#8221; dedi.<br \/>\nB\u00fcy\u00fck\u015fehir Belediyesi&#8217;nin arsa fakiri oldu\u011funu da hat\u0131rlatan Ba\u015fkan Se\u00e7er,  hizmet yapmak i\u00e7in uygun araziyi rahat\u00e7a bulamad\u0131klar\u0131na dikkat \u00e7ekerek \u015funlar\u0131 s\u00f6yledi:<br \/>\n&#8220;Acaba Mersin B\u00fcy\u00fck\u015fehir Belediyesi&#8217;nin bir k\u00fclt\u00fcr merkezi aray\u0131\u015f\u0131 var da rahat arazi bulabiliyor mu? Ya da az \u00f6nce s\u00f6yledim; Zafer \u00c7ar\u015f\u0131s\u0131 \u00f6rne\u011finde oldu\u011fu gibi. Buradaki esnaf arkada\u015flara uygun bir projeyle i\u015f yeri yap\u0131p en az\u0131ndan onlar\u0131n ma\u011fduriyetini \u00f6nleme gibi bir \u00e7abas\u0131 var. Bunu yapacak bir arazisi var m\u0131? Arazi bulabiliyor mu? Ya da Mersin B\u00fcy\u00fck\u015fehir Belediyesi kendisine kamuya hizmet verecek hizmet alanlar\u0131 yapmak istiyor, kamu binalar\u0131 yapmak istiyor. Bunun i\u00e7in bir alan\u0131 var m\u0131? \u015eimdi bunlar nezaketen de sorulmadan resen, emren; &#8216;PTT arazisini biz turizm ve ticarete d\u00f6n\u00fc\u015ft\u00fcrelim \u00f6nce g\u00f6nderelim bakanl\u0131\u011fa. Sonra gelsin \u00f6n\u00fcn\u00fcze biz bunun gere\u011fini yapar\u0131z&#8217;. Karde\u015fim sen t\u00fcccar m\u0131s\u0131n? Bu memleket sizin baban\u0131z\u0131n mal\u0131 m\u0131? PTT kamu mal\u0131. Yerele bir sorun, g\u00f6r\u00fc\u015f al\u0131n, bir \u015fey s\u00f6yleyin. Bizden istenen g\u00f6r\u00fc\u015f \u015fu; o da \u015fekil \u015fart\u0131n\u0131 yerine getirmek i\u00e7in; biz olumsuz da g\u00f6r\u00fc\u015f versek zaten orada i\u015fin ad\u0131 konmu\u015f gereken yap\u0131lacak. Bir anlamda bizi \u00e7ok \u00f6z\u00fcr diliyorum enayi yerine koymak, aptal yerine koymak. Bizim aptal g\u00f6r\u00fcnt\u00fcm\u00fcz yok. Bu memleket kimsenin babas\u0131n\u0131n mal\u0131 de\u011fil. Yasalar \u00e7\u0131kar, her \u00e7\u0131kan yasa do\u011fru de\u011fildir, memleket hayr\u0131na de\u011fildir. Bu gibi i\u015flemler memleket hayr\u0131na de\u011fildir. Buna ben de \u00e7ok \u015fiddetle kar\u015f\u0131 \u00e7\u0131k\u0131yorum, \u00e7\u0131kmaya da devam edece\u011fim.&#8221;<br \/>\nBir Meclis \u00fcyesinin sinekle m\u00fccadele konusundaki te\u015fekk\u00fcr\u00fc \u00fczerine de konu\u015fan Ba\u015fkan Se\u00e7er, as\u0131l i\u015fin vatanda\u015flara d\u00fc\u015ft\u00fc\u011f\u00fcne vurgu yapt\u0131. K\u00fc\u00e7\u00fcc\u00fck bir su birikintisinde bile binlerce sivrisinek \u00fcredi\u011fini hat\u0131rlatan Ba\u015fkan Se\u00e7er, m\u00fccadelenin kimyasal ila\u00e7 s\u0131karak s\u00fcrd\u00fcr\u00fclmesinin de \u00e7evre ad\u0131na zarar\u0131na dikkat \u00e7ekti. Se\u00e7er, &#8220;Bizim onu kimyasal s\u0131karak \u00f6ld\u00fcrmemizle olmuyor. Kayna\u011f\u0131nda kurutmam\u0131z i\u00e7in vatanda\u015flar\u0131m\u0131z da bu konuda hassasiyet sahibi olsunlar demek istiyorum. Bu hinterlant su havzalar\u0131n\u0131n, lag\u00fcnlerin, g\u00f6letlerin, batakl\u0131klar\u0131n yo\u011fun oldu\u011fu b\u00f6lgeler. \u00c7ok daha hassas \u00e7al\u0131\u015fmalar\u0131m\u0131z\u0131 s\u00fcrd\u00fcrece\u011fiz&#8221; diye konu\u015ftu.<br \/>\nBa\u015fkan Se\u00e7er, personel \u00fccretleri ile ilgili konu\u015ftu: &#8220;Ben adalet da\u011f\u0131tmak zorunday\u0131m&#8221;<br \/>\nBa\u015fkan Se\u00e7er, toplu i\u015f s\u00f6zle\u015fmesi ve \u00e7al\u0131\u015fan \u00fccretleri ile ilgili yap\u0131lan de\u011ferlendirmelerin \u00fczerine, &#8220;\u00c7al\u0131\u015fanlar\u0131n \u00fccretleri konusunda kadrolu i\u015f\u00e7i stat\u00fcs\u00fcnde olanlara y\u00f6nelik baz\u0131 tezviratlar var. Ben vatanda\u015flar\u0131m\u0131z\u0131n bu hayat pahal\u0131l\u0131\u011f\u0131 kar\u015f\u0131s\u0131nda ezdirilmemesi taraftar\u0131y\u0131m. Ancak \u00f6nemli bir hassasiyetim de Mersin B\u00fcy\u00fck\u015fehir Belediyesi b\u00fcnyesinde \u00e7al\u0131\u015fan, ta\u015feron diye tabir etti\u011fimiz s\u00fcrekli i\u015f\u00e7i stat\u00fcs\u00fcnde \u00e7al\u0131\u015fanlar ge\u00e7ici i\u015f\u00e7i stat\u00fcs\u00fcnde \u00e7al\u0131\u015fanlar. Ge\u00e7ici i\u015f\u00e7i stat\u00fcs\u00fcnde \u00e7al\u0131\u015fanlar ve kadrolu i\u015f\u00e7i stat\u00fcs\u00fcnde \u00e7al\u0131\u015fanlar\u0131n, yani toplu s\u00f6zle\u015fme marifetiyle \u00fccretlerini sosyal haklar\u0131n\u0131 belirleme yetkisinin iki kesimden biri yani B\u00fcy\u00fck\u015fehir&#8217;e ait oldu\u011fu konularda ben adalet da\u011f\u0131tmak zorunday\u0131m. Ayn\u0131 i\u015fi yapan kadrolu i\u015f\u00e7i 10 TL al\u0131rken ben s\u00fcrekli i\u015f\u00e7i stat\u00fcs\u00fcnde \u00e7al\u0131\u015fana 5, 6 TL verdi\u011fim noktada adaletsiz bir i\u015f yapm\u0131\u015f olurum. B\u00fct\u00fcn belediyeler i\u00e7in ge\u00e7erli. Ben g\u00f6r\u00fcyorum baz\u0131 belediyelerde kadrolu i\u015f\u00e7i say\u0131s\u0131 son derece az, kahramanl\u0131k yap\u0131yorlar, bu bir siyasi manevrad\u0131r. Kendisini etkileyecek bir say\u0131 de\u011fildir, ezbere i\u015fler yap\u0131yorlar. Bunu da a\u00e7\u0131kl\u0131kla ifade edeyim, bunlar do\u011fru yakla\u015f\u0131mlar de\u011fil&#8221; dedi.<br \/>\nB\u00fcy\u00fck\u015fehir Belediyesi&#8217;nin b\u00fcnyesinde kadrolu i\u015f\u00e7i, memur, s\u00fcrekli i\u015f\u00e7i gibi bir\u00e7ok stat\u00fcde toplam 11 bin personel oldu\u011funu belirten Ba\u015fkan Se\u00e7er,  &#8220;Bizim kadrolu i\u015f\u00e7ilerle yapt\u0131\u011f\u0131m\u0131z toplu s\u00f6zle\u015fme ge\u00e7ti\u011fimiz y\u0131l yap\u0131ld\u0131, ancak s\u00fcrekli i\u015f\u00e7i stat\u00fcs\u00fcnde \u00e7al\u0131\u015fanlarla Temmuz ay\u0131 i\u00e7erisinde dolan s\u00fcrede biz toplu i\u015f s\u00f6zle\u015fmesi yapaca\u011f\u0131z. O \u00e7al\u0131\u015fmam\u0131z bittikten sonra geriye d\u00f6n\u00fck kadrolu i\u015f\u00e7ilerimizin durumuna bakaca\u011f\u0131z. Ezbere i\u015f yapamam, yapt\u0131\u011f\u0131m her i\u015f do\u011fru sonu\u00e7 vermek durumunda. Aradaki makas zaten a\u00e7\u0131kt\u0131, \u00e7ok a\u00e7\u0131k, hala a\u00e7\u0131k \u00e7ok a\u00e7amay\u0131z. Yasalardan kaynakl\u0131 bir haks\u0131zl\u0131k, hukuksuzluk var. Oysaki \u015fu anda en d\u00fc\u015f\u00fck \u00fccretimiz 5000 TL. Asgari \u00fccret 4250 TL&#8217;dir. Sosyal yard\u0131mlarla beraber 5 bin TL \u00fccret al\u0131yorlar, biz onlar \u00fczerinde bir de\u011ferlendirme yapaca\u011f\u0131z bu ay i\u00e7erisinde. \u00c7\u0131kan sonuca g\u00f6re, kadrolu i\u015f\u00e7ilerin durumunu toplu s\u00f6zle\u015fme zaman\u0131 olmamas\u0131na ra\u011fmen ortaya \u00e7\u0131kan a\u015f\u0131r\u0131 hayat pahal\u0131l\u0131\u011f\u0131ndan dolay\u0131 tekrar elbette ki masaya yat\u0131raca\u011f\u0131z ve bizim i\u00e7in adaletli olan sonucu da alaca\u011f\u0131m\u0131za inan\u0131yorum&#8221; diye konu\u015ftu.<br \/>\nBa\u015fkan Se\u00e7er, kentteki sanatsal faaliyetler i\u00e7in B\u00fcy\u00fck\u015fehir Belediyesi&#8217;nin salonlar\u0131n\u0131n kiraland\u0131\u011f\u0131n\u0131 ve bunun Valilik onay\u0131na sunuldu\u011funu ifade ederek, \u015f\u00f6yle devam etti:<br \/>\n&#8220;E\u011fer hukuki olarak bir problem varsa bu \u00f6n\u00fcm\u00fcze gelir ve biz de do\u011fal olarak Valilik&#8217;ten gelen bu karar\u0131 uygulamak durumunday\u0131z. Ben Belediye Ba\u015fkan\u0131 olarak yasalar \u00e7er\u00e7evesinde e\u011fer ki mevzuatlara uygunlu\u011fu varsa, oyunun i\u00e7eri\u011fi, herhangi bir mevzuata tak\u0131lmayan bir temay\u0131 i\u015fliyor olmas\u0131 vesaire bu sorunlar yoksa yasalar da uygunsa hangi dilden oynanmas\u0131 isteniyorsa oynanmas\u0131nda bir s\u0131k\u0131nt\u0131 g\u00f6rm\u00fcyorum. Bu yasal de\u011fi\u015fiklikleri yapan da AK Parti iktidarlar\u0131d\u0131r. Ben de parlamento da buna &#8216;evet&#8217; oyu vermi\u015fimdir. \u00d6nceden \u00f6rne\u011fin farkl\u0131 dil ve leh\u00e7elerde siyasi propaganda yasa\u011f\u0131 vard\u0131. AK Parti iktidarlar\u0131 d\u00f6neminde bizim de &#8216;evet&#8217; oyu vererek kabul etti\u011fimiz d\u00fczenlemelerdi. Dedik ki &#8216;b\u0131rakal\u0131m insanlar kendi dil ve leh\u00e7elerinde propagandalar\u0131n\u0131 yaps\u0131nlar.&#8217; Ama bizim resmi dilimiz T\u00fcrk\u00e7edir, bunda bir beis yok. Diyelim ki burada 400 bin s\u0131\u011f\u0131nmac\u0131 ya\u015f\u0131yor ana dili Arap\u00e7a. Bu s\u0131\u011f\u0131nmac\u0131larla ilgili bir sivil toplum \u00f6rg\u00fct\u00fc belediyeme m\u00fcracaat etti, biz bir tiyatro oyunu sergileyece\u011fiz Arap\u00e7a dedi. Biz bu i\u015flemi yapar\u0131z. Bu Valili\u011fe bildirilir. Arap\u00e7a oyun sergilemek yasaksa, K\u00fcrt\u00e7e oyun sergilemek de yasak olsun, \u0130ngilizce oyun sergilemek yasaksa Frans\u0131zca oyun sergilemek de yasak olsun. Bu yasaklarla hi\u00e7bir yere varamay\u0131z, endi\u015felerle hi\u00e7bir \u015feyi \u00e7\u00f6zemeyiz. Bu benim bir Ba\u015fkan g\u00f6r\u00fc\u015f\u00fcnden ziyade ki\u015fisel g\u00f6r\u00fc\u015f\u00fcmd\u00fcr, d\u00fcnya g\u00f6r\u00fc\u015f\u00fcmd\u00fcr, siyasi g\u00f6r\u00fc\u015f\u00fcmd\u00fcr ama b\u00f6yle olmamas\u0131 taraftar\u0131y\u0131m. Yasalarda da buna engel bir \u015fey olmad\u0131\u011f\u0131n\u0131 biliyorum e\u011fer yanl\u0131\u015f bilmiyorsam. Yasalar \u00e7er\u00e7evesinde herkes bizden k\u00fclt\u00fcr ve sanatsal faaliyetlerde kullanmak \u00fczere salon alabilir, imkanlar\u0131m\u0131zdan yararlanabilir&#8221; dedi.<br \/>\nK\u0131rsalda ve merkeze \u00e7ok uzak b\u00f6lgelerde ya\u015fayan muhtarlar\u0131n \u00fccretsiz toplu ta\u015f\u0131ma ara\u00e7lar\u0131n\u0131 kullanabilmeleri talebi \u00fczerine Ba\u015fkan Se\u00e7er, &#8220;Muhtarlar\u0131m\u0131z\u0131n da \u00fccretsiz otob\u00fcsleri kullanma talebi var. \u00c7ok meslek gruplar\u0131n\u0131n var, eczac\u0131lar\u0131n, eczac\u0131 kalfalar\u0131n\u0131n, infaz memurlar\u0131n\u0131n&#8230; Hep burada tart\u0131\u015fma konusu oluyor. Bunlar yasayla belirleniyor. Bizim kimlere iltimasl\u0131 davranaca\u011f\u0131m\u0131z yasalarda sabit. Biz o \u00e7er\u00e7evede \u00e7al\u0131\u015fmalar\u0131m\u0131z\u0131 yap\u0131yoruz ama tabi muhtarlar\u0131m\u0131z bir kamu g\u00f6revi yap\u0131yor. Ben de arzu ederim bir yasal \u00e7er\u00e7evede bu d\u00fczenleme yap\u0131l\u0131rsa 52 bin civar\u0131nda muhtar\u0131m\u0131z var T\u00fcrkiye \u00e7ap\u0131nda. Bunlar\u0131n da y\u00fczde ka\u00e7\u0131 toplu ta\u015f\u0131ma ara\u00e7lar\u0131n\u0131 kullanacaklar. Bence b\u00f6yle bir d\u00fczenlemenin parlamentoda yap\u0131lmas\u0131 gerekti\u011fini de d\u00fc\u015f\u00fcn\u00fcyorum&#8221; ifadelerine yer verdi.<br \/>\n&#8220;Niye birden bire kamu alan\u0131n\u0131 turizm ve ticaret yap\u0131yoruz? Kamu ticaret mi yap\u0131yor?&#8221;<br \/>\nPTT tesisleri konusunun yeniden g\u00fcndeme gelmesi \u00fczerine Ba\u015fkan Se\u00e7er Meclis \u00fcyelerine &#8220;Oras\u0131n\u0131n stat\u00fcs\u00fc ne? Peki bana kalsa de\u011fi\u015ftirir miyim oray\u0131? Size kalsa de\u011fi\u015ftirir misiniz Meclis olarak? Niye birden bire kamu alan\u0131n\u0131 turizm ve ticaret yap\u0131yoruz? Kamu ticaret mi yap\u0131yor? Kamu ne yapacak, 5 y\u0131ld\u0131zl\u0131 otel mi yapacak oray\u0131? O zaman b\u00fct\u00fcn kamu alanlar\u0131n\u0131 biz turizm, ticaret yapal\u0131m. Hara\u00e7 mezat satal\u0131m gitsin. Kamuya da bir \u015fey kalmas\u0131n. B\u00f6yle yapal\u0131m herkes kurtulsun&#8221; \u015feklinde sorular\u0131n\u0131 sordu.<br \/>\nMeclis \u00fcyelerinin de tek tek s\u00f6z alarak a\u00e7\u0131klamalarda bulundu\u011fu konu hakk\u0131nda Ba\u015fkan Se\u00e7er, &#8220;Bizim burada tart\u0131\u015ft\u0131\u011f\u0131m\u0131z konu \u015fu; Yeni\u015fehir Belediye Ba\u015fkan\u0131m\u0131z b\u00f6yle bir teklifte bulunabilir. Kime bulunuyor? Yerel Meclis&#8217;e bulunuyor. Peki PTT bu teklifi kime yap\u0131yor? Kimsenin haberi var m\u0131 buradan? Ankara&#8217;da PTT Kurumu, ilgili Bakanl\u0131\u011fa yap\u0131yor. \u015eimdi burada ben demiyorum ki; &#8216;olmas\u0131 gereken de\u011fi\u015fiklikleri yapmayay\u0131m.&#8217; Belediyeler de istiyor. \u015eimdi ismini vermeyece\u011fim, baz\u0131 belediyeler amac\u0131n\u0131 ortaya koydu, amac\u0131 has\u0131l olsun diye gerekli d\u00fczenlemeleri yapt\u0131k. Yapmad\u0131k m\u0131? Neden? &#8216;\u0130htiya\u00e7 var.&#8217; Ama hepimizin haberi var, benim haberim var, sizin grubunuzun var, benim grubumun var. Bu makul dedik. Ama bu farkl\u0131 bir \u015fey, bizden ba\u011f\u0131ms\u0131z, bizim haberimiz olmadan, resen yap\u0131lan d\u00fczenlemelere ba\u015fta kar\u015f\u0131 \u00e7\u0131k\u0131yoruz. Sonra diyoruz ki &#8216;kamu alanlar\u0131n\u0131n b\u00f6yle hara\u00e7 mezat, kimsenin haberi olmadan, \u00fczerinde fikir y\u00fcr\u00fct\u00fclmeden, ticaret, turizm, her neyse, konut \u015fekline d\u00f6n\u00fc\u015ft\u00fcr\u00fclmesi yanl\u0131\u015ft\u0131r. Bizim bahsetti\u011fimiz bu. O arazinin ne kadar kupon arazi oldu\u011funu hepimiz biliyoruz. Bakal\u0131m seyri takip edece\u011fiz&#8221; diye konu\u015ftu.<br \/>\n&#8220;Biz Ankara&#8217;ya bu kadar mahk\u00fbm olamay\u0131z&#8221;<br \/>\nBa\u015fkan Se\u00e7er, Meclis \u00fcyelerine &#8220;Resen \u00c7evre Bakanl\u0131\u011f\u0131 yap\u0131yor. Ona ne diyorsunuz? Do\u011fru mu yap\u0131yor, yanl\u0131\u015f m\u0131 yap\u0131yor? Ben fikrimi s\u00f6yl\u00fcyorum; yanl\u0131\u015f yap\u0131yor diyorum. Siz ne diyorsunuz? Ama daha \u00f6nce ne olmas\u0131n\u0131 istediniz?&#8221; diye sordu.  Meclis \u00fcyelerinden gelen &#8216;kamu hizmet alan\u0131 olmas\u0131n\u0131 istedik&#8217; cevab\u0131 \u00fczerine konu\u015fmas\u0131n\u0131 s\u00fcrd\u00fcren Ba\u015fkan Se\u00e7er, &#8220;Burada bir \u00e7eli\u015fki var. Bak\u0131n ama biz Ankara&#8217;ya bu kadar mahk\u00fbm olamay\u0131z. Biz de bunu s\u00f6yl\u00fcyoruz. Yani bunu dillendirmemiz laz\u0131m. Orada bir i\u015flem olacaksa bunun bu Meclis&#8217;ten yap\u0131lmas\u0131n\u0131n daha do\u011fru olaca\u011f\u0131n\u0131 s\u00f6yl\u00fcyoruz&#8221; ifadelerini kulland\u0131.<br \/>\n&#8220;Esnaf bizden memnun&#8221;<br \/>\nMeclis \u00fcyelerinden gelen Zafer \u00c7ar\u015f\u0131s\u0131 konusunda esnaflarla isti\u015fare yap\u0131lmas\u0131 gerekti\u011fi konusundaki ele\u015ftirilere de yan\u0131t veren Ba\u015fkan Se\u00e7er, &#8220;Esnaf bizden \u00e7ok memnun. Se\u00e7im de geliyor zaten, kim kimden memnun, zaten sand\u0131ktan \u00e7\u0131kacak. Onu bilemeyiz \u015fimdi. Ama esnaf bizden memnun. Bak\u0131n onu s\u00f6yleyeyim. Biz Allah&#8217;a \u015f\u00fck\u00fcr her yere gidebiliyoruz. Aln\u0131m\u0131z a\u00e7\u0131k, ba\u015f\u0131m\u0131z dik, hi\u00e7bir sorunumuz yok. Herkese imk\u00e2nlar\u0131m\u0131z \u00f6l\u00e7\u00fcs\u00fcnde ula\u015f\u0131yoruz. Hi\u00e7 kimsenin bile\u011fini b\u00fckme pe\u015finde, ona tuzak kurma pe\u015finde de\u011filiz. Bizim b\u00f6yle bir derdimiz yok&#8221; dedi. Zafer \u00c7ar\u015f\u0131s\u0131 konusuna da de\u011finen Se\u00e7er, &#8220;Zafer \u00c7ar\u015f\u0131s\u0131 esnaf\u0131na y\u00f6nelik Belediye&#8217;nin orada bir tasarrufu yok. Biz o binay\u0131 risk ta\u015f\u0131d\u0131\u011f\u0131 i\u00e7in, yasa gere\u011fi zaten y\u0131kmak zorunday\u0131z. Buraya kadar tamam m\u0131? Biz o binay\u0131 bo\u015faltt\u0131k. Biz y\u0131kmazsak bir anda kendili\u011finden esnaflar\u0131n \u00fczerine \u00e7\u00f6kebilir. Buraya kadar tamam m\u0131? Biz oraya bir proje uygulamak zorunday\u0131z. Oras\u0131 yenileme alan\u0131. Belirli yasalar \u00e7er\u00e7evesinde imar yapabiliriz. Bu bir k\u00fclt\u00fcr merkezidir, kent merkezidir. Onlar ayr\u0131 bir \u015fey. Ama orada kirac\u0131 olan esnaf\u0131m\u0131z\u0131n; onlar m\u00fclk sahibi de de\u011fil; kirac\u0131 olan esnaf\u0131m\u0131z\u0131n ma\u011fduriyet ya\u015famamas\u0131 ad\u0131na ba\u015fka bir yerde Zafer \u00c7ar\u015f\u0131s\u0131&#8217;na benzer konseptte bir \u00e7ar\u015f\u0131 yapabiliriz. Projede Zafer Bey&#8217;in kast\u0131 o. Biz de bundan hi\u00e7bir zaman ka\u00e7mad\u0131k. Taraflar elini ta\u015f\u0131n alt\u0131na koyarsa, esnaf da beraber olursa, biz de Belediye olarak onlar\u0131n yan\u0131nda dururuz, ortak bir sonu\u00e7 al\u0131r\u0131z dedik. Hepsi bundan ibaret. Bizim Zafer \u00c7ar\u015f\u0131s\u0131 esnaf\u0131yla bir problemimiz yok&#8221; ifadelerine yer verdi.<br \/>\nG\u00fcndem d\u0131\u015f\u0131 konu\u015fmalar\u0131n ard\u0131ndan maddeler oyland\u0131. Ba\u015fkan Se\u00e7er, ge\u00e7ti\u011fimiz birle\u015fimde Anamur planlar\u0131n\u0131n g\u00f6r\u00fc\u015f\u00fcld\u00fc\u011f\u00fcn\u00fc ve baz\u0131 maddelerin oy birli\u011fiyle kabul edilirken, baz\u0131lar\u0131n\u0131n ise oy \u00e7oklu\u011fuyla kabul edildi\u011fini s\u00f6yledi. Se\u00e7er&#8217;in itirazlara ret verenler i\u00e7in Meclis&#8217;te arad\u0131\u011f\u0131 \u0131srar karar\u0131 41 oyla kabul edildi.<\/p>\n","protected":false},"excerpt":{"rendered":"<p>Mersin B\u00fcy\u00fck\u015fehir Belediye Meclisi&#8217;nin 2022 y\u0131l\u0131 Haziran ay\u0131 1. Birle\u015fim Toplant\u0131s\u0131, B\u00fcy\u00fck\u015fehir Belediye Ba\u015fkan\u0131 Vahap Se\u00e7er ba\u015fkanl\u0131\u011f\u0131nda ger\u00e7ekle\u015ftirildi. Meclis Toplant\u0131s\u0131&#8217;nda idareden gelen 18, komisyonlara havale edilen 1 ve g\u00fcndem d\u0131\u015f\u0131 &hellip; <a href=\"https:\/\/akdenizolaygazetesi.com\/?p=19184\" class=\"more-link\">Devam\u0131n\u0131 Oku&#8230;<\/a><\/p>\n","protected":false},"author":2,"featured_media":19185,"comment_status":"open","ping_status":"open","sticky":false,"template":"","format":"standard","meta":[],"categories":[1,2,3,5],"tags":[],"_links":{"self":[{"href":"https:\/\/akdenizolaygazetesi.com\/index.php?rest_route=\/wp\/v2\/posts\/19184"}],"collection":[{"href":"https:\/\/akdenizolaygazetesi.com\/index.php?rest_route=\/wp\/v2\/posts"}],"about":[{"href":"https:\/\/akdenizolaygazetesi.com\/index.php?rest_route=\/wp\/v2\/types\/post"}],"author":[{"embeddable":true,"href":"https:\/\/akdenizolaygazetesi.com\/index.php?rest_route=\/wp\/v2\/users\/2"}],"replies":[{"embeddable":true,"href":"https:\/\/akdenizolaygazetesi.com\/index.php?rest_route=%2Fwp%2Fv2%2Fcomments&post=19184"}],"version-history":[{"count":1,"href":"https:\/\/akdenizolaygazetesi.com\/index.php?rest_route=\/wp\/v2\/posts\/19184\/revisions"}],"predecessor-version":[{"id":19186,"href":"https:\/\/akdenizolaygazetesi.com\/index.php?rest_route=\/wp\/v2\/posts\/19184\/revisions\/19186"}],"wp:featuredmedia":[{"embeddable":true,"href":"https:\/\/akdenizolaygazetesi.com\/index.php?rest_route=\/wp\/v2\/media\/19185"}],"wp:attachment":[{"href":"https:\/\/akdenizolaygazetesi.com\/index.php?rest_route=%2Fwp%2Fv2%2Fmedia&parent=19184"}],"wp:term":[{"taxonomy":"category","embeddable":true,"href":"https:\/\/akdenizolaygazetesi.com\/index.php?rest_route=%2Fwp%2Fv2%2Fcategories&post=19184"},{"taxonomy":"post_tag","embeddable":true,"href":"https:\/\/akdenizolaygazetesi.com\/index.php?rest_route=%2Fwp%2Fv2%2Ftags&post=19184"}],"curies":[{"name":"wp","href":"https:\/\/api.w.org\/{rel}","templated":true}]}}