{"id":19205,"date":"2022-06-10T12:40:06","date_gmt":"2022-06-10T09:40:06","guid":{"rendered":"http:\/\/akdenizolaygazetesi.com\/?p=19205"},"modified":"2022-06-10T12:40:06","modified_gmt":"2022-06-10T09:40:06","slug":"karaduvarda-once-spor-sonra-sahil-temizligi-yapildi","status":"publish","type":"post","link":"https:\/\/akdenizolaygazetesi.com\/?p=19205","title":{"rendered":"KARADUVAR&#8217;DA \u00d6NCE SPOR, SONRA SAH\u0130L TEM\u0130ZL\u0130\u011e\u0130 YAPILDI"},"content":{"rendered":"<p>Mersin B\u00fcy\u00fck\u015fehir Belediyesi&#8217;nin T\u00fcrkiye \u00c7evre Haftas\u0131 kapsam\u0131nda d\u00fczenledi\u011fi etkinlikler sahil temizli\u011fiyle noktaland\u0131. Anamur&#8217;dan Akdeniz il\u00e7esine uzanan 5 noktadaki &#8220;Sahil Temizli\u011fi Etkinli\u011fi&#8221;nin son dura\u011f\u0131 da Karaduvar sahili oldu.<br \/>\nKaraduvar&#8217;daki temizlik &#8216;Bilin\u00e7li Spor Etkinli\u011fi&#8217;yle ba\u015flad\u0131<br \/>\n\u00c7evre Koruma ve Kontrol Dairesi koordinesinde y\u00fcr\u00fct\u00fclen etkinli\u011fe Muhtarl\u0131k \u0130\u015fleri Dairesi&#8217;nin de sundu\u011fu katk\u0131yla Anamur, Ayd\u0131nc\u0131k, Silifke ve Erdemli il\u00e7elerindeki sahillerde temizlik yap\u0131ld\u0131. Akdeniz il\u00e7esi Karaduvar Sahili&#8217;nde yap\u0131lan temizlik etkinli\u011finde ise \u00c7evre Koruma ve Kontrol Dairesi ile Gen\u00e7lik ve Spor Hizmetleri Dairesi i\u015fbirli\u011fi yapt\u0131. B\u00fcy\u00fck\u015fehir&#8217;de g\u00f6revli beden e\u011fitimi \u00f6\u011fretmenleri e\u015fli\u011finde her sabah K\u00fclt\u00fcr Park&#8217;ta &#8216;Bilin\u00e7li Spor Etkinli\u011fi&#8217;ne kat\u0131lan Mersinliler, bu defa Karaduvar sahilinde bulu\u015ftu.<br \/>\nKaraduvar sahilinden bir kamyon \u00e7\u00f6p \u00e7\u0131kt\u0131<br \/>\nSabah\u0131n erken saatlerinde &#8216;Bilin\u00e7li Spor Etkinli\u011fi&#8217;yle ba\u015flayan program sahil temizli\u011fiyle s\u00fcrd\u00fc. CHP Akdeniz \u0130l\u00e7e Ba\u015fkan\u0131 Semih Palatmut&#8217;un da kat\u0131ld\u0131\u011f\u0131 etkinlikte Akdeniz \u00dc\u00e7\u00fcnc\u00fc G\u00f6z E\u011fitim ve Gen\u00e7lik Derne\u011fi \u00fcyeleri de yer ald\u0131. Ellerine po\u015fetleri ve \u00e7\u00f6p tutma aparatlar\u0131n\u0131 alan Mersinliler, Karaduvar sahilini ba\u015ftan sona temizleyerek bir kamyon dolusu \u00e7\u00f6p \u00e7\u0131kartt\u0131.<br \/>\n&#8220;Ben bir \u00e7evreciyim, gitti\u011fim her yerde \u00f6nce bir m\u0131nt\u0131ka temizli\u011fi yapar\u0131m&#8221;<br \/>\nEtkinli\u011fe kat\u0131lan vatanda\u015flardan Dilber \u015eenol, &#8220;\u015eu anda Karaduvar sahilini B\u00fcy\u00fck\u015fehir Belediyesi&#8217;nin haz\u0131rlam\u0131\u015f oldu\u011fu \u00e7evre etkinli\u011fi i\u00e7in g\u00fczelle\u015ftirmeye geldik. Sporumuzu yapt\u0131k, kirletilen yerleri elimizden geldi\u011fi kadar temizleyece\u011fiz. Ben bir \u00e7evreciyim. Gitti\u011fim her yerde \u00f6nce bir m\u0131nt\u0131ka temizli\u011fi yapar\u0131m, sonra oraya konu\u015flan\u0131r\u0131m. T\u00fcm toplumumuz duyarl\u0131 olsa o izmaritleri ya da herhangi bir pisli\u011fini ortaya b\u0131rakmasa de\u011fil Mersin, de\u011fil T\u00fcrkiye, d\u00fcnya g\u00fczel olacak&#8221; dedi.<br \/>\n&#8220;Ge\u00e7en y\u0131l da gelmi\u015ftik, temizlemi\u015ftik, \u00e7ok g\u00fczel olmu\u015ftu&#8221;<br \/>\nEtkinli\u011fe kat\u0131lanlardan Mustafa Uslu, &#8220;Buras\u0131 Mersin&#8217;in Karaduvar Mahallesi. \u00c7ok g\u00fczel bir yer ama bence \u015fu ana kadar k\u0131ymeti bilinmemi\u015f. \u015eu sahiller ba\u015fkalar\u0131n\u0131n elinde olsa buras\u0131 cennet gibi olur. \u015eu an \u00e7ok kirli ve pis. Buraya bir el at\u0131lmas\u0131 laz\u0131m. \u0130nsanlar\u0131n duyarl\u0131 olmas\u0131 laz\u0131m&#8221; derken, Asuman Turan ise &#8220;Burada \u00e7ok g\u00fczel ve zevkli bir spor yapt\u0131k. \u015eu anda \u00e7\u00f6p temizlemeye geldik. Ge\u00e7en y\u0131l da gelmi\u015ftik, temizlemi\u015ftik, \u00e7ok g\u00fczel olmu\u015ftu. Herkes temiz olsun, \u00e7evreye \u00e7\u00f6p atmayal\u0131m. Herkes l\u00fctfen dikkat etsin&#8221; diye konu\u015ftu.<br \/>\n&#8220;Almanya&#8217;dan geldim. Mersin \u00e7ok ho\u015f, \u00e7a\u011fda\u015f&#8221;<br \/>\nVatanda\u015flardan Nazl\u0131 Altay, &#8220;\u00d6nce sporumuzu yapt\u0131k. Sonra \u00e7evremizi temizleyece\u011fiz. Belediyenin d\u00fczenledi\u011fi bu olaydan dolay\u0131 \u00e7ok mutluyuz, \u00e7ok sevin\u00e7liyiz. Sahillerimiz temiz olsun&#8221; dedi. Yurtd\u0131\u015f\u0131ndan Mersin&#8217;e geldi\u011fini belirten Martin Krapp, &#8220;Almanya&#8217;dan geldim. Burada misafirim. Mersin \u00e7ok ho\u015f, \u00e7a\u011fda\u015f. Biz burada \u00e7ok mutluyuz. Sabah erkenden spor yap\u0131yoruz, \u015fimdi de sahili temizliyoruz&#8221; ifadelerine yer verdi.<\/p>\n","protected":false},"excerpt":{"rendered":"<p>Mersin B\u00fcy\u00fck\u015fehir Belediyesi&#8217;nin T\u00fcrkiye \u00c7evre Haftas\u0131 kapsam\u0131nda d\u00fczenledi\u011fi etkinlikler sahil temizli\u011fiyle noktaland\u0131. Anamur&#8217;dan Akdeniz il\u00e7esine uzanan 5 noktadaki &#8220;Sahil Temizli\u011fi Etkinli\u011fi&#8221;nin son dura\u011f\u0131 da Karaduvar sahili oldu. Karaduvar&#8217;daki temizlik &#8216;Bilin\u00e7li &hellip; <a href=\"https:\/\/akdenizolaygazetesi.com\/?p=19205\" class=\"more-link\">Devam\u0131n\u0131 Oku&#8230;<\/a><\/p>\n","protected":false},"author":2,"featured_media":19206,"comment_status":"open","ping_status":"open","sticky":false,"template":"","format":"standard","meta":[],"categories":[1,2,3],"tags":[],"_links":{"self":[{"href":"https:\/\/akdenizolaygazetesi.com\/index.php?rest_route=\/wp\/v2\/posts\/19205"}],"collection":[{"href":"https:\/\/akdenizolaygazetesi.com\/index.php?rest_route=\/wp\/v2\/posts"}],"about":[{"href":"https:\/\/akdenizolaygazetesi.com\/index.php?rest_route=\/wp\/v2\/types\/post"}],"author":[{"embeddable":true,"href":"https:\/\/akdenizolaygazetesi.com\/index.php?rest_route=\/wp\/v2\/users\/2"}],"replies":[{"embeddable":true,"href":"https:\/\/akdenizolaygazetesi.com\/index.php?rest_route=%2Fwp%2Fv2%2Fcomments&post=19205"}],"version-history":[{"count":1,"href":"https:\/\/akdenizolaygazetesi.com\/index.php?rest_route=\/wp\/v2\/posts\/19205\/revisions"}],"predecessor-version":[{"id":19207,"href":"https:\/\/akdenizolaygazetesi.com\/index.php?rest_route=\/wp\/v2\/posts\/19205\/revisions\/19207"}],"wp:featuredmedia":[{"embeddable":true,"href":"https:\/\/akdenizolaygazetesi.com\/index.php?rest_route=\/wp\/v2\/media\/19206"}],"wp:attachment":[{"href":"https:\/\/akdenizolaygazetesi.com\/index.php?rest_route=%2Fwp%2Fv2%2Fmedia&parent=19205"}],"wp:term":[{"taxonomy":"category","embeddable":true,"href":"https:\/\/akdenizolaygazetesi.com\/index.php?rest_route=%2Fwp%2Fv2%2Fcategories&post=19205"},{"taxonomy":"post_tag","embeddable":true,"href":"https:\/\/akdenizolaygazetesi.com\/index.php?rest_route=%2Fwp%2Fv2%2Ftags&post=19205"}],"curies":[{"name":"wp","href":"https:\/\/api.w.org\/{rel}","templated":true}]}}