{"id":19208,"date":"2022-06-10T12:48:25","date_gmt":"2022-06-10T09:48:25","guid":{"rendered":"http:\/\/akdenizolaygazetesi.com\/?p=19208"},"modified":"2022-06-10T12:48:25","modified_gmt":"2022-06-10T09:48:25","slug":"toroslar-belediyesinden-yayla-yollarina-bakim","status":"publish","type":"post","link":"https:\/\/akdenizolaygazetesi.com\/?p=19208","title":{"rendered":"TOROSLAR BELED\u0130YES\u0130NDEN YAYLA YOLLARINA BAKIM"},"content":{"rendered":"<p>Toroslar Belediyesi, il\u00e7enin y\u00fcksek kesimlerinde ger\u00e7ekle\u015ftirdi\u011fi yol yap\u0131m \u00e7al\u0131\u015fmalar\u0131n\u0131 s\u00fcrd\u00fcr\u00fcyor.<\/p>\n<p>Yaylalarda artan n\u00fcfus yo\u011funlu\u011fu ile birlikte imar plan\u0131na uygun yeni yol a\u00e7\u0131m ve d\u00fczenleme \u00e7al\u0131\u015fmalar\u0131 yapan belediye, k\u0131\u015f aylar\u0131nda \u015fiddetli ya\u011f\u0131\u015flardan zarar g\u00f6ren yollar\u0131n bak\u0131m ve onar\u0131m \u00e7al\u0131\u015fmalar\u0131n\u0131 da planl\u0131 bir \u015fekilde yap\u0131yor.<\/p>\n<p>Vatanda\u015flar\u0131n daha konforlu ve g\u00fcvenli bir \u015fekilde ula\u015f\u0131mlar\u0131n\u0131 sa\u011flamak i\u00e7in yap\u0131lan \u00e7al\u0131\u015fmalar kapsam\u0131nda Fen \u0130\u015fleri M\u00fcd\u00fcrl\u00fc\u011f\u00fc ekipleri, G\u00f6zne, Ayvagedi\u011fi, Buluklu ve Evrenli Mahalleleri&#8217;nde ihtiya\u00e7 duyulan yollarda i\u015f makineleriyle d\u00fczenleme \u00e7al\u0131\u015fmas\u0131 yapt\u0131.<\/p>\n<p>Ba\u015fkan Y\u0131lmaz; &#8220;\u0130l\u00e7emizin D\u00f6rt Bir Yan\u0131nda \u00d6zveriyle \u00c7al\u0131\u015f\u0131yoruz&#8221;<\/p>\n<p>Toroslar Belediye Ba\u015fkan\u0131 Ats\u0131z Af\u015f\u0131n Y\u0131lmaz, yaz aylar\u0131n\u0131n gelmesiyle yayla yollar\u0131n\u0131n kullan\u0131m\u0131n\u0131n daha da artt\u0131\u011f\u0131n\u0131 ve vatanda\u015flar\u0131n bu g\u00fczergahlarda s\u0131k\u0131nt\u0131 ya\u015famamalar\u0131 i\u00e7in sistemli bir \u015fekilde \u00e7al\u0131\u015ft\u0131klar\u0131n\u0131 s\u00f6yledi.<\/p>\n<p>&#8220;Mahallelerimizin ihtiya\u00e7lar\u0131n\u0131 h\u0131zl\u0131 ve planl\u0131 bir \u00e7al\u0131\u015fmayla gideriyoruz&#8221; diyen Ba\u015fkan Y\u0131lmaz; &#8220;Havalar\u0131n \u0131s\u0131nmas\u0131yla birlikte il\u00e7emizin yaylalar\u0131na g\u00f6\u00e7ler ba\u015flad\u0131. Yaylalar\u0131m\u0131zda yeni yerle\u015fim alanlar\u0131n\u0131n artmas\u0131na paralel olarak ula\u015f\u0131m hizmetleri de art\u0131yor. Yol yap\u0131m \u00e7al\u0131\u015fmalar\u0131m\u0131z, il\u00e7e merkezinde ve yaylalar\u0131m\u0131zda e\u015f zamanl\u0131 olarak devam ediyor. Bu \u00e7al\u0131\u015fmalarla amac\u0131m\u0131z, kaliteli ve konforlu ula\u015f\u0131m a\u011f\u0131m\u0131z\u0131 il\u00e7emizin d\u00f6rt bir yan\u0131na ula\u015ft\u0131rmak&#8221; ifadelerini kulland\u0131.<\/p>\n","protected":false},"excerpt":{"rendered":"<p>Toroslar Belediyesi, il\u00e7enin y\u00fcksek kesimlerinde ger\u00e7ekle\u015ftirdi\u011fi yol yap\u0131m \u00e7al\u0131\u015fmalar\u0131n\u0131 s\u00fcrd\u00fcr\u00fcyor. Yaylalarda artan n\u00fcfus yo\u011funlu\u011fu ile birlikte imar plan\u0131na uygun yeni yol a\u00e7\u0131m ve d\u00fczenleme \u00e7al\u0131\u015fmalar\u0131 yapan belediye, k\u0131\u015f aylar\u0131nda \u015fiddetli &hellip; <a href=\"https:\/\/akdenizolaygazetesi.com\/?p=19208\" class=\"more-link\">Devam\u0131n\u0131 Oku&#8230;<\/a><\/p>\n","protected":false},"author":2,"featured_media":19209,"comment_status":"open","ping_status":"open","sticky":false,"template":"","format":"standard","meta":[],"categories":[2,3,5],"tags":[],"_links":{"self":[{"href":"https:\/\/akdenizolaygazetesi.com\/index.php?rest_route=\/wp\/v2\/posts\/19208"}],"collection":[{"href":"https:\/\/akdenizolaygazetesi.com\/index.php?rest_route=\/wp\/v2\/posts"}],"about":[{"href":"https:\/\/akdenizolaygazetesi.com\/index.php?rest_route=\/wp\/v2\/types\/post"}],"author":[{"embeddable":true,"href":"https:\/\/akdenizolaygazetesi.com\/index.php?rest_route=\/wp\/v2\/users\/2"}],"replies":[{"embeddable":true,"href":"https:\/\/akdenizolaygazetesi.com\/index.php?rest_route=%2Fwp%2Fv2%2Fcomments&post=19208"}],"version-history":[{"count":1,"href":"https:\/\/akdenizolaygazetesi.com\/index.php?rest_route=\/wp\/v2\/posts\/19208\/revisions"}],"predecessor-version":[{"id":19210,"href":"https:\/\/akdenizolaygazetesi.com\/index.php?rest_route=\/wp\/v2\/posts\/19208\/revisions\/19210"}],"wp:featuredmedia":[{"embeddable":true,"href":"https:\/\/akdenizolaygazetesi.com\/index.php?rest_route=\/wp\/v2\/media\/19209"}],"wp:attachment":[{"href":"https:\/\/akdenizolaygazetesi.com\/index.php?rest_route=%2Fwp%2Fv2%2Fmedia&parent=19208"}],"wp:term":[{"taxonomy":"category","embeddable":true,"href":"https:\/\/akdenizolaygazetesi.com\/index.php?rest_route=%2Fwp%2Fv2%2Fcategories&post=19208"},{"taxonomy":"post_tag","embeddable":true,"href":"https:\/\/akdenizolaygazetesi.com\/index.php?rest_route=%2Fwp%2Fv2%2Ftags&post=19208"}],"curies":[{"name":"wp","href":"https:\/\/api.w.org\/{rel}","templated":true}]}}