{"id":19211,"date":"2022-06-10T12:50:08","date_gmt":"2022-06-10T09:50:08","guid":{"rendered":"http:\/\/akdenizolaygazetesi.com\/?p=19211"},"modified":"2022-06-10T12:50:08","modified_gmt":"2022-06-10T09:50:08","slug":"mersinin-tum-sahillerinde-mavi-bayrak-sayisini-arttiracagiz","status":"publish","type":"post","link":"https:\/\/akdenizolaygazetesi.com\/?p=19211","title":{"rendered":"&#8220;MERS\u0130N&#8217;\u0130N T\u00dcM SAH\u0130LLER\u0130NDE MAV\u0130 BAYRAK SAYISINI ARTTIRACA\u011eIZ&#8221;"},"content":{"rendered":"<p>Mersin B\u00fcy\u00fck\u015fehir Belediyesi \u00c7evre Koruma ve Kontrol Dairesi, 5-11 Haziran T\u00fcrkiye \u00c7evre Haftas\u0131 etkinliklerini, B\u00fcy\u00fck\u015fehir Belediyesi Kongre ve Sergi Saray\u0131&#8217;nda d\u00fczenlenen &#8220;Mavi Mersin \u0130\u00e7in Mavi Bayrak&#8221; paneliyle s\u00fcrd\u00fcrd\u00fc.<br \/>\n&#8220;Mersin denize 321 kilometre k\u0131y\u0131s\u0131 olan bir \u015fehir&#8221;<br \/>\n7 konu\u015fmac\u0131n\u0131n yer ald\u0131\u011f\u0131 panelde, i\u015fletti\u011fi 12 plaj\u0131n 5&#8217;inde Mavi Bayrak&#8217;a sahip olan B\u00fcy\u00fck\u015fehir Belediyesi Denizk\u0131z\u0131 Turizm A.\u015e.&#8217;nin yetkilileri de dinleyici olarak yer ald\u0131. Panelin a\u00e7\u0131l\u0131\u015f konu\u015fmas\u0131n\u0131 B\u00fcy\u00fck\u015fehir Belediyesi \u00c7evre Koruma ve Kontrol Dairesi Ba\u015fkan\u0131 Dr. B\u00fclent Halisdemir yapt\u0131.<br \/>\nMersin&#8217;in T\u00fcrkiye&#8217;nin nadide \u015fehirlerinden birisi oldu\u011funu vurgulayan Halisdemir, &#8220;Mersin, mavisi ve ye\u015fili bir arada olan en g\u00fczel \u015fehirlerden birisi. 321 kilometre sahil \u015feridine sahip ama maalesef halk\u0131n deniziyle k\u00fcs oldu\u011funu d\u00fc\u015f\u00fcnd\u00fc\u011f\u00fcm\u00fcz bir \u015fehir. Biz B\u00fcy\u00fck\u015fehir Belediyesi olarak ve tabii ki di\u011fer kurumlar olarak, Mersin&#8217;de ya\u015fayan her kesim kumsal\u0131n her noktas\u0131ndan denize girebilsin, rahat bir \u015fekilde, mutlu bir \u015fekilde denizin her nimetinden yararlans\u0131n istiyoruz. Hem turizm a\u00e7\u0131s\u0131ndan, hem deniz \u00fcr\u00fcnleri a\u00e7\u0131s\u0131ndan, hem de deniz ekosistemini g\u00f6rmesi a\u00e7\u0131s\u0131ndan istiyoruz. Dolay\u0131s\u0131yla Mersin&#8217;e yap\u0131lacak her katk\u0131y\u0131 \u00f6nemli g\u00f6r\u00fcyoruz&#8221; dedi.<br \/>\nMersin&#8217;in Mavi Bayrak say\u0131s\u0131n\u0131n az oldu\u011funa dikkat \u00e7eken Halisdemir, &#8220;Potansiyelimiz \u00e7ok y\u00fcksek, fakat bu konuda biraz ge\u00e7 kald\u0131k. Ge\u00e7 kalm\u0131\u015f olmam\u0131z, bundan sonra duraca\u011f\u0131m\u0131z anlam\u0131na da gelmiyor. Biz Mersin B\u00fcy\u00fck\u015fehir Belediyesi olarak Mavi Bayrak say\u0131s\u0131n\u0131n \u00e7o\u011falmas\u0131, t\u00fcm kumsallar\u0131m\u0131zda Mavi Bayrak&#8217;\u0131n dalgalanmas\u0131 i\u00e7in elimizden gelen her \u015feyi yapaca\u011f\u0131z&#8221; diye konu\u015ftu.<br \/>\nDenizk\u0131z\u0131 Turizm A.\u015e. yetkililerinin bu noktada ciddi \u00e7abalar g\u00f6sterdi\u011fini de s\u00f6zlerine ekleyen Halisdemir, &#8220;Bu i\u015fin biraz ba\u015f\u0131nday\u0131z, tecr\u00fcbe ediniyoruz. Zamanla bunu daha da geli\u015ftirece\u011fiz ve Mersin&#8217;in her noktas\u0131nda, 321 kilometrelik k\u0131y\u0131 \u015feridinin her yerinde Mavi Bayrak&#8217;\u0131n dalgalanmas\u0131 i\u00e7in, en az\u0131ndan B\u00fcy\u00fck\u015fehir olarak elimizden geleni yapaca\u011f\u0131m\u0131z\u0131 bildirmek istiyorum&#8221; ifadelerine yer verdi.<br \/>\n2 b\u00f6l\u00fcmden olu\u015fan panelde &#8220;Mavi Bayrak&#8221; konu\u015fuldu<br \/>\nMersin \u00f6zelinde Mavi Bayrak uygulamalar\u0131n\u0131n geli\u015ftirilmesi ve yayg\u0131nla\u015ft\u0131r\u0131lmas\u0131 noktas\u0131nda 2 b\u00f6l\u00fcmde ger\u00e7ekle\u015ftirilen panelin ilk b\u00f6l\u00fcm\u00fc &#8220;Ulusal ve Yerel Turizm Y\u00f6netimi A\u00e7\u0131s\u0131ndan Mavi Bayrak&#8221; ba\u015fl\u0131\u011f\u0131n\u0131 ta\u015f\u0131d\u0131. Mersin Kent Konseyi Y\u00f6netim Kurulu Ba\u015fkan\u0131 Ayferi Tu\u011fcu&#8217;nun kolayla\u015ft\u0131r\u0131c\u0131 olarak yer ald\u0131\u011f\u0131 panelde, T\u00fcrkiye \u00c7evre E\u011fitim Vakf\u0131&#8217;ndan Mavi Bayrak Ulusal Koordinat\u00f6r\u00fc Alm\u0131la K\u0131ndan, K\u00fclt\u00fcr ve Turizm Bakanl\u0131\u011f\u0131 Yat\u0131r\u0131m ve \u0130\u015fletmeler Genel M\u00fcd\u00fcrl\u00fc\u011f\u00fc&#8217;nden \u00c7evre Sorunlar\u0131n\u0131 \u00d6nleme \u015eube M\u00fcd\u00fcr\u00fc Adalet \u00d6zd\u00fcr\u00fck, Mersin \u00dcniversitesi Turizm Fak\u00fcltesi&#8217;nden Prof. Dr. Kemal Bildir ve Mersin Marina&#8217;dan Mavi Bayrak Sorumlusu Berna K\u0131rd\u0131 konu\u015fmac\u0131 olarak yer ald\u0131.<br \/>\n&#8220;Deniz Kirlili\u011fi ve \u00c7evre Y\u00f6netimi&#8221; ba\u015fl\u0131\u011f\u0131n\u0131 ta\u015f\u0131yan ikinci b\u00f6l\u00fcmde ise B\u00fcy\u00fck\u015fehir Belediyesi \u00c7evre Koruma ve Kontrol Dairesi Ba\u015fkan\u0131 Dr. B\u00fclent Halisdemir kolayla\u015ft\u0131r\u0131c\u0131 olarak yer ald\u0131. \u0130kinci b\u00f6l\u00fcmde MESK\u0130&#8217;den Plan Proje Dairesi Ba\u015fkan\u0131 Handan Solmaz, Mersin \u00c7evre, \u015eehircilik ve \u0130klim De\u011fi\u015fikli\u011fi \u0130l M\u00fcd\u00fcrl\u00fc\u011f\u00fc&#8217;nden M\u00fcd\u00fcr Yard\u0131mc\u0131s\u0131 Murat Ku\u015f ve Mersin \u00dcniversitesi Su \u00dcr\u00fcnleri Fak\u00fcltesi&#8217;nden Prof. Dr. Deniz Ayas konu\u015ftu.<\/p>\n","protected":false},"excerpt":{"rendered":"<p>Mersin B\u00fcy\u00fck\u015fehir Belediyesi \u00c7evre Koruma ve Kontrol Dairesi, 5-11 Haziran T\u00fcrkiye \u00c7evre Haftas\u0131 etkinliklerini, B\u00fcy\u00fck\u015fehir Belediyesi Kongre ve Sergi Saray\u0131&#8217;nda d\u00fczenlenen &#8220;Mavi Mersin \u0130\u00e7in Mavi Bayrak&#8221; paneliyle s\u00fcrd\u00fcrd\u00fc. &#8220;Mersin denize &hellip; <a href=\"https:\/\/akdenizolaygazetesi.com\/?p=19211\" class=\"more-link\">Devam\u0131n\u0131 Oku&#8230;<\/a><\/p>\n","protected":false},"author":2,"featured_media":19212,"comment_status":"open","ping_status":"open","sticky":false,"template":"","format":"standard","meta":[],"categories":[1,2,3,5],"tags":[],"_links":{"self":[{"href":"https:\/\/akdenizolaygazetesi.com\/index.php?rest_route=\/wp\/v2\/posts\/19211"}],"collection":[{"href":"https:\/\/akdenizolaygazetesi.com\/index.php?rest_route=\/wp\/v2\/posts"}],"about":[{"href":"https:\/\/akdenizolaygazetesi.com\/index.php?rest_route=\/wp\/v2\/types\/post"}],"author":[{"embeddable":true,"href":"https:\/\/akdenizolaygazetesi.com\/index.php?rest_route=\/wp\/v2\/users\/2"}],"replies":[{"embeddable":true,"href":"https:\/\/akdenizolaygazetesi.com\/index.php?rest_route=%2Fwp%2Fv2%2Fcomments&post=19211"}],"version-history":[{"count":1,"href":"https:\/\/akdenizolaygazetesi.com\/index.php?rest_route=\/wp\/v2\/posts\/19211\/revisions"}],"predecessor-version":[{"id":19213,"href":"https:\/\/akdenizolaygazetesi.com\/index.php?rest_route=\/wp\/v2\/posts\/19211\/revisions\/19213"}],"wp:featuredmedia":[{"embeddable":true,"href":"https:\/\/akdenizolaygazetesi.com\/index.php?rest_route=\/wp\/v2\/media\/19212"}],"wp:attachment":[{"href":"https:\/\/akdenizolaygazetesi.com\/index.php?rest_route=%2Fwp%2Fv2%2Fmedia&parent=19211"}],"wp:term":[{"taxonomy":"category","embeddable":true,"href":"https:\/\/akdenizolaygazetesi.com\/index.php?rest_route=%2Fwp%2Fv2%2Fcategories&post=19211"},{"taxonomy":"post_tag","embeddable":true,"href":"https:\/\/akdenizolaygazetesi.com\/index.php?rest_route=%2Fwp%2Fv2%2Ftags&post=19211"}],"curies":[{"name":"wp","href":"https:\/\/api.w.org\/{rel}","templated":true}]}}