{"id":1922,"date":"2020-11-04T18:22:27","date_gmt":"2020-11-04T15:22:27","guid":{"rendered":"http:\/\/mersinekonomipolitikagazetesi.com\/?p=1922"},"modified":"2020-11-04T18:22:27","modified_gmt":"2020-11-04T15:22:27","slug":"yapilacak-osb-otoyol-baglanti-yolu-ucretsiz-olmali","status":"publish","type":"post","link":"https:\/\/akdenizolaygazetesi.com\/?p=1922","title":{"rendered":"YAPILACAK OSB-OTOYOL BA\u011eLANTI YOLU \u00dcCRETS\u0130Z OLMALI"},"content":{"rendered":"<p>Mersin-Tarsus Otoyolu \u00fczerinde ihalesi yap\u0131lacak olan \u201cOrganize Sanayi B\u00f6lgesi-Otoyol Ba\u011flant\u0131 Yolu\u201d i\u00e7in CHP Mersin Milletvekili Aytu\u011f At\u0131c\u0131, T\u00fcrkiye B\u00fcy\u00fck Millet Meclisi Ba\u015fkanl\u0131\u011f\u0131\u2019na soru \u00f6nergesi sundu.<\/p>\n<div>\n<div>\n<div>\n<div>\n<div>\n<div>\n<div>\n<div>\n<div>\n<div>\n<div>\n<div id=\":4\">\n<div id=\":2\">\n<div>\n<div role=\"main\">\n<table cellpadding=\"0\" role=\"presentation\" style=\"width:1675px;\">\n<tbody>\n<tr>\n<td>\n<div>\n<div>\n<div>\n<div role=\"list\">\n<div role=\"listitem\" style=\"clear:both;\" tabindex=\"-1\">\n<div>\n<div>\n<div id=\":2yf\">\n<div data-legacy-message-id=\"1633b06e478af8e0\" data-message-id=\"1633b06e478af8e0\">\n<div style=\"margin-left:44px;\">\n<div id=\":32o\">\n<div id=\":345\">\n<div dir=\"auto\">\n<blockquote type=\"cite\">\n<div dir=\"ltr\">\n<p><span style=\"font-size:16px;\">Trafik yo\u011funlu\u011fundan dolay\u0131 \u00f6nerge veren CHP Mersin Milletvekili Aytu\u011f At\u0131c\u0131, Mersin-Tarsus Karayolu\u2019nda (D-400) ya\u015fanan trafik yo\u011funlu\u011funun kentte ya\u015fam kalitesini d\u00fc\u015f\u00fcrd\u00fc\u011f\u00fcn\u00fc kaydederek Mersin Liman\u0131\u2019na b\u00fcy\u00fck ara\u00e7lar\u0131n giri\u015f-\u00e7\u0131k\u0131\u015flar\u0131n\u0131n yo\u011fun oldu\u011fu d\u00f6nemlerde trafi\u011fin durma noktas\u0131na geldi\u011fini belirtti.<\/span><\/p>\n<p>\u00a0<\/p>\n<p><span style=\"font-size:16px;\">\u2018Organize Sanayi B\u00f6lgesi-Otoyol Ba\u011flant\u0131 Yolu\u2019 ihalesi i\u00e7in T\u00fcrkiye B\u00fcy\u00fck Millet Meclisi Ba\u015fkanl\u0131\u011f\u0131\u2019na \u00f6nerge veren At\u0131c\u0131, Mersin-Tarsus aras\u0131ndaki otoyolun \u00fccretsiz olmas\u0131n\u0131, \u00a0D-400 karayolunda ya\u015fanan trafik sorununu b\u00fcy\u00fck oranda \u00e7\u00f6zece\u011fini ifade etti. \u00a0Mersin\u2019den \u00c7aml\u0131yayla ve Eshab-\u0131 Kehf y\u00f6n\u00fcne giden ara\u00e7lar\u0131n da otoyolu \u00fccretsiz kullanmalar\u0131n\u0131n m\u00fcmk\u00fcn olaca\u011f\u0131n\u0131 ileri s\u00fcrd\u00fc.<\/span><\/p>\n<p>\u00a0<\/p>\n<p><span style=\"font-size:16px;\">At\u0131c\u0131\u2019n\u0131n, T\u00fcrkiye B\u00fcy\u00fck Millet Meclisi Ba\u015fkanl\u0131\u011f\u0131\u2019na sunulan sorular\u0131 ise \u015fu \u015fekilde:<\/span><\/p>\n<\/p><\/div>\n<\/blockquote>\n<blockquote type=\"cite\">\n<div dir=\"ltr\">\n<p><span style=\"font-size:16px;\">\u201c- Mersin Al\u0131n gi\u015felerini, Organize Sanayi B\u00f6lgesi kav\u015fa\u011f\u0131na \u00e7ekmeyi planl\u0131yor musunuz?<\/span><\/p>\n<p><span style=\"font-size:16px;\">&#8211; Yap\u0131m\u0131na yeni ba\u015flanan ba\u011flant\u0131 yolu tamamlanmadan gerekli d\u00fczenlemelerin yap\u0131lmas\u0131 m\u00fcmk\u00fcn m\u00fcd\u00fcr?\u201d<\/span><\/p>\n<\/p><\/div>\n<\/blockquote><\/div>\n<\/p><\/div>\n<\/p><\/div>\n<\/p><\/div>\n<\/p><\/div>\n<\/p><\/div>\n<\/p><\/div>\n<\/p><\/div>\n<\/p><\/div>\n<\/p><\/div>\n<\/p><\/div>\n<\/p><\/div>\n<\/p><\/div>\n<\/td>\n<\/tr>\n<\/tbody>\n<\/table>\n<div style=\"clear:both;\">\u00a0<\/div>\n<\/div>\n<\/div>\n<\/div>\n<\/div>\n<\/div>\n<\/div>\n<\/div>\n<\/div>\n<\/div>\n<\/div>\n<\/div>\n<\/div>\n<\/div>\n<\/div>\n<\/div>\n","protected":false},"excerpt":{"rendered":"<p>Mersin-Tarsus Otoyolu \u00fczerinde ihalesi yap\u0131lacak olan \u201cOrganize Sanayi B\u00f6lgesi-Otoyol Ba\u011flant\u0131 Yolu\u201d i\u00e7in CHP Mersin Milletvekili Aytu\u011f At\u0131c\u0131, T\u00fcrkiye B\u00fcy\u00fck Millet Meclisi Ba\u015fkanl\u0131\u011f\u0131\u2019na soru \u00f6nergesi sundu. Trafik yo\u011funlu\u011fundan dolay\u0131 \u00f6nerge veren &hellip; <a href=\"https:\/\/akdenizolaygazetesi.com\/?p=1922\" class=\"more-link\">Devam\u0131n\u0131 Oku&#8230;<\/a><\/p>\n","protected":false},"author":1,"featured_media":0,"comment_status":"open","ping_status":"open","sticky":false,"template":"","format":"standard","meta":[],"categories":[],"tags":[],"_links":{"self":[{"href":"https:\/\/akdenizolaygazetesi.com\/index.php?rest_route=\/wp\/v2\/posts\/1922"}],"collection":[{"href":"https:\/\/akdenizolaygazetesi.com\/index.php?rest_route=\/wp\/v2\/posts"}],"about":[{"href":"https:\/\/akdenizolaygazetesi.com\/index.php?rest_route=\/wp\/v2\/types\/post"}],"author":[{"embeddable":true,"href":"https:\/\/akdenizolaygazetesi.com\/index.php?rest_route=\/wp\/v2\/users\/1"}],"replies":[{"embeddable":true,"href":"https:\/\/akdenizolaygazetesi.com\/index.php?rest_route=%2Fwp%2Fv2%2Fcomments&post=1922"}],"version-history":[{"count":0,"href":"https:\/\/akdenizolaygazetesi.com\/index.php?rest_route=\/wp\/v2\/posts\/1922\/revisions"}],"wp:attachment":[{"href":"https:\/\/akdenizolaygazetesi.com\/index.php?rest_route=%2Fwp%2Fv2%2Fmedia&parent=1922"}],"wp:term":[{"taxonomy":"category","embeddable":true,"href":"https:\/\/akdenizolaygazetesi.com\/index.php?rest_route=%2Fwp%2Fv2%2Fcategories&post=1922"},{"taxonomy":"post_tag","embeddable":true,"href":"https:\/\/akdenizolaygazetesi.com\/index.php?rest_route=%2Fwp%2Fv2%2Ftags&post=1922"}],"curies":[{"name":"wp","href":"https:\/\/api.w.org\/{rel}","templated":true}]}}