{"id":19223,"date":"2022-06-10T12:56:10","date_gmt":"2022-06-10T09:56:10","guid":{"rendered":"http:\/\/akdenizolaygazetesi.com\/?p=19223"},"modified":"2022-06-10T12:56:10","modified_gmt":"2022-06-10T09:56:10","slug":"buyuksehirin-destekleri-ile-mersinde-ureticinin-yuzu-guluyor-uretim-artiyor","status":"publish","type":"post","link":"https:\/\/akdenizolaygazetesi.com\/?p=19223","title":{"rendered":"B\u00dcY\u00dcK\u015eEH\u0130R&#8217;\u0130N DESTEKLER\u0130 \u0130LE MERS\u0130N&#8217;DE \u00dcRET\u0130C\u0130N\u0130N Y\u00dcZ\u00dc G\u00dcL\u00dcYOR, \u00dcRET\u0130M ARTIYOR"},"content":{"rendered":"<p>Mersin B\u00fcy\u00fck\u015fehir Belediyesi, Ba\u015fkan Vahap Se\u00e7er \u00f6nc\u00fcl\u00fc\u011f\u00fcnde kentte tar\u0131msal ve hayvansal \u00fcretimi artt\u0131rmak, \u00fcreticiye destek olmak ad\u0131na makine ekipman, fide-fidan, sulama borusu ve hayvan da\u011f\u0131t\u0131mlar\u0131n\u0131 s\u00fcrd\u00fcr\u00fcyor. Uzun vadeli projelerle hayata ge\u00e7irilen desteklerin yeni sahipleri Akdeniz, Erdemli ve Toroslar&#8217;daki \u00fcreticiler oldu. Ba\u015fkan Se\u00e7er&#8217;in kat\u0131l\u0131m\u0131yla Toroslar il\u00e7esi Dalakderesi Mahallesi&#8217;nde &#8220;Destek B\u00fcy\u00fck\u015fehir&#8217;den \u00dcretim \u00c7ift\u00e7iden&#8221; mottosuyla &#8216;Sulama Borusu, Kaz ve Makine-Ekipman Da\u011f\u0131t\u0131m T\u00f6reni&#8217; d\u00fczenlendi. Ba\u015fkan Se\u00e7er, Mersin&#8217;in \u00f6nemli tar\u0131m topraklar\u0131na sahip zengin bir kent oldu\u011funu s\u00f6yleyerek, &#8220;Allah bize her \u015feyi vermi\u015f. Denizi, d\u00fcnyan\u0131n en yak\u0131\u015f\u0131kl\u0131 Toros da\u011flar\u0131n\u0131, havas\u0131 g\u00fczel, suyunu vermi\u015f. Her \u015feyden \u00f6nemlisi \u00e7al\u0131\u015fkan, birbirine sayg\u0131l\u0131, sevgili halk\u0131n\u0131 vermi\u015f. Mersin halk\u0131; b\u00f6yle \u00e7al\u0131\u015fan, \u00fcreten, ta\u015ftan, topraktan ekme\u011fini \u00e7\u0131karan bir halkt\u0131r&#8221; dedi.<br \/>\nT\u00f6rende; Ba\u015fkan Se\u00e7er&#8217;in yan\u0131 s\u0131ra, CHP Mersin \u0130l Ba\u015fkan\u0131 Adil Aktay, Mersin Ticaret ve<br \/>\nSanayi Odas\u0131 (MTSO) Ba\u015fkan\u0131 Ayhan K\u0131z\u0131ltan, MTSO Ba\u015fkan\u0131 Hamit \u0130zol, TMMOB Ziraat M\u00fchendisleri Odas\u0131 Ba\u015fkan\u0131 Necmi Birim, G\u0131da M\u00fchendisleri Odas\u0131 Mersin \u015eube Ba\u015fkan\u0131 Yusuf De\u011firmenci, Akdeniz Ziraat Odas\u0131 Ba\u015fkan\u0131 Musa Y\u0131lmaz, Erdemli Ziraat Odas\u0131 Ba\u015fkan\u0131 Rasim \u015eahin, Dam\u0131zl\u0131k Koyun Ke\u00e7i Yeti\u015ftiricileri Birlik Ba\u015fkan\u0131 Mehmet Akdo\u011fan, Dam\u0131zl\u0131k S\u0131\u011f\u0131r Yeti\u015ftiricileri Birlik Ba\u015fkan\u0131 Nuri Demirba\u015f, Sulama Kooperatifleri Ba\u015fkanlar\u0131, Mersin B\u00fcy\u00fck\u015fehir Belediye Meclisi \u00fcyeleri, B\u00fcy\u00fck\u015fehir Belediyesi b\u00fcrokratlar\u0131 ve daire ba\u015fkanlar\u0131, siyasi parti temsilcileri, muhtarlar ve \u00e7ok say\u0131da \u00fcretici de yer ald\u0131.<br \/>\nB\u00fcy\u00fck\u015fehir&#8217;den \u00fcreticiye \u00e7ok y\u00f6nl\u00fc destek<br \/>\nMersin B\u00fcy\u00fck\u015fehir Belediyesi, \u00fcreticinin ihtiya\u00e7lar\u0131 do\u011frultusunda sulama borusu, makine ekipman ve hayvan da\u011f\u0131t\u0131m\u0131 gibi \u00e7ok y\u00f6nl\u00fc desteklerini s\u00fcrd\u00fcr\u00fcyor.  Sulama kooperatiflerine boru deste\u011fi de artarak devam ediyor. D\u00fczenlenen t\u00f6rende; Akdeniz&#8217;e 3604 metre, Erdemli&#8217;ye 4000 metre ve Toroslar&#8217;a da 5012 metre olmak \u00fczere toplamda 12 bin 616 metre hdpe borusu deste\u011fi yap\u0131ld\u0131.<br \/>\nErdemli Ziraat Odas\u0131&#8217;na 1 adet ta\u015f k\u0131rma makinesi, Toroslar il\u00e7esi Ayvagedi\u011fi Sulama Kooperatifi&#8217;ne 1 adet ceviz soyma makinesi ve Akdeniz Ziraat Odas\u0131&#8217;na 1 adet bitkisel at\u0131k k\u0131yma makinesi da\u011f\u0131t\u0131ld\u0131. Kad\u0131nlar\u0131n y\u00fck\u00fcn\u00fc hafifletecek hamur yo\u011furma makineleri de muhtarl\u0131klara teslim edildi. Toroslar&#8217;a 7, Akdeniz&#8217;e 6,  Erdemli&#8217;ye de 2 olmak \u00fczere toplam 15 adet hamur yo\u011furma makinas\u0131 verildi.<br \/>\nBu y\u0131l 35&#8217;i kad\u0131n olmak \u00fczere 50 yeti\u015ftiriciye 100&#8217;er adet kaz da\u011f\u0131t\u0131m\u0131 yap\u0131lacak. 5 \u00fcreticiye de 1000&#8217;er adet kaz verilecek. Ayr\u0131ca her yeti\u015ftiriciye, 600 kilograml\u0131k yemler de teslim edilecek.<br \/>\n &#8220;\u0130nad\u0131na \u00fcretim, inad\u0131na \u00e7al\u0131\u015faca\u011f\u0131z \u00e7ift\u00e7i olarak&#8221;<br \/>\nUlu \u00d6nder Mustafa Kemal Atat\u00fcrk&#8217;\u00fcn, &#8220;Milli ekonominin temeli ziraatt\u0131r&#8221; s\u00f6z\u00fcn\u00fc an\u0131msatarak konu\u015fmas\u0131na ba\u015flayan Ba\u015fkan Se\u00e7er, pandemi s\u00fcreci ve Ukrayna&#8217;da ya\u015fanan sava\u015f\u0131n, tar\u0131m\u0131n de\u011ferini ortaya koyan son d\u00f6nemlerin en \u00f6nemli iki \u00f6rne\u011fi oldu\u011funu vurgulad\u0131. Ba\u015fkan Se\u00e7er, \u015f\u00f6yle devam etti:<br \/>\n&#8220;Cebinizde paran\u0131z da olsa size mal satan yoksa a\u00e7 kal\u0131rs\u0131n\u0131z. Halk\u0131n\u0131z\u0131 da a\u00e7 b\u0131rak\u0131rs\u0131n\u0131z. Ukrayna sava\u015f\u0131 var. Cebimizde dolar var. Rusya bu\u011fday ihracat\u0131n\u0131 durdurdu. T\u00fcrkiye \u00f6nemli bir miktarda o b\u00f6lgeden bu\u011fday, ay\u00e7i\u00e7e\u011fi al\u0131yor. \u015eimdi nas\u0131l olacak? A\u00e7 m\u0131 kalaca\u011f\u0131z? A\u00e7 kalmamak i\u00e7in \u00fcretmemiz laz\u0131m. Kimseye mahkum olmamak i\u00e7in, muhta\u00e7 olmamak i\u00e7in \u00e7al\u0131\u015fmam\u0131z laz\u0131m, \u00fcretmemiz laz\u0131m, kanaat etmemiz laz\u0131m. Sadakatle, sab\u0131rla \u00fcretmek, \u00fcretmek, \u00fcretmek. Bu hak indinde olmas\u0131 gereken. Ama kanaatle, sab\u0131rla, sebatla \u00fcreten yurtta\u015flar\u0131na da biz y\u00f6netenler, onlara onlar\u0131n lay\u0131k oldu\u011fu deste\u011fi vermek zorunday\u0131z. Hayat pahal\u0131, enflasyon \u00e7ok y\u00fcksek. Bug\u00fcn satt\u0131\u011f\u0131n \u00fcr\u00fcn\u00fcn paras\u0131n\u0131 al\u0131p cebine koyuyorsun, gelecek y\u0131l \u00fcretece\u011fin \u00fcr\u00fcn\u00fcn tohumunu, g\u00fcbresini, mazotunu alamazs\u0131n. \u00dcretim olur mu? Olmaz. Bunun bir dengede olmas\u0131 laz\u0131m. D\u00fcnyan\u0131n neresine giderseniz gidin, her devlet, her h\u00fck\u00fcmet \u00fcreticisini desteklemek zorundad\u0131r. Yoksa \u00fcretim olmaz, yoksa millet a\u00e7 kal\u0131r. \u00c7ift\u00e7inin yan\u0131nda olaca\u011f\u0131z, \u00e7ift\u00e7iyi destekleyece\u011fiz. Mazot deste\u011fi verece\u011fiz, g\u00fcbre deste\u011fi verece\u011fiz, \u00fcr\u00fcn\u00fcn al\u0131mlar\u0131nda al\u0131m destekleri verece\u011fiz. \u00c7ift\u00e7inin ayakta kalmas\u0131n\u0131 sa\u011flayaca\u011f\u0131z. \u00c7ift\u00e7i deyip, \u00e7ift\u00e7ilik deyip ge\u00e7meyin; k\u00f6y deyip, k\u00f6yl\u00fcl\u00fck deyip ge\u00e7meyin, k\u00fc\u00e7\u00fcmsemeyin ha sak\u0131n. Tar\u0131m dedi\u011finiz; T\u00fcrkiye&#8217;de 20 milyon hektar i\u015flenen tar\u0131m alan\u0131 var. Az verimli, orta verimli, \u00e7ok verimli. Bu \u00fcretimi yapan insanlar\u0131n toplam n\u00fcfustaki oran\u0131 her 4 ki\u015fiden biri, en az %25&#8217;i. Siz tar\u0131m\u0131 bitirdi\u011finiz zaman \u00e7ift\u00e7inin, k\u00f6yl\u00fcn\u00fcn \u00e7ocu\u011fu belediyenin kap\u0131s\u0131na dayan\u0131r. \u0130\u015f ister, sokakta i\u015fsiz gezer, a\u00e7 gezer. O zaman siz bu milleti durduramazs\u0131n\u0131z. Sosyal problemlere neden olursunuz. Evet, inad\u0131na \u00fcretim, inad\u0131na \u00e7al\u0131\u015faca\u011f\u0131z \u00e7ift\u00e7i olarak.&#8221;<br \/>\n&#8220;\u0130nad\u0131na, &#8216;Ben do\u011fru yap\u0131yorum&#8217; demememiz laz\u0131m&#8221;<br \/>\n\u00c7ift\u00e7ili\u011fin b\u00fcy\u00fck emek gerektirdi\u011fini ifade eden Ba\u015fkan Se\u00e7er, &#8220;\u00c7ift\u00e7inin kazand\u0131\u011f\u0131 para anas\u0131n\u0131n ak s\u00fct\u00fc gibi helaldir. Ya\u011fmur demez, \u00e7amur demez, f\u0131rt\u0131na demez, boran demez, \u00e7ocu\u011fum hasta demez. \u00c7ocu\u011funa ila\u00e7 almaz, gider a\u011fac\u0131na atmak i\u00e7in ilac\u0131n\u0131 al\u0131r.  &#8216;\u00c7ocu\u011fuma daha sonra al\u0131r\u0131m. Hele \u015fimdi idare edeyim&#8217; der. \u015eimdi b\u00f6yle bir helal kazan\u00e7. Biz ne yap\u0131yoruz B\u00fcy\u00fck\u015fehir Belediyesi olarak? H\u00fck\u00fcmet olsayd\u0131k Vahap Se\u00e7er olarak farkl\u0131 konu\u015furdum. Derdim ki, &#8216;Tar\u0131m politikalar\u0131 \u015fu \u015fekilde olmal\u0131, bu \u015fekilde olmal\u0131&#8217;. H\u00fck\u00fcmetimi de uyar\u0131rd\u0131m, bakan\u0131 da uyar\u0131rd\u0131m. Ben tar\u0131m komisyonunda g\u00f6rev yapm\u0131\u015f bir parlamenterim. Plan b\u00fct\u00e7e komisyonunda g\u00f6rev yapm\u0131\u015f bir parlamenterim. Tar\u0131m\u0131 da, tar\u0131mda \u00fcretimin ne oldu\u011funu da, tar\u0131m desteklerini de pek\u00e2l\u00e2 bilirim. Gidi\u015fat do\u011fru mu? Tart\u0131\u015f\u0131l\u0131r. Vatanda\u015f, \u00e7ift\u00e7i, \u00fcretici, &#8216;\u00c7ok \u015f\u00fck\u00fcr, bereket versin&#8217; diyorsa s\u00f6yleyecek hi\u00e7bir laf\u0131m\u0131z yok. Ama az \u00f6nce s\u00f6yledi\u011fim gibi, &#8216;Satt\u0131\u011f\u0131m \u00fcr\u00fcnden ald\u0131\u011f\u0131m parayla, bir dahaki y\u0131l\u0131n \u00fcretimini yapam\u0131yorum, evimin ge\u00e7imini sa\u011flayam\u0131yorum&#8217; dedi\u011fi noktada kafam\u0131z\u0131 \u00f6n\u00fcm\u00fcze e\u011fip bir d\u00fc\u015f\u00fcnmemiz laz\u0131m. \u0130nad\u0131na, &#8216;Ben do\u011fru yap\u0131yorum&#8217; demememiz laz\u0131m. Ben Mersin B\u00fcy\u00fck\u015fehir Belediye Ba\u015fkan\u0131y\u0131m&#8221; diye konu\u015ftu.<br \/>\n&#8220;Mersin \u00f6nemli tar\u0131m topraklar\u0131na ve imkanlar\u0131na sahip bir ilimizdir&#8221;<br \/>\n\u00dcreticilere B\u00fcy\u00fck\u015fehir Belediye Meclisi&#8217;ni takip etmeleri \u00e7a\u011fr\u0131s\u0131 yapan Ba\u015fkan Se\u00e7er, &#8220;Meclisi canl\u0131 izleyin. \u0130zliyor musunuz? \u0130zlemiyorsan\u0131z hata yap\u0131yorsunuz. Verdi\u011finiz oya sayg\u0131s\u0131zl\u0131k yap\u0131yorsunuz. Verdi\u011finiz oya sayg\u0131 g\u00f6stermek i\u00e7in, verdi\u011finiz oy kar\u015f\u0131l\u0131\u011f\u0131nda Meclise g\u00f6nderdi\u011finiz Meclis \u00fcyelerini, verdi\u011finiz oy kar\u015f\u0131l\u0131\u011f\u0131nda se\u00e7ti\u011finiz belediye ba\u015fkan\u0131n\u0131n ne yapt\u0131\u011f\u0131n\u0131 denetlemeniz laz\u0131m. Cumhurba\u015fkan\u0131n\u0131n ne yapt\u0131\u011f\u0131n\u0131, h\u00fck\u00fcmetin ne yapt\u0131\u011f\u0131n\u0131 denetlemeniz laz\u0131m. Bizlerin de sizlere hesap vermesi laz\u0131m. Hep s\u00f6yl\u00fcyorum, T\u00fcrkiye kimsenin babas\u0131n\u0131n \u00e7iftli\u011fi de\u011fil. Mahkeme kad\u0131ya m\u00fclk de\u011fil. Bu koltuk benim babam\u0131n mal\u0131 de\u011fil; Mersin B\u00fcy\u00fck\u015fehir Belediye Ba\u015fkanl\u0131\u011f\u0131 koltu\u011fu. G\u00f6revimi yapt\u0131\u011f\u0131m s\u00fcrece, insanlar\u0131n te\u015fekk\u00fcr\u00fcn\u00fc, hay\u0131r duas\u0131n\u0131 ald\u0131\u011f\u0131m s\u00fcrece, onlar\u0131 mutlu etti\u011fim s\u00fcrece o koltuk i\u00e7in bana destek olur. Ama hata yaparsam, belediyeyi zarara u\u011frat\u0131rsam, israf edersem, size getirdi\u011fim 10 liral\u0131k hizmeti bin liraya yaparsam, belediyeyi \u00e7\u00f6kertirsem, \u00fclkeyi bat\u0131r\u0131rsam o koltukta bir daha bir saniye kalmamam laz\u0131m. Zaten bunun karar\u0131n\u0131 verecek olan da halkt\u0131r, sand\u0131kt\u0131r. Sizin o koltukta bizleri bir saniye dahi oturtturmaman\u0131z laz\u0131m. Demokrasi b\u00f6yle bir \u015feydir&#8221; ifadelerini kulland\u0131.<br \/>\nMersin&#8217;in \u00f6nemli bir \u00fcretim ve tar\u0131m b\u00f6lgesi oldu\u011funun bilinciyle hareket ettiklerinin alt\u0131n\u0131 \u00e7izen Ba\u015fkan Se\u00e7er, &#8220;Mersin \u00f6nemli tar\u0131m topraklar\u0131na ve imkanlar\u0131na sahip bir ilimizdir. T\u00fcrkiye&#8217;nin en de\u011ferli illerinin ba\u015f\u0131nda gelir. Allah bize her \u015feyi vermi\u015f. Denizi, d\u00fcnyan\u0131n en yak\u0131\u015f\u0131kl\u0131 Toros da\u011flar\u0131n\u0131, havas\u0131 g\u00fczel, suyunu vermi\u015f. Her \u015feyden \u00f6nemlisi \u00e7al\u0131\u015fkan, birbirine sayg\u0131l\u0131, sevgili halk\u0131n\u0131 vermi\u015f. Mersin halk\u0131; b\u00f6yle \u00e7al\u0131\u015fan, \u00fcreten, ta\u015ftan, topraktan ekme\u011fini \u00e7\u0131karan bir halkt\u0131r&#8221; diye konu\u015ftu.<br \/>\n&#8220;Kad\u0131nlar\u0131m\u0131z evin dire\u011fidir. \u00dclkenin de dire\u011fi kad\u0131nlar\u0131m\u0131zd\u0131r&#8221;<br \/>\nProjelerde kad\u0131nlara pozitif ayr\u0131mc\u0131 bir anlay\u0131\u015fla yakla\u015ft\u0131klar\u0131n\u0131 ve Belediye kademelerinde de ayn\u0131 anlay\u0131\u015f\u0131 y\u00fcr\u00fctt\u00fcklerini ifade eden Ba\u015fkan Se\u00e7er, &#8220;Neden biliyor musunuz? Kad\u0131nlar\u0131m\u0131z evin dire\u011fidir. \u00dclkenin de dire\u011fi kad\u0131nlar\u0131m\u0131zd\u0131r. Ulusal kurtulu\u015f sava\u015f\u0131nda Ulu \u00d6nder Mustafa Kemal Atat\u00fcrk, ulusal kurtulu\u015f m\u00fccadelesini s\u00fcrd\u00fcr\u00fcrken ona el veren, destek veren kad\u0131nlar\u0131m\u0131zd\u0131. Kad\u0131nlar\u0131m\u0131z d\u00fc\u015fmanla g\u00f6\u011f\u00fcs g\u00f6\u011f\u00fcse m\u00fccadele etti. \u015eimdi de bak\u0131yorum tarlada, ah\u0131rda \u00e7al\u0131\u015fan kad\u0131nlar\u0131m\u0131z. Onun i\u00e7in onlar\u0131n emeklerine sa\u011fl\u0131k, y\u00fcreklerine sa\u011fl\u0131k&#8221; dedi.<br \/>\n&#8220;Kazlar\u0131m\u0131z, T\u00fcrkiye&#8217;nin en \u00f6nemli zincir marketlerinde &#8216;Mersinden&#8217; markas\u0131yla sat\u0131ld\u0131&#8221;<br \/>\nAkdeniz, Erdemli ve Toroslar il\u00e7elerine verilen destekler hakk\u0131nda bilgiler payla\u015fan Ba\u015fkan Se\u00e7er, &#8220;Bug\u00fcn burada Toroslar, Erdemli ve Akdeniz il\u00e7elerimizin \u00fcreticilerine sulama borusu ile baz\u0131 alet ekipmanlar verece\u011fiz. Nedir bunlar? Ceviz soyma, ta\u015f k\u0131rma ve hamur yo\u011furma makinesi. Bunlardan en \u00f6nemlisi bence hamur yo\u011furma makinesi. Kad\u0131nlar\u0131n i\u015flerini kolayla\u015ft\u0131r\u0131yor. B\u00f6ylece sabah\u0131n k\u00f6r karanl\u0131\u011f\u0131nda kalkma derdi de ortadan kalk\u0131yor. Bir de ge\u00e7en y\u0131l ba\u015flad\u0131\u011f\u0131m\u0131z, hani bu sadece Kars&#8217;ta kaz yeti\u015fir diyorlar ya sanki ba\u015fka memlekette kaz yeti\u015fmezmi\u015f. Vallahi biz \u00fcreticilerimizle ge\u00e7en y\u0131l yeti\u015ftirdik ve T\u00fcrkiye&#8217;nin en b\u00fcy\u00fck, en \u00f6nemli zincir marketlerinde de gayet g\u00fczel &#8216;Mersinden&#8217; markas\u0131yla sat\u0131ld\u0131. Yiyenlere afiyet, \u015feker olsun. \u00dcreticilerimiz i\u00e7in de Allah bereket versin. Demek ki \u00e7al\u0131\u015f\u0131nca her yerde oluyor&#8221; diye belirtti.<br \/>\n&#8220;Bu \u00fcretimler kad\u0131nlar\u0131m\u0131za muazzam destek sa\u011fl\u0131yor&#8221;<br \/>\nBu y\u0131l 35&#8217;i kad\u0131n toplam 50 yeti\u015ftiricinin her birine 100 kaz vereceklerini belirten Ba\u015fkan Se\u00e7er, &#8220;Ayr\u0131ca belediyemizin de i\u00e7inde oldu\u011fu 1000&#8217;er adetlik \u00fcretim yapaca\u011f\u0131z, bu kad\u0131nlar\u0131m\u0131z\u0131n yan\u0131nda. Her yeti\u015ftiricimize de yem deste\u011fi verece\u011fiz, 600 kilogram. Bu \u00fcretimler kad\u0131nlar\u0131m\u0131za muazzam destek sa\u011fl\u0131yor. Onlar da kendilerini iyi hissediyor. Diyor ki &#8216;Bak ben de \u00e7al\u0131\u015f\u0131yorum, ben de kazan\u0131yorum. Kocam\u0131n eline bakm\u0131yorum. \u00c7ocu\u011fuma har\u00e7l\u0131k verirken kendi kazanc\u0131mdan oldu\u011fu i\u00e7in daha \u00e7ok ho\u015fuma gidiyor.&#8217; Ben kad\u0131n \u00fcreticilerle konu\u015ftum. Bana b\u00f6yle s\u00f6ylediler. &#8216;Kendim \u00e7al\u0131\u015ft\u0131\u011f\u0131m zaman, kocamdan ald\u0131\u011f\u0131m har\u00e7l\u0131ktan benim i\u00e7in daha de\u011ferli. Hele hele bunu \u00e7ocu\u011fa har\u00e7l\u0131k olarak verdi\u011fim zaman de\u011fme keyfime&#8217; diyorlar. Bana kad\u0131nlar\u0131m\u0131z s\u00f6yl\u00fcyor. Do\u011fru mu s\u00f6yl\u00fcyorlar? Do\u011fru s\u00f6yl\u00fcyorlar tabii. S\u00f6yledi\u011fim gibi bu \u00fcretimi ge\u00e7en y\u0131l da yapm\u0131\u015ft\u0131k, in\u015fallah gelecek sene de bunu devam ettirece\u011fiz&#8221; diye konu\u015ftu.<br \/>\n&#8220;Belediyemiz T\u00fcrkiye&#8217;nin en \u00f6nemli, en de\u011ferli, en g\u00fc\u00e7l\u00fc belediyelerden biridir&#8221;<br \/>\nDolar kurunun y\u00fckseldi\u011fini ve bunun tar\u0131m girdi maliyetlerine etkisini de\u011ferlendiren Ba\u015fkan Se\u00e7er, \u015funlar\u0131 s\u00f6yledi:<br \/>\n&#8220;B\u00fct\u00fcn \u00e7ift\u00e7ilerimizin girdilerini etkiliyor. Akaryak\u0131t\u0131 ba\u015fta; g\u00fcbreyi, ithal tohum al\u0131yorsan\u0131z ithal tohumu, akl\u0131n\u0131za ne geliyorsa, zirai ilac\u0131, s\u0131v\u0131 g\u00fcbreyi. Hepsini etkiliyor. Bug\u00fcn da\u011f\u0131taca\u011f\u0131m\u0131z sulama borular\u0131n\u0131n fiyatlar\u0131n\u0131 da etkiliyor. Biz bug\u00fcn burada 19 bin metre, yani 19 kilometre sulama borusu deste\u011fi yapaca\u011f\u0131z. 2020 y\u0131l\u0131nda 60 kilometre, 60 bin metre da\u011f\u0131tm\u0131\u015ft\u0131k. 2020-2021 pandemi d\u00f6nemi, kriz d\u00f6nemi hat\u0131rlay\u0131n. 57 bin metre 2021&#8217;de da\u011f\u0131tt\u0131k. Bu y\u0131lda toplam 62 bin metre. Bunlar\u0131n 45 bin metresi de bug\u00fcn da\u011f\u0131t\u0131m\u0131n\u0131 yapaca\u011f\u0131m\u0131z hdpe. Kalan k\u0131sm\u0131 da \u00e7elik boru olacak. Biz bu projeye ba\u015flad\u0131\u011f\u0131m\u0131zda 1 liraya ald\u0131\u011f\u0131m\u0131z boru \u015fu anda ka\u00e7 lira biliyor musunuz? 7 lira, 8 lira. 6 kat, 7 kat, 8 kat fiyat fark\u0131 var. Ama bizim belediyenin bir \u00f6zelli\u011fi var. 3 y\u0131ll\u0131k Belediye Ba\u015fkan\u0131n\u0131z vatanda\u015f\u0131na konu\u015furken, Meclis&#8217;te konu\u015furken, bir yerde bir bilgi aktar\u0131rken, hi\u00e7bir zaman \u015funu s\u00f6ylemedi. &#8216;Ben k\u00f6y yollar\u0131n\u0131 yapamam. \u00c7\u00fcnk\u00fc param yok. Ben tar\u0131ma destek veremem. \u00c7\u00fcnk\u00fc param yok. Ben belediye otob\u00fcslerini seferden \u00e7ekece\u011fim. \u00c7\u00fcnk\u00fc mazot \u00e7ok pahal\u0131, toplu ta\u015f\u0131ma cebimizden \u00e7ok para al\u0131yor, \u00e7ok zarar ediyor. Ben bundan sonra toplu ta\u015f\u0131madan \u00e7ekiliyorum. Ben fakir bir belediyeyim. Ben hizmet yapamam. H\u00fck\u00fcmet beni desteklemiyor. Bug\u00fcne kadar Belediye Ba\u015fkan\u0131n\u0131z b\u00f6yle bir laf s\u00f6ylemedi. Bunu benden duyan oldu mu? Duyamazs\u0131n\u0131z. Allah ak\u0131l vermi\u015f, fikir vermi\u015f. Vatanda\u015flar da bana oy vermi\u015f. Hem ak\u0131l, fikir, bir de destek. Yani bir mant\u0131k, bir de manevi bir g\u00fc\u00e7 var. Kalben bir destek, bir sorumluluk omuzlar\u0131m\u0131zda. Belediyemiz T\u00fcrkiye&#8217;nin en \u00f6nemli, en de\u011ferli, en g\u00fc\u00e7l\u00fc belediyelerden biridir. Bunu hayk\u0131rarak s\u00f6yl\u00fcyorum. Vatanda\u015flar\u0131m\u0131n her t\u00fcrl\u00fc ihtiyac\u0131 kar\u015f\u0131lanacakt\u0131r. Yak\u0131\u015f\u0131\u011f\u0131 yap\u0131lacakt\u0131r. &#8216;Elimizden gelen budur&#8217; \u00f6yle bir s\u00f6ylemimiz olamaz. Elimizden gelir evelallah. \u0130sraf yok. 1 liral\u0131k mal\u0131 3 liraya almak yok. Do\u011fru yat\u0131r\u0131mlar var, gereksiz yat\u0131r\u0131mlar yok. Onun i\u00e7in belediye t\u0131k\u0131r, t\u0131k\u0131r, t\u0131k\u0131r, t\u0131k\u0131r \u00e7al\u0131\u015f\u0131yor \u00e7ok \u015f\u00fck\u00fcr. Kalan 2 y\u0131ll\u0131k g\u00f6rev s\u00fcremiz i\u00e7erisinde de Allah bizi mahcup etmesin. Ba\u015flad\u0131\u011f\u0131m\u0131z g\u00fcnden bug\u00fcne yapt\u0131\u011f\u0131m\u0131z hizmetlerin iki kat\u0131n\u0131 alacaks\u0131n\u0131z. Biz ne yapt\u0131\u011f\u0131m\u0131z\u0131n fark\u0131nday\u0131z, ama evelallah kalan 2 y\u0131lda \u00e7ok daha s\u00fcratli, \u00e7ok daha h\u0131zl\u0131 hizmetleri sizlere ula\u015ft\u0131raca\u011f\u0131z. Toroslara bug\u00fcn da\u011f\u0131t\u0131lacak boru miktar\u0131n\u0131 s\u00f6yleyeyim. 5012 metre. Erdemli&#8217;ye 4000 metre. Akdeniz&#8217;e de 3604 metre. Bunlar hdpe borular. \u00c7elik borular geldi\u011finde de Toroslara 2960 metre, Erdemli&#8217;ye 3500 metre olmak \u00fczere 6.460 metre daha \u00e7elik boru da\u011f\u0131lm\u0131\u015f olacak ve toplam 19 bin 76 metre sulama borusu da\u011f\u0131t\u0131m\u0131 tamamlanm\u0131\u015f olacak&#8221;<br \/>\n&#8220;Biz asla ayr\u0131mc\u0131l\u0131k yapmayaca\u011f\u0131z, yapamay\u0131z&#8221;<br \/>\n\u00dcreticiyi destekleyen hizmetlerde ayr\u0131mc\u0131l\u0131\u011fa asla izin vermediklerini vurgulayan Ba\u015fkan Se\u00e7er, &#8220;Alt\u0131n\u0131 karakalemle \u00e7iziyorum. Hi\u00e7bir ayr\u0131m yapmadan; bu senin partilin, bu benim partilim, hepimiz bu al bayrak alt\u0131nda ya\u015f\u0131yoruz. Bizim b\u00f6lgemiz, etnik k\u00f6kenimiz, mezhebimiz, me\u015frebimiz, siyasi g\u00f6r\u00fc\u015f\u00fcm\u00fcz ne olursa olsun hepimiz karde\u015fiz. Biz ayr\u0131mc\u0131l\u0131k yapamay\u0131z. Biz asla ayr\u0131mc\u0131l\u0131k yapmayaca\u011f\u0131z, yapamay\u0131z&#8221; diye belirtti.<br \/>\nMakine-ekipman desteklerini anlatan Ba\u015fkan Se\u00e7er, &#8220;Erdemli&#8217;ye 1 adet ta\u015f k\u0131rma makinesi hay\u0131rl\u0131 olsun. Toroslara, Ayvagedi\u011fi Sulama Kooperatifi&#8217;ne ceviz soyma makinesi. Akdeniz Ziraat Odas\u0131&#8217;na 1 adet dal budak k\u0131yma makinesi. Sizlere de hay\u0131rl\u0131 u\u011furlu olsun. \u015eimdi as\u0131l \u00f6nemli olan bac\u0131lar\u0131m i\u00e7in hamur yo\u011furma makinesi. Bu t\u00f6rende 7 adet Toroslar&#8217;a, 6 adet Akdeniz&#8217;e, 2 adet de Erdemli&#8217;ye g\u00f6nderiyoruz. Toplam 80 adet da\u011f\u0131taca\u011f\u0131z burada. \u015e\u00f6yle yap\u0131yoruz. Hi\u00e7 se\u00e7im yok. Kim m\u00fcracaat ediyorsa, hangi k\u00f6y m\u00fcracaat ediyorsa; tabii bu imece usul\u00fc kullan\u0131lacak, herkes kullanacak bunu. Muhtara teslim ediyoruz. Bac\u0131lar\u0131ma da hay\u0131rl\u0131 u\u011furlu olsun&#8221; dedi.<br \/>\n\u00dcreticiye destek vermeye devam edeceklerini dile getiren Ba\u015fkan Se\u00e7er, \u015fu ifadeleri kulland\u0131:<br \/>\nBir \u00f6nemli destek kalemimiz de fide fidan deste\u011fi. Hatta nergis so\u011fan\u0131. Bu b\u00f6lgelere de veriyoruz. Bak\u0131n; 2020 y\u0131l\u0131nda 376 bin adet da\u011f\u0131tm\u0131\u015f\u0131z. 2021&#8217;de 427 bin. Bu y\u0131lda 350 bin talep olmu\u015f. Talep do\u011frultusunda yap\u0131yoruz. Bu y\u0131l neler da\u011f\u0131tt\u0131k biliyor musunuz? Hem \u015fu anda hepsi topra\u011fa indi. Ada\u00e7ay\u0131 fidesi bile da\u011f\u0131tt\u0131k. Farkl\u0131 \u00fcr\u00fcnlere girmek laz\u0131m. Raf de\u011feri daha y\u00fcksek, katma de\u011feri y\u00fcksek, al\u0131\u015f\u0131lm\u0131\u015f\u0131n d\u0131\u015f\u0131nda. Avokado \u00e7ok para kazand\u0131ran bir \u00fcr\u00fcn. Aile i\u015fletmelerine de uygun. Yani bir k\u00f6yde evin \u00f6n\u00fcne 3-5 a\u011fa\u00e7 dikilsin, emin olun evdeki \u00e7ocuklar\u0131n e\u011fitim masraf\u0131n\u0131 kar\u015f\u0131lars\u0131n\u0131z. Ada\u00e7ay\u0131 fidesini 70 bin adet da\u011f\u0131tm\u0131\u015f\u0131z, \u015fu anda toprakla bulu\u015fmu\u015f. Passiflora bu da yeni bir tropikal bitki. Bu da \u00e7ok \u00f6nemli meyve. Bunun da al\u0131c\u0131s\u0131 \u00e7ok. Manavda pazar de\u011feri \u00e7ok. 7 bin 375 adet da\u011f\u0131tm\u0131\u015f\u0131z. Avokado fidan\u0131 3 bin 865 adet da\u011f\u0131tm\u0131\u015f\u0131z. 6 bin 135 adet daha da\u011f\u0131taca\u011f\u0131z. Yani yakla\u015f\u0131k o da 10 bin adet olacak. Yine al\u0131\u00e7 fidan\u0131 5 bin 300 adet. Ceviz fidan\u0131 20 bin adet da\u011f\u0131taca\u011f\u0131z. \u0130ncir fidan\u0131 15 bin adet. Harnup fidan\u0131 4 bin adet. Badem fidan\u0131 15 bin adet. Lavanta fidesi ve nergis so\u011fan\u0131, her birinden 100 bin adet. \u00dcrettik\u00e7e kazanaca\u011f\u0131z. Her k\u00f6yde bu \u00fcretimi yapacak kad\u0131nlar\u0131m\u0131z\u0131n, \u00fcreticilerimizin \u00e7iftli\u011fine, evine bu yard\u0131mlar\u0131, katk\u0131lar\u0131, destekleri yapt\u0131\u011f\u0131m\u0131z s\u00fcrece emin olun belirli bir s\u00fcre sonra kentimizin refah d\u00fczeyi artar. Bize gelen k\u00f6t\u00fcl\u00fck bo\u015fluktan gelir. \u00dcretmemezlikten gelir. G\u00fc\u00e7l\u00fc \u00fclkelerin s\u00f6m\u00fcrgesi oluruz. Onun i\u00e7in \u00fcretmek esas olacak. Hepimiz i\u00e7in.&#8221;<br \/>\n&#8220;13 il\u00e7emizde 60 \u00fcreticimiz bizden 1500 hayvan\u0131n\u0131 alacak&#8221;<br \/>\nSerac\u0131lara bu y\u0131l da s\u00fcrecek destekleri anlatan Ba\u015fkan Se\u00e7er, &#8220;Hem mikrobiyal g\u00fcbre da\u011f\u0131taca\u011f\u0131z, 225 \u00fcreticiye. Yine sera naylonu toplam 48 ton. Sera ipi toplamda 12 ton. Sar\u0131 yap\u0131\u015fkan tuzak; bu beyazsinek zararl\u0131s\u0131 var biliyorsunuz. Bunlar seralarda da zarar veriyor. Bunu da 700 \u00fcreticimize bu y\u0131l da\u011f\u0131t\u0131m\u0131n\u0131 ger\u00e7ekle\u015ftirece\u011fiz&#8221; dedi.<br \/>\nBa\u015fkan Se\u00e7er, tar\u0131msal alanda b\u00fcy\u00fck takdir toplayan ve T\u00fcrkiye&#8217;ye \u00f6rnek g\u00f6rd\u00fc\u011f\u00fc &#8216;Haydi Gel K\u00f6y\u00fcm\u00fcze Destek Verelim&#8217; projesine de de\u011findi. Ba\u015fkan Se\u00e7er, &#8220;2 y\u0131lda 3 bin hayvan verdi\u011fimiz 120 \u00fcreticimizin 63 \u00fcreticisi kad\u0131nlar\u0131m\u0131z, bac\u0131lar\u0131m. Ellerine sa\u011fl\u0131k \u00e7al\u0131\u015f\u0131yorlar. Yine bu y\u0131l da\u011f\u0131t\u0131mlar\u0131na bayramdan \u00f6nce ba\u015flayaca\u011f\u0131z. Bayram arifesinde bayram hediyesi olarak, \u00fcreticilerimiz tespit edildi. 13 il\u00e7emizde 60 \u00fcreticimiz bizden 1500 hayvan\u0131n\u0131 alacak. Ellerine kollar\u0131na sa\u011fl\u0131k, bereket versin. \u0130n\u015fallah her eme\u011fimizin kar\u015f\u0131l\u0131\u011f\u0131n\u0131 al\u0131r\u0131z&#8221; diye konu\u015ftu.<br \/>\n&#8220;Daha bir\u00e7ok k\u00f6y\u00fc \u00f6rnek k\u00f6y haline getirece\u011fiz&#8221;<br \/>\n\u00d6rnek k\u00f6ylere \u00f6rnek i\u015fler yap\u0131ld\u0131\u011f\u0131n\u0131 da kaydeden Ba\u015fkan Se\u00e7er, son olarak \u015funlar\u0131 s\u00f6yledi:<br \/>\n&#8220;Bir \u00f6rnek proje \u00e7al\u0131\u015ft\u0131k. Dar\u0131sekisi \u00d6rnek K\u00f6y\u00fc. Bu b\u00f6lgeye de \u00f6rnek olacak. Ama bunla kalmayacak. Daha bir\u00e7ok k\u00f6y\u00fc \u00f6rnek k\u00f6y haline getirece\u011fiz. \u00dcretim olsun. Orada gelenekler, g\u00f6renekler ya\u015fas\u0131n. \u0130nsanlar gelenekleri, g\u00f6renekleriyle ya\u015far. Yoksa makine gibi olur. \u0130nsan\u0131n maneviyat\u0131, gelene\u011fi, ge\u00e7mi\u015fi, tarihi olur. Bunlar\u0131 unutmaz, unutturmaz. \u00c7ocuklar\u0131na yans\u0131t\u0131r. Bu \u00f6rnek k\u00f6ylerin b\u00f6yle bir \u00f6zelli\u011fi var. \u00d6rnek k\u00f6y deyip ge\u00e7meyin. Soka\u011f\u0131, binalar\u0131 boyad\u0131lar. \u0130nsanlar\u0131n gelip oturaca\u011f\u0131 s\u0131kma-b\u00f6rek yiyece\u011fi, ayran i\u00e7ece\u011fi yer yapt\u0131lar de\u011fil. Onun ruhu bir ba\u015fka. Biz istiyoruz ki sadece T\u00fcrkiye&#8217;nin her yerinden de\u011fil, d\u00fcnyan\u0131n her yerinden turistler gelsin bu b\u00f6lgelere. Bu k\u00f6ylerimizi gezsin. Avrupa&#8217;da bu b\u00f6yle. Biz biraz geriden gidiyoruz. \u00d6zellikle Mersin, turizmde geli\u015fsin, insanlar gelsin, tan\u0131s\u0131n. Kentimin g\u00fczelliklerini g\u00f6rs\u00fcn. Bizlerin g\u00fczelliklerini g\u00f6rs\u00fcn. Bu insanlar\u0131n kalbinin temizli\u011fini g\u00f6rs\u00fcn. B\u00fct\u00fcn k\u00fclt\u00fcrlerin burada nas\u0131l bir arada karde\u015f\u00e7e ya\u015fad\u0131\u011f\u0131n\u0131 g\u00f6rs\u00fcn. Bizim arzumuz, iste\u011fimiz, \u00e7abam\u0131z bu y\u00f6nde.&#8221;<br \/>\nK\u0131z\u0131ltan: &#8220;Say\u0131n Ba\u015fkan\u0131m\u0131z, ihtiya\u00e7lar\u0131n\u0131z\u0131 ger\u00e7ekten \u00e7ok iyi tespit ediyor&#8221;<br \/>\nMersin Ticaret ve Sanayi Odas\u0131 Ba\u015fkan\u0131 Ayhan K\u0131z\u0131ltan, Mersin B\u00fcy\u00fck\u015fehir Belediye Ba\u015fkan\u0131 Vahap Se\u00e7er&#8217;in ziraat m\u00fchendisi olmas\u0131ndan kaynakl\u0131 \u00e7ift\u00e7inin sorunlar\u0131n\u0131 daha iyi anlad\u0131\u011f\u0131n\u0131 belirterek, &#8220;Say\u0131n Ba\u015fkan\u0131m\u0131z sizlerin heyecan\u0131n\u0131, iste\u011fini, ihtiya\u00e7lar\u0131n\u0131z\u0131 ger\u00e7ekten \u00e7ok iyi tespit ediyor. Belki sizler dile getirmeden o neye ihtiyac\u0131n\u0131z oldu\u011funu hissediyor, ona g\u00f6re planl\u0131yor. Nerden biliyoruz? Biz s\u0131k s\u0131k Say\u0131n Ba\u015fkan\u0131mla bir arada oluyoruz. Bunlar\u0131 da hep kendisi bize anlat\u0131yor. Hakikaten \u00e7ok \u015fansl\u0131s\u0131n\u0131z. K\u0131rsal, ger\u00e7ekten bizler i\u00e7in \u00e7ok \u00f6nemli. Ge\u00e7en sene burada yine bir da\u011f\u0131t\u0131m t\u00f6renine gelmi\u015ftik. \u015eimdi yine bir t\u00f6rene geldik. Ben y\u0131llard\u0131r hakikaten b\u00f6yle bir \u015fey g\u00f6rmedim. Belediyeler olarak g\u00f6rmedim. Ger\u00e7ekten Say\u0131n Ba\u015fkan\u0131m size te\u015fekk\u00fcr ediyoruz. \u00c7it\u00e7ilerimiz al\u0131n teriyle, analar\u0131n\u0131n ak s\u00fct\u00fc gibi helal bu desteklerle, yard\u0131mlarla bizlere \u00fcretecekler. Para kazanacaklar. K\u00f6ylerini geli\u015ftirecekler&#8221; dedi.<br \/>\nUlu \u00d6nder Mustafa Kemal Atat\u00fcrk&#8217;\u00fcn &#8216;Milli ekonominin temeli ziraatt\u0131r&#8217; s\u00f6z\u00fcn\u00fc an\u0131msatarak konu\u015fmas\u0131na ba\u015flayan Dalakderesi Mahalle Muhtar\u0131 Muzaffer \u00c7elen, &#8220;Ba\u015fkan\u0131m\u0131n y\u00fcz\u00fc \u00e7ok g\u00fcl\u00fcyor. Her zaman toplant\u0131larda yan\u0131nday\u0131m. Ziraat m\u00fchendisi olmas\u0131ndan dolay\u0131 ziraata \u00e7ok \u00f6nem veriyor. Ziraat m\u00fchendisleri olmazsa bu toplum a\u00e7 kal\u0131r. Bunun da bilincinde olmam\u0131z laz\u0131m. O karde\u015flerimizle ben 27 sene \u00e7al\u0131\u015ft\u0131m. Hepsi teknik olarak \u00e7al\u0131\u015f\u0131yor. Kendilerine de ziraata ve b\u00fct\u00fcn bir mahallemiz i\u00e7in de\u011fil, b\u00fct\u00fcn mahallelere tar\u0131m konusunda vermi\u015f oldu\u011fu destekten dolay\u0131 \u015fahs\u0131m ad\u0131na \u00e7ok \u00e7ok te\u015fekk\u00fcr ediyorum&#8221; diye konu\u015ftu.<br \/>\nErdemli Karg\u0131p\u0131nar\u0131 Sulama Kooperatifi Ba\u015fkan\u0131 Hilmi Dudakl\u0131, &#8220;Bu kadar g\u00fczel bir co\u011frafyada bu kadar g\u00fczel hizmetleri g\u00f6rmek bizleri ger\u00e7ekten \u00e7ok mutlu ediyor. Say\u0131n Ba\u015fkan\u0131ma tekrar tekrar te\u015fekk\u00fcr ediyorum. Ulu \u00d6nder Mustafa Kemal Atat\u00fcrk&#8217;\u00fcn de dedi\u011fi gibi &#8216;Milli ekonominin temeli tar\u0131md\u0131r&#8217;. Ba\u015fkan\u0131ma b\u00fct\u00fcn \u00e7ift\u00e7ilerim ad\u0131na te\u015fekk\u00fcr ediyorum&#8221; ifadelerini kulland\u0131.<br \/>\nKazan\u00e7 Projesi&#8217;nden faydalanan yeti\u015ftirici Z\u00fcbeyde Sa\u011f\u0131r, &#8220;Ben G\u00f6zne&#8217;den geliyorum. \u00c7ift\u00e7iyim. Ev han\u0131m\u0131y\u0131m. Muhtarlar\u0131m\u0131z taraf\u0131ndan bu projeyi duyduk biz. Sa\u011f olsunlar. Ona da yaz\u0131ld\u0131k. \u00c7\u0131kt\u0131, \u00e7ok sevindik. Say\u0131n Ba\u015fkan\u0131ma \u00e7ok te\u015fekk\u00fcr ederim. Yemi de verdi&#8221; s\u00f6zleriyle duygular\u0131n\u0131 dile getirdi.<br \/>\nErdemli Ziraat Odas\u0131 Ba\u015fkan\u0131 Rasim \u015eahin, &#8220;Ba\u015fkan\u0131m\u0131z\u0131n da katk\u0131s\u0131yla \u00f6zellikle s\u00f6yl\u00fcyorum. Erdemli Ziraat Odam\u0131z olarak b\u00fct\u00fcn \u00e7ift\u00e7ilerimizin sizlere selam\u0131 var. \u00d6ncelikle bir an\u0131m\u0131 anlatay\u0131m. Say\u0131n B\u00fcy\u00fck\u015fehir Belediye Ba\u015fkan\u0131m ilk geldi\u011finde bizim Erdemli Ziraat Odam\u0131za u\u011fram\u0131\u015ft\u0131. Demi\u015fti ki, &#8216;Siz ne isterseniz biz onu yapaca\u011f\u0131z&#8217;. Bana da dedi ki, &#8216;Biz hay\u0131rl\u0131 olsuna geldik&#8217;. Dedim ki, &#8216;Say\u0131n Ba\u015fkan\u0131m b\u00f6yle bir temennimiz var&#8217;. &#8216;Hemen, hay hay&#8217; dedi. Tar\u0131msal daire ba\u015fkan\u0131m\u0131z\u0131 \u00e7a\u011f\u0131rd\u0131 ve dedi ki, &#8216;Hemen not al\u0131n. 2020 y\u0131l\u0131n\u0131n b\u00fct\u00e7esine hemen koyun&#8217; dedi. Kendisine \u00e7ok \u00e7ok te\u015fekk\u00fcr ediyoruz. Bize bir ta\u015f k\u0131rma makinesi hediye etti. Sa\u011f olsun, var olun Ba\u015fkan\u0131m&#8221; s\u00f6zlerini kulland\u0131.<br \/>\nAkdeniz Ziraat Odas\u0131 Ba\u015fkan\u0131 Musa Y\u0131lmaz, &#8220;De\u011ferli arkada\u015flar B\u00fcy\u00fck\u015fehir Belediyemizin tar\u0131ma ne kadar \u00f6nem verdi\u011fini buradaki manzara bizlere anlat\u0131yor. \u00c7ok fazla bir \u015fey s\u00f6ylemeye gerek yok. B\u00fcy\u00fck\u015fehir Belediyemizin de\u011ferli Ba\u015fkan\u0131 Vahap Bey&#8217;in, tar\u0131msal kimli\u011fi ile Mersin&#8217;imiz i\u00e7in ne kadar \u00f6nemli oldu\u011funu hep birlikte biliyoruz. Kendilerine \u00e7ok te\u015fekk\u00fcr ediyorum. Ayn\u0131 zamanda Odam\u0131za da bir dal par\u00e7alama makinesi de temin etmi\u015ftir. Sa\u011f olsun. Bu destekler, bu hizmetler \u00e7ift\u00e7ilerimiz taraf\u0131ndan hi\u00e7 unutulmayacakt\u0131r&#8221; dedi.<br \/>\nKazan\u00e7 projesinin yeni yeti\u015ftiricilerinden Zahide Sakar, desteklerden duydu\u011fu memnuniyeti \u015fu s\u00f6zlerle dile getirdi:<br \/>\n&#8220;Belediyemizin hizmetlerinden \u00e7ok memnunuz. Ben \u015funu anlad\u0131m ki belediye isterse halk\u0131n\u0131 d\u00fc\u015f\u00fcn\u00fcyor, hizmet yapabiliyor, b\u00fct\u00e7e ay\u0131rabiliyor. Hizmetin g\u00f6r\u00fcld\u00fc\u011f\u00fcn\u00fc, yap\u0131labildi\u011fini, istenilirse yap\u0131labilece\u011fini g\u00f6rd\u00fck ve ya\u015f\u0131yoruz. Belediyemizin bir\u00e7ok hizmetlerinden yararlan\u0131yorum. Talepte bulunuyorum. Bulunmu\u015f oldu\u011fum taleplerden de en k\u0131sa zamanda, en g\u00fczel \u015fekilde g\u00f6revlilerden bir cevap al\u0131yorum ve \u00e7ok da mutluyum. Kaz \u00fcretimine ilk kez kat\u0131l\u0131yorum ve hi\u00e7bir \u015fekilde bir kaz yeti\u015ftiricisi olaca\u011f\u0131m akl\u0131ma gelmezdi. Sebze \u00fcretirim ama \u015fimdi kazc\u0131l\u0131k yap\u0131yorum. Ba\u015fkan\u0131m\u0131za \u00e7ok te\u015fekk\u00fcr ediyorum. Kendisinin arac\u0131l\u0131\u011f\u0131yla bir\u00e7ok \u015feyi ya\u015fad\u0131k ve g\u00f6rd\u00fck.&#8221;<br \/>\n\u015eehir merkezinden gelip Dalakderesi Mahallesi&#8217;ne yerle\u015ftiklerini s\u00f6yleyen \u00c7i\u011fdem Yavuz da, bu y\u0131lki Kazan\u00e7 projesinin yeni yeti\u015ftiricilerinden. Yavuz, &#8220;1,5 senedir Dalakderesi&#8217;nde ya\u015f\u0131yoruz. Kendimiz tavuk besliyorduk. Bunu duyduk, ba\u015fvurduk ve \u00e7\u0131kt\u0131. Kendi param\u0131z\u0131 kazanaca\u011f\u0131z in\u015fallah. \u00c7ok g\u00fczel bir \u015fey. Kad\u0131nlar\u0131n hep bu \u015fekilde desteklenmesini bekliyoruz. \u00c7ocuklar\u0131mla beraber, e\u015fim de yard\u0131mc\u0131 olacak, hep beraber bu i\u015fi yapaca\u011f\u0131z&#8221; diye belirtti.<br \/>\nB\u00fcy\u00fck\u015fehir&#8217;in tar\u0131msal desteklerini de\u011ferlendiren Dar\u0131sekisi Sulama Kooperatifi Ba\u015fkan\u0131 Mustafa Ya\u015far G\u00fcndo\u011fdu, &#8220;Biz Ba\u015fkan\u0131m\u0131z\u0131n ziraat\u00e7\u0131 olmas\u0131ndan, k\u00f6yl\u00fc \u00e7ocu\u011fu olmas\u0131ndan, k\u00f6yl\u00fcye hizmet etmesinden \u00e7ok memnunuz. \u00d6zellikle kad\u0131nlara da a\u011f\u0131rl\u0131k veriyor. Onlara da bir olanak sa\u011fl\u0131yor. Ge\u00e7en sene 28 \u00e7uval\u0131 18.46 taban g\u00fcbresi att\u0131m, 165 liraya ald\u0131m. Bu sene atamad\u0131m. Ne oldu? Kalite d\u00fc\u015ft\u00fc. Ben kirazc\u0131y\u0131m mesela. 30 lira bekliyordum, 14 liraya satt\u0131m. Niye? Olmad\u0131. Dolu da vurdu&#8221; diye konu\u015ftu. B\u00fcy\u00fck\u015fehir&#8217;in desteklerini de\u011ferlendiren G\u00fcndo\u011fdu, &#8220;Bizim i\u00e7in bir nimet, bir ekmek gibi. \u00c7ok memnunuz. \u00d6zellikle \u015fimdiki hayvan projesi var ya bulunmaz bir nimet. Biz \u00fcretmezsek, \u015fehirli a\u00e7 kal\u0131r. Biz a\u00e7 kal\u0131r\u0131z. Ben 78 ya\u015f\u0131nday\u0131m hala \u00fcretiyorum. Duyguland\u0131m da yani&#8221; dedi.<br \/>\nMusall\u0131 K\u00f6y\u00fc Sulama Kooperatifi Ba\u015fkan\u0131 Osman Kuru, &#8220;Bizim de boru ihtiya\u00e7lar\u0131m\u0131z var. B\u00fct\u00e7emiz yetmiyor, alam\u0131yoruz. Sa\u011f olsun Ba\u015fkan\u0131m\u0131z bize yard\u0131mc\u0131 oldu. Su her \u015fey bizim i\u00e7in. Su oldu mu verim art\u0131yor. 50 kilo veren a\u011fa\u00e7lar\u0131m\u0131z 100 kilo vermeye ba\u015flad\u0131. Verimlerimiz artt\u0131. Sa\u011f olsun Ba\u015fkan\u0131m\u0131z yan\u0131m\u0131zda duruyor. Her ihtiyac\u0131m\u0131za kar\u015f\u0131l\u0131k veriyor&#8221; ifadelerini kulland\u0131.<br \/>\nT\u00f6rende yerini alan \u00fcreticilerden \u0130rem Ersoy ise, &#8220;Vallahi \u00e7ok mutluyuz. Ba\u015fkan\u0131m\u0131zdan da \u00e7ok memnunuz. Tar\u0131ma \u00e7ok y\u00fcksek bir \u00f6nem verdiler. Bunun i\u00e7in gerekli te\u00e7hizat\u0131 da sa\u011flad\u0131lar. Onun i\u00e7in de ayr\u0131ca te\u015fekk\u00fcr ediyorum&#8221; diye belirtti.<\/p>\n","protected":false},"excerpt":{"rendered":"<p>Mersin B\u00fcy\u00fck\u015fehir Belediyesi, Ba\u015fkan Vahap Se\u00e7er \u00f6nc\u00fcl\u00fc\u011f\u00fcnde kentte tar\u0131msal ve hayvansal \u00fcretimi artt\u0131rmak, \u00fcreticiye destek olmak ad\u0131na makine ekipman, fide-fidan, sulama borusu ve hayvan da\u011f\u0131t\u0131mlar\u0131n\u0131 s\u00fcrd\u00fcr\u00fcyor. Uzun vadeli projelerle hayata &hellip; <a href=\"https:\/\/akdenizolaygazetesi.com\/?p=19223\" class=\"more-link\">Devam\u0131n\u0131 Oku&#8230;<\/a><\/p>\n","protected":false},"author":2,"featured_media":19128,"comment_status":"open","ping_status":"open","sticky":false,"template":"","format":"standard","meta":[],"categories":[1,2,3,5],"tags":[],"_links":{"self":[{"href":"https:\/\/akdenizolaygazetesi.com\/index.php?rest_route=\/wp\/v2\/posts\/19223"}],"collection":[{"href":"https:\/\/akdenizolaygazetesi.com\/index.php?rest_route=\/wp\/v2\/posts"}],"about":[{"href":"https:\/\/akdenizolaygazetesi.com\/index.php?rest_route=\/wp\/v2\/types\/post"}],"author":[{"embeddable":true,"href":"https:\/\/akdenizolaygazetesi.com\/index.php?rest_route=\/wp\/v2\/users\/2"}],"replies":[{"embeddable":true,"href":"https:\/\/akdenizolaygazetesi.com\/index.php?rest_route=%2Fwp%2Fv2%2Fcomments&post=19223"}],"version-history":[{"count":1,"href":"https:\/\/akdenizolaygazetesi.com\/index.php?rest_route=\/wp\/v2\/posts\/19223\/revisions"}],"predecessor-version":[{"id":19225,"href":"https:\/\/akdenizolaygazetesi.com\/index.php?rest_route=\/wp\/v2\/posts\/19223\/revisions\/19225"}],"wp:featuredmedia":[{"embeddable":true,"href":"https:\/\/akdenizolaygazetesi.com\/index.php?rest_route=\/wp\/v2\/media\/19128"}],"wp:attachment":[{"href":"https:\/\/akdenizolaygazetesi.com\/index.php?rest_route=%2Fwp%2Fv2%2Fmedia&parent=19223"}],"wp:term":[{"taxonomy":"category","embeddable":true,"href":"https:\/\/akdenizolaygazetesi.com\/index.php?rest_route=%2Fwp%2Fv2%2Fcategories&post=19223"},{"taxonomy":"post_tag","embeddable":true,"href":"https:\/\/akdenizolaygazetesi.com\/index.php?rest_route=%2Fwp%2Fv2%2Ftags&post=19223"}],"curies":[{"name":"wp","href":"https:\/\/api.w.org\/{rel}","templated":true}]}}