{"id":19226,"date":"2022-06-10T16:18:02","date_gmt":"2022-06-10T13:18:02","guid":{"rendered":"http:\/\/akdenizolaygazetesi.com\/?p=19226"},"modified":"2022-06-10T16:18:02","modified_gmt":"2022-06-10T13:18:02","slug":"akdeniz-belediyesi-ile-gaziantep-buyuksehir-belediyesi-kardes-oluyor","status":"publish","type":"post","link":"https:\/\/akdenizolaygazetesi.com\/?p=19226","title":{"rendered":"AKDEN\u0130Z BELED\u0130YES\u0130 \u0130LE  GAZ\u0130ANTEP B\u00dcY\u00dcK\u015eEH\u0130R BELED\u0130YES\u0130 KARDE\u015e OLUYOR"},"content":{"rendered":"<p>Akdeniz Belediye Meclisi Haziran ay\u0131 ikinci birle\u015fimi, M. Mustafa G\u00fcltak Ba\u015fkanl\u0131\u011f\u0131\u2019nda ger\u00e7ekle\u015fti. Yoklama, Sayg\u0131 Duru\u015fu ve \u0130stiklal Mar\u015f\u0131 ile ba\u015flayan toplant\u0131 bir \u00f6nceki birle\u015fim tutanak \u00f6zetinin oylan\u0131p kabul\u00fcyle ile s\u00fcrd\u00fc.<br \/>\nMeclis\u2019te, Akdeniz Belediyesi ile Diyarbak\u0131r B\u00fcy\u00fck\u015fehir Belediyesi aras\u0131nda \u2018Karde\u015f Belediyecilik\u2019 anla\u015fmas\u0131 amac\u0131yla protokol haz\u0131rlanmas\u0131 ve s\u00f6zle\u015fmeler imzalanmas\u0131 i\u00e7in Ba\u015fkan Mustafa G\u00fcltak\u2019a tam yetki verilmesiyle ilgili g\u00fcndem maddesi g\u00f6r\u00fc\u015f\u00fcld\u00fc. Komisyonlarda oy\u00e7oklu\u011fu ile reddedilen teklif, muhalefet Meclis \u00fcyeleri taraf\u0131ndan; Diyarbak\u0131r B\u00fcy\u00fck\u015fehir Belediyesi\u2019ne \u0130\u00e7i\u015fleri Bakanl\u0131\u011f\u0131 taraf\u0131ndan kayyum atanmas\u0131 gerek\u00e7e g\u00f6sterilerek oy\u00e7oklu\u011fu ile reddedildi.<br \/>\nBa\u015fkan G\u00fcltak; \u201cKayyum atama kararlar\u0131, ter\u00f6rle m\u00fccadele yasalar\u0131na g\u00f6re al\u0131nm\u0131\u015ft\u0131r\u201d<br \/>\nAkdeniz Belediyesi ile Diyarbak\u0131r B\u00fcy\u00fck\u015fehir Belediyesi aras\u0131nda imzalanacak karde\u015f \u015fehir protokol\u00fcn\u00fcn reddedilmesine tepki g\u00f6steren Ba\u015fkan G\u00fcltak sert konu\u015ftu; \u201cBu devletin, ter\u00f6rle m\u00fccadele yasalar\u0131 vard\u0131r\u201d diyen Ba\u015fkan G\u00fcltak; \u201cTer\u00f6rle M\u00fccadele Yasas\u0131; \u2018bir ki\u015fi ter\u00f6re bula\u015ft\u0131\u011f\u0131 andan itibaren g\u00f6zalt\u0131na al\u0131n\u0131r ve tutuklan\u0131r\u2019 diyor. Kayyum atamalar\u0131 da keyfi de\u011fil, ter\u00f6rle m\u00fccadele yasas\u0131na istinaden al\u0131nm\u0131\u015ft\u0131r. Evet, yasalar\u0131n da dedi\u011fi gibi hasta olursam Meclis\u2019i Ba\u015fkanvekili y\u00f6netir, e\u011fer vefat edersem Meclis\u2019ten birini Ba\u015fkan se\u00e7ersiniz.<br \/>\nAma ben ter\u00f6r \u00f6rg\u00fct\u00fcne m\u00fcdahil olursam, o art\u0131k hukukun meselesi olur, \u0130\u00e7i\u015fleri Bakanl\u0131\u011f\u0131 da yetkilerini kullan\u0131r. Hi\u00e7 kimse T\u00fcrkiye Cumhuriyeti yasalar\u0131n\u0131n \u00fczerinde de\u011fildir. Herkes ni\u00e7in oldu\u011funu biliyor. Kayyumlar keyfi atanmam\u0131\u015ft\u0131r. \u0130stenilen bir durum de\u011fildir ama kimse T\u00fcrkiye Cumhuriyeti ve yasalar\u0131ndan \u00fcst\u00fcn de\u011fildir. Siz; dokunulmazl\u0131\u011f\u0131n\u0131z var diye, ara\u00e7lar\u0131n\u0131zla ter\u00f6rist ta\u015f\u0131y\u0131n, getirin g\u00f6t\u00fcr\u00fcn. Bomba ta\u015f\u0131y\u0131n, bebek katili Abdullah \u00d6calan\u2019\u0131n posterlerini as\u0131n, miting yap\u0131n, ondan sonra da devlet sussun. Yok \u00f6yle bir \u015fey! Herkes cezas\u0131n\u0131 \u00e7eker\u201d ifadelerini kulland\u0131.<br \/>\n\u00d6te yandan; Gaziantep B\u00fcy\u00fck\u015fehir Belediye Ba\u015fkanl\u0131\u011f\u0131 ile Akdeniz Belediyesi aras\u0131nda imzalanacak karde\u015flik anla\u015fmas\u0131yla ilgili protokol haz\u0131rlama, s\u00f6zle\u015fmeler imzalama ve \u00e7e\u015fitli konularda i\u015fbirlikleri yapma konusunda Ba\u015fkan Mustafa G\u00fcltak\u2019a tam yetki verilmesi amac\u0131yla ilgili komisyonlardan oybirli\u011fi ile gelen teklif, oylama sonucu Meclis \u00fcyelerinin yine oybirli\u011fiyle kabul edildi.<br \/>\nBa\u015fkan G\u00fcltak; \u201cEk \u00f6denek, Akdeniz\u2019e hizmet i\u00e7in kullan\u0131lacak\u201d<br \/>\nToplant\u0131da, belediyeye ba\u011fl\u0131 m\u00fcd\u00fcrl\u00fcklerin ek \u00f6denek talepleri sonucu olu\u015fan ve ek \u00f6denek tablosunda belirtilen tutar kadar \u00f6dene\u011fin eklenmesiyle ilgili komisyonlarda oybirli\u011fi ile kabul edilen konu, Meclis \u00fcyelerinin konu hakk\u0131ndaki g\u00f6r\u00fc\u015f ve \u00f6nerilerini dile getirmesinden sonra oylan\u0131p, yine oybirli\u011fi ile kabul edildi. Karar\u0131n kabul\u00fc ve desteklerinden dolay\u0131 Meclis \u00fcyelerine te\u015fekk\u00fcr eden Ba\u015fkan Mustafa G\u00fcltak; \u201cBuras\u0131 bir kamu kurulu\u015fu. E\u011fer b\u00fct\u00e7e denkli\u011fi olmazsa hizmetler de aksar veya durabilir. \u0130dare ile Meclis \u00fcyeleri aras\u0131nda uzun ve yo\u011fun bir maraton oldu. Hem idaremize, Mali Hizmetler M\u00fcd\u00fcr\u00fc\u2019ne, \u00e7al\u0131\u015fanlar\u0131na ve t\u00fcm Meclis \u00fcyelerimize te\u015fekk\u00fcr ediyorum. Hizmetlerimiz kesintisiz devam edecek, Akdeniz i\u00e7in hay\u0131rl\u0131 olmas\u0131n\u0131 diliyorum. B\u00fct\u00e7enin, Akdeniz\u2019in kalk\u0131nmas\u0131, hizmetlerin eksiksiz sunulmas\u0131 ve insanlar\u0131m\u0131z\u0131n yarar\u0131na kullan\u0131lmas\u0131 noktas\u0131nda harcanaca\u011f\u0131ndan hi\u00e7 kimsenin \u015f\u00fcphesi olmas\u0131n\u201d \u015feklinde konu\u015ftu.<br \/>\nMeclis\u2019te g\u00f6r\u00fc\u015f\u00fclen di\u011fer baz\u0131 konular\u2026<br \/>\nMeclis\u2019te, Karaduvar Mahallesi, 137 ada, 13 parseldeki 6 bin 278metrekare y\u00fcz\u00f6l\u00e7\u00fcml\u00fc tarla niteli\u011findeki, 1\/1000 \u00f6l\u00e7ekli uygulama imar plan\u0131nda \u201cmezarl\u0131k\u201d i\u015faretli olan ve fiilen mezarl\u0131k olarak kullan\u0131lan ta\u015f\u0131nmaz\u0131n Mersin B\u00fcy\u00fck\u015fehir Belediyesi\u2019ne devrinin yap\u0131lmas\u0131 ile ilgili komisyonlardan gelen konu da yine oybirli\u011fi ile kabul edildi.<br \/>\nYal\u0131nayak Mahallesi, 4094 ada, 1 parsel nolu bin 775 metrekare y\u00fcz\u00f6l\u00e7\u00fcm\u00fcndeki ta\u015f\u0131nmaz\u0131n taziye evi yap\u0131lmas\u0131 \u015fart\u0131yla belediyeye hibe edilmesiyle ilgili komisyonlardan oybirli\u011fi ile gelen konu, Meclis \u00fcyelerinin yine oybirli\u011fi ile kabul edildi. Temenni ve \u00f6neriler b\u00f6l\u00fcm\u00fcnde, baz\u0131 Meclis \u00fcyelerinin bir tak\u0131m konulardaki talep ve \u00f6nerilerini dile getirmesinden sonra toplant\u0131 sona erdi. <\/p>\n","protected":false},"excerpt":{"rendered":"<p>Akdeniz Belediye Meclisi Haziran ay\u0131 ikinci birle\u015fimi, M. Mustafa G\u00fcltak Ba\u015fkanl\u0131\u011f\u0131\u2019nda ger\u00e7ekle\u015fti. Yoklama, Sayg\u0131 Duru\u015fu ve \u0130stiklal Mar\u015f\u0131 ile ba\u015flayan toplant\u0131 bir \u00f6nceki birle\u015fim tutanak \u00f6zetinin oylan\u0131p kabul\u00fcyle ile s\u00fcrd\u00fc. &hellip; <a href=\"https:\/\/akdenizolaygazetesi.com\/?p=19226\" class=\"more-link\">Devam\u0131n\u0131 Oku&#8230;<\/a><\/p>\n","protected":false},"author":2,"featured_media":19227,"comment_status":"open","ping_status":"open","sticky":false,"template":"","format":"standard","meta":[],"categories":[2,3,5],"tags":[],"_links":{"self":[{"href":"https:\/\/akdenizolaygazetesi.com\/index.php?rest_route=\/wp\/v2\/posts\/19226"}],"collection":[{"href":"https:\/\/akdenizolaygazetesi.com\/index.php?rest_route=\/wp\/v2\/posts"}],"about":[{"href":"https:\/\/akdenizolaygazetesi.com\/index.php?rest_route=\/wp\/v2\/types\/post"}],"author":[{"embeddable":true,"href":"https:\/\/akdenizolaygazetesi.com\/index.php?rest_route=\/wp\/v2\/users\/2"}],"replies":[{"embeddable":true,"href":"https:\/\/akdenizolaygazetesi.com\/index.php?rest_route=%2Fwp%2Fv2%2Fcomments&post=19226"}],"version-history":[{"count":1,"href":"https:\/\/akdenizolaygazetesi.com\/index.php?rest_route=\/wp\/v2\/posts\/19226\/revisions"}],"predecessor-version":[{"id":19228,"href":"https:\/\/akdenizolaygazetesi.com\/index.php?rest_route=\/wp\/v2\/posts\/19226\/revisions\/19228"}],"wp:featuredmedia":[{"embeddable":true,"href":"https:\/\/akdenizolaygazetesi.com\/index.php?rest_route=\/wp\/v2\/media\/19227"}],"wp:attachment":[{"href":"https:\/\/akdenizolaygazetesi.com\/index.php?rest_route=%2Fwp%2Fv2%2Fmedia&parent=19226"}],"wp:term":[{"taxonomy":"category","embeddable":true,"href":"https:\/\/akdenizolaygazetesi.com\/index.php?rest_route=%2Fwp%2Fv2%2Fcategories&post=19226"},{"taxonomy":"post_tag","embeddable":true,"href":"https:\/\/akdenizolaygazetesi.com\/index.php?rest_route=%2Fwp%2Fv2%2Ftags&post=19226"}],"curies":[{"name":"wp","href":"https:\/\/api.w.org\/{rel}","templated":true}]}}