{"id":1923,"date":"2020-11-04T18:22:27","date_gmt":"2020-11-04T15:22:27","guid":{"rendered":"http:\/\/mersinekonomipolitikagazetesi.com\/?p=1923"},"modified":"2020-11-04T18:22:27","modified_gmt":"2020-11-04T15:22:27","slug":"gezende-koyunde-erik-festivali-coskusu","status":"publish","type":"post","link":"https:\/\/akdenizolaygazetesi.com\/?p=1923","title":{"rendered":"GEZENDE K\u00d6Y\u00dc&#8217;NDE ER\u0130K FEST\u0130VAL\u0130 CO\u015eKUSU"},"content":{"rendered":"<p>Mersin B\u00fcy\u00fck\u015fehir Belediyesi ve G\u00fclnar Belediyesi\u2019nin destek verdi\u011fi, Gezende K\u00f6y\u00fc Yard\u0131mla\u015fma Derne\u011fi ve muhtarl\u0131k  taraf\u0131ndan d\u00fczenlenen 11. Gezende Erik Festivali kutlamas\u0131 yap\u0131ld\u0131.<\/p>\n<blockquote type=\"cite\">\n<div dir=\"ltr\">\n<p>G\u00fclnar \u0130l\u00e7esine ba\u011fl\u0131 Gezende Mahallesi\u2019nde d\u00fczenlenen festivale Mersin B\u00fcy\u00fck\u015fehir Belediye Ba\u015fkan\u0131 Burhanettin Kocamaz, Cumhuriyet Halk Partisi Mersin Milletvekili H\u00fcseyin \u00c7amak, MHP Mersin Milletvekili Baki \u015eim\u015fek, G\u00fclnar\u00a0 Belediye Ba\u015fkan\u0131 Ahmet G\u00fcnel, MHP \u0130l Ba\u015fkan\u0131 Zeynel U\u011fur G\u00f6lgeli, milletvekili aday adaylar\u0131, siyasi parti temsilcileri, milletvekili aday adaylar\u0131 ile sivil toplum \u00f6rg\u00fct\u00fc temsilcileri, mahalle muhtarlar\u0131 ve vatanda\u015flar kat\u0131ld\u0131.<\/p>\n<p>Yo\u011fun bir kat\u0131l\u0131m\u0131n oldu\u011fu festivalde eri\u011finin tan\u0131t\u0131m\u0131 yap\u0131ld\u0131. Vatanda\u015flar ise O\u011fuz Y\u0131lmaz konseri ile doyas\u0131ya e\u011flendi.<\/p>\n<p>\u00a0<\/p>\n<p>\u201cMERS\u0130N B\u00dcY\u00dcK\u015eEH\u0130R BELED\u0130YEM\u0130Z\u0130N ORTAKLA\u015eA \u00c7ABASI SONUCU ORTAYA \u00c7IKTI\u201d<\/p>\n<p>\u00a0<\/p>\n<p><span style=\"font-family: sans-serif, Arial, Verdana, 'Trebuchet MS'; line-height: 1.6em;\">Mersin B\u00fcy\u00fck\u015fehir Belediye Ba\u015fkan\u0131m\u0131z Burhanettin Kocamaz festivalde konu\u015fmas\u0131n\u0131 ger\u00e7ekle\u015ftirerek: \u201cBu festival sadece Gezende\u2019nin de\u011fil G\u00fclnar\u2019\u0131n ve t\u00fcm b\u00f6lgemizin festivali haline d\u00f6n\u00fc\u015ft\u00fc. Dolay\u0131s\u0131yla eme\u011fi ge\u00e7en herkese te\u015fekk\u00fcr ediyorum. 30 Mart \u00f6ncesi buralara gelmi\u015ftik, 30 Mart sonras\u0131nda da geldik. Ne s\u00f6z verdiysek s\u00f6z\u00fcm\u00fcz\u00fcn arkas\u0131nday\u0131z. Bug\u00fcn burada g\u00f6rd\u00fc\u011f\u00fcn\u00fcz hizmetler, G\u00fclnar Belediyesi ve Mersin B\u00fcy\u00fck\u015fehir Belediyemizin ortakla\u015fa \u00e7abas\u0131 sonucu ortaya \u00e7\u0131kt\u0131. Ben bu festivalin in\u015fallah birli\u011fimize, dirli\u011fimize, b\u00fct\u00fcnl\u00fc\u011f\u00fcm\u00fcze, bar\u0131\u015fa, sevgiye ve karde\u015fli\u011fe vesile olmas\u0131n\u0131 diliyorum.\u2019\u2019 ifadelerini kulland\u0131.<\/span><\/p>\n<p>\u00a0<\/p>\n<p>G\u00dcNEL : \u201cSUYUMUZ GELD\u0130 ER\u0130KLER\u0130M\u0130Z EN G\u00dcZEL \u015eEK\u0130LDE YET\u0130\u015e\u0130YOR\u201d<\/p>\n<div>\n<div aria-label=\"Geni\u015fletilen i\u00e7eri\u011fi gizleyin\" data-tooltip=\"Geni\u015fletilen i\u00e7eri\u011fi gizleyin\" id=\":1i3\" role=\"button\" style=\"clear:both;\" tabindex=\"0\">\u00a0<\/div>\n<\/div>\n<div>\n<p>G\u00fclnar Belediye Ba\u015fkan\u0131 Ahmet G\u00fcnel\u00a0 ise: \u201cGezende mahallemizin 11. Erik Festivalini Allah\u2019\u0131n izniyle ger\u00e7ekle\u015ftiriyoruz. Gezende\u2019nin tek ilac\u0131 eriktir. Erikler yeti\u015fmi\u015f verim vermeye ba\u015flam\u0131\u015f. Eriklerimiz \u00f6nceden suyu olmad\u0131\u011f\u0131 i\u00e7in kuruyordu. \u015eimdi ise suyumuz gelerek eriklerimiz en g\u00fczel \u015fekilde yeti\u015fiyor. Bunun i\u00e7in B\u00fcy\u00fck\u015fehir Belediye Ba\u015fkan\u0131m\u0131z Burhanettin Kocamaz\u2019a ne kadar te\u015fekk\u00fcr etsek azd\u0131r. \u00c7\u00fcnk\u00fc bug\u00fcn bu eriklerimiz ve di\u011fer bitkilerimiz sulan\u0131yorsa, para ediyorsa, b\u00fct\u00e7enize bir katk\u0131da bulunuyorsa \u00f6nce Allah sonra B\u00fcy\u00fck\u015fehir Belediye Ba\u015fkan\u0131m\u0131z\u00a0 Burhanettin Kocamaz\u2019a ne kadar te\u015fekk\u00fcr etsek\u00a0 azd\u0131r. Bu konuda ben sizler ad\u0131na ve t\u00fcm G\u00fclnar\u2019\u0131lar ad\u0131na kendilerine huzurlar\u0131n\u0131zda te\u015fekk\u00fcr ediyorum\u201d \u015feklinde konu\u015ftu.<\/p>\n<p>S\u00f6zlerine devam eden G\u00fcnel: \u201cSizlere hizmetin en alas\u0131n\u0131, en g\u00fczelini yapmak i\u00e7in m\u00fccadele ediyoruz. Hizmetlerimize ara vermeden devam edece\u011fimiz\u2019\u2019 diyerek son c\u00fcmlelerini tamamlad\u0131.<\/p>\n<p><span style=\"font-family: sans-serif, Arial, Verdana, 'Trebuchet MS'; line-height: 1.6em;\">D\u00fczenlenen erik festivalinde erik yeti\u015ftiricili\u011fi yar\u0131\u015fmas\u0131 sonunda dereceye girenlere \u00f6d\u00fcller\u00a0 Mersin B\u00fcy\u00fck\u015fehir Belediye Ba\u015fkan\u0131 Burhanettin Kocamaz, G\u00fclnar Belediye Ba\u015fkan\u0131 Ahmet G\u00fcnel ve protokol mensuplar\u0131 taraf\u0131ndan takdim edildi.<\/span><\/p>\n<p><span style=\"font-family: sans-serif, Arial, Verdana, 'Trebuchet MS'; line-height: 1.6em;\">Festivalin sonunda B\u00fcy\u00fck\u015fehir Belediye Ba\u015fkan\u0131 Burhanettin Kocamaz,\u00a0<\/span><span style=\"line-height: 1.6em; font-family: sans-serif, Arial, Verdana, 'Trebuchet MS';\">MHP Milletvekili Baki \u015eim\u015fek, Belediye Ba\u015fkan\u0131 Ahmet G\u00fcnel, CHP Mersin Milletvekili H\u00fcseyin \u00c7amak ve milletvekili aday adaylar\u0131 festivalde kurulan pazar yerinde esnaflar\u0131 ziyaret ederek anneler g\u00fcn\u00fcne \u00f6zel hediyeler vererek annelerin anneler g\u00fcn\u00fcn\u00fc kutlad\u0131lar.<\/span><\/p>\n<\/div>\n<\/div>\n<\/blockquote>\n","protected":false},"excerpt":{"rendered":"<p>Mersin B\u00fcy\u00fck\u015fehir Belediyesi ve G\u00fclnar Belediyesi\u2019nin destek verdi\u011fi, Gezende K\u00f6y\u00fc Yard\u0131mla\u015fma Derne\u011fi ve muhtarl\u0131k taraf\u0131ndan d\u00fczenlenen 11. Gezende Erik Festivali kutlamas\u0131 yap\u0131ld\u0131. G\u00fclnar \u0130l\u00e7esine ba\u011fl\u0131 Gezende Mahallesi\u2019nde d\u00fczenlenen festivale Mersin &hellip; <a href=\"https:\/\/akdenizolaygazetesi.com\/?p=1923\" class=\"more-link\">Devam\u0131n\u0131 Oku&#8230;<\/a><\/p>\n","protected":false},"author":1,"featured_media":0,"comment_status":"open","ping_status":"open","sticky":false,"template":"","format":"standard","meta":[],"categories":[],"tags":[],"_links":{"self":[{"href":"https:\/\/akdenizolaygazetesi.com\/index.php?rest_route=\/wp\/v2\/posts\/1923"}],"collection":[{"href":"https:\/\/akdenizolaygazetesi.com\/index.php?rest_route=\/wp\/v2\/posts"}],"about":[{"href":"https:\/\/akdenizolaygazetesi.com\/index.php?rest_route=\/wp\/v2\/types\/post"}],"author":[{"embeddable":true,"href":"https:\/\/akdenizolaygazetesi.com\/index.php?rest_route=\/wp\/v2\/users\/1"}],"replies":[{"embeddable":true,"href":"https:\/\/akdenizolaygazetesi.com\/index.php?rest_route=%2Fwp%2Fv2%2Fcomments&post=1923"}],"version-history":[{"count":0,"href":"https:\/\/akdenizolaygazetesi.com\/index.php?rest_route=\/wp\/v2\/posts\/1923\/revisions"}],"wp:attachment":[{"href":"https:\/\/akdenizolaygazetesi.com\/index.php?rest_route=%2Fwp%2Fv2%2Fmedia&parent=1923"}],"wp:term":[{"taxonomy":"category","embeddable":true,"href":"https:\/\/akdenizolaygazetesi.com\/index.php?rest_route=%2Fwp%2Fv2%2Fcategories&post=1923"},{"taxonomy":"post_tag","embeddable":true,"href":"https:\/\/akdenizolaygazetesi.com\/index.php?rest_route=%2Fwp%2Fv2%2Ftags&post=1923"}],"curies":[{"name":"wp","href":"https:\/\/api.w.org\/{rel}","templated":true}]}}