{"id":19232,"date":"2022-06-10T16:20:50","date_gmt":"2022-06-10T13:20:50","guid":{"rendered":"http:\/\/akdenizolaygazetesi.com\/?p=19232"},"modified":"2022-06-10T16:20:50","modified_gmt":"2022-06-10T13:20:50","slug":"parkin-icindeki-elektrik-trafosu-belediye-personel-servisi-gorunumuyle-dikkatleri-cekti","status":"publish","type":"post","link":"https:\/\/akdenizolaygazetesi.com\/?p=19232","title":{"rendered":"PARKIN \u0130\u00c7\u0130NDEK\u0130 ELEKTR\u0130K TRAFOSU, BELED\u0130YE PERSONEL SERV\u0130S\u0130 G\u00d6R\u00dcN\u00dcM\u00dcYLE D\u0130KKATLER\u0130 \u00c7EKT\u0130"},"content":{"rendered":"<p>Parklarda bulunan elektrik trafolar\u0131n\u0131 boyayarak sanat eserine d\u00f6n\u00fc\u015ft\u00fcren Mersin&#8217;in merkez il\u00e7esi Toroslar Belediyesi, bu kez de farkl\u0131 bir grafik \u00e7al\u0131\u015fmas\u0131yla dikkat \u00e7ekti.<\/p>\n<p>H\u00fcseyin Okan Merzeci Mahallesi&#8217;nde bulunan Mehmet\u00e7ik Park\u0131&#8217;n\u0131n i\u00e7indeki trafo binas\u0131, Toroslar Belediyesinin personel servisi format\u0131nda boyanarak adeta tabloya d\u00f6n\u00fc\u015ft\u00fc.<\/p>\n<p>Her a\u00e7\u0131dan bak\u0131ld\u0131\u011f\u0131nda belediye servisini an\u0131msatan ve belediye personelinin yan\u0131 s\u0131ra parka gelen \u00e7ocuklar\u0131n resimlerinin de yans\u0131t\u0131ld\u0131\u011f\u0131 trafo binas\u0131, \u00e7ocuklar\u0131n ailelerinin ve vatanda\u015flar\u0131n b\u00fcy\u00fck be\u011fenisini toplad\u0131.<\/p>\n<p>&#8220;Servisin Plakas\u0131, 33 TB 1994&#8221;<\/p>\n<p>Toroslar Belediyesinin kurulu\u015f tarihi olan 1994, servisin plakas\u0131 olarak \u00f6l\u00fcms\u00fczle\u015ftirildi. Plaka, 33 TB (Toroslar Belediyesi) 1994 \u015feklinde tasarlanarak monte edildi.<\/p>\n<p>Uzaktan bak\u0131ld\u0131\u011f\u0131nda ise park\u0131n i\u00e7inde adeta bir otob\u00fcs bulundu\u011fu izlenimi yaratan trafo, yeni g\u00f6r\u00fcn\u00fcm\u00fcyle yo\u011fun ilgi \u00e7ekiyor.<\/p>\n<p>&#8220;Toroslar&#8217;da Sanat Sokakta&#8221;<\/p>\n<p>\u00c7evre g\u00fczelle\u015ftirme \u00e7al\u0131\u015fmalar\u0131 kapsam\u0131nda Mersinlileri duvar boyama sanat\u0131 ile bulu\u015fturan belediye, toplu konut binalar\u0131n\u0131n d\u0131\u015f cephelerine yapt\u0131\u011f\u0131 d\u00fcnyaca \u00fcnl\u00fc ressamlar\u0131n eserlerinin yan\u0131 s\u0131ra k\u00fclt\u00fcrel mirasa ait simgeler ve hayvan fig\u00fcrleri ile trafolar\u0131 boyayarak, eskiyen ve y\u0131pranan bu binalar\u0131 kent esteti\u011finin bir par\u00e7as\u0131 haline getirdi.<\/p>\n<p>Vatanda\u015flar, hayvan sevgisi ve kitap okuman\u0131n \u00f6nemi gibi temalar\u0131n da i\u015flendi\u011fi bu \u00e7evre g\u00fczelle\u015ftirme \u00e7al\u0131\u015fmalar\u0131ndan dolay\u0131 Toroslar Belediye Ba\u015fkan\u0131 Ats\u0131z Af\u015f\u0131n Y\u0131lmaz&#8217;a ve ekibine te\u015fekk\u00fcr etti.<\/p>\n<p>Belediyenin Park ve Bah\u00e7eler M\u00fcd\u00fcrl\u00fc\u011f\u00fc ressam\u0131 taraf\u0131ndan yap\u0131lan trafo boyama \u00e7al\u0131\u015fmalar\u0131, elektrik trafo binas\u0131 bulunan di\u011fer parklarda da devam edecek.<\/p>\n<p>Ba\u015fkan Y\u0131lmaz; &#8220;Kentimize Renk Kat\u0131yoruz&#8221;<\/p>\n<p>Toroslar Belediye Ba\u015fkan\u0131 Ats\u0131z Af\u015f\u0131n Y\u0131lmaz ise il\u00e7eye sanatsal anlamda de\u011fer katmaya devam edeceklerini belirterek; &#8220;Parklar\u0131m\u0131zda bulunan elektrik trafolar\u0131, belediye personelimizin marifetiyle boyanarak adeta bir sanata eserine d\u00f6n\u00fc\u015ft\u00fc. Kentimizin k\u00fclt\u00fcrel ve geleneksel de\u011ferlerini yans\u0131tt\u0131\u011f\u0131m\u0131z trafo binalar\u0131, g\u00f6renler taraf\u0131ndan be\u011feni kazanmas\u0131 bizleri de mutlu ediyor&#8221; dedi.<\/p>\n<p>Yap\u0131lan bu \u00e7al\u0131\u015fmalarla trafo binalar\u0131n\u0131n daha estetik bir g\u00f6r\u00fcn\u00fcme kavu\u015ftu\u011funu belirten Ba\u015fkan Y\u0131lmaz; &#8220;Mehmet\u00e7ik Park\u0131m\u0131z\u0131n i\u00e7indeki trafo binas\u0131n\u0131, belediye servisimizin g\u00f6r\u00fcn\u00fcm\u00fcne d\u00f6n\u00fc\u015ft\u00fcrd\u00fck. Bu otob\u00fcs\u00fcn i\u00e7inde sahada emek veren personelimizin yan\u0131 s\u0131ra parka gelen \u00e7ocuklar\u0131m\u0131z\u0131n resimleri de yer al\u0131yor. Bu \u00e7al\u0131\u015fmam\u0131zla, at\u0131l g\u00f6r\u00fcn\u00fcmden kurtulan elektrik trafolar\u0131 adeta parklar\u0131m\u0131za renk katt\u0131. Temiz ve g\u00fczel bir \u00e7evre i\u00e7in \u00e7al\u0131\u015fmalar\u0131m\u0131z\u0131 aral\u0131ks\u0131z s\u00fcrd\u00fcrece\u011fiz&#8221; diye konu\u015ftu.<\/p>\n","protected":false},"excerpt":{"rendered":"<p>Parklarda bulunan elektrik trafolar\u0131n\u0131 boyayarak sanat eserine d\u00f6n\u00fc\u015ft\u00fcren Mersin&#8217;in merkez il\u00e7esi Toroslar Belediyesi, bu kez de farkl\u0131 bir grafik \u00e7al\u0131\u015fmas\u0131yla dikkat \u00e7ekti. H\u00fcseyin Okan Merzeci Mahallesi&#8217;nde bulunan Mehmet\u00e7ik Park\u0131&#8217;n\u0131n i\u00e7indeki &hellip; <a href=\"https:\/\/akdenizolaygazetesi.com\/?p=19232\" class=\"more-link\">Devam\u0131n\u0131 Oku&#8230;<\/a><\/p>\n","protected":false},"author":2,"featured_media":19233,"comment_status":"open","ping_status":"open","sticky":false,"template":"","format":"standard","meta":[],"categories":[3],"tags":[],"_links":{"self":[{"href":"https:\/\/akdenizolaygazetesi.com\/index.php?rest_route=\/wp\/v2\/posts\/19232"}],"collection":[{"href":"https:\/\/akdenizolaygazetesi.com\/index.php?rest_route=\/wp\/v2\/posts"}],"about":[{"href":"https:\/\/akdenizolaygazetesi.com\/index.php?rest_route=\/wp\/v2\/types\/post"}],"author":[{"embeddable":true,"href":"https:\/\/akdenizolaygazetesi.com\/index.php?rest_route=\/wp\/v2\/users\/2"}],"replies":[{"embeddable":true,"href":"https:\/\/akdenizolaygazetesi.com\/index.php?rest_route=%2Fwp%2Fv2%2Fcomments&post=19232"}],"version-history":[{"count":1,"href":"https:\/\/akdenizolaygazetesi.com\/index.php?rest_route=\/wp\/v2\/posts\/19232\/revisions"}],"predecessor-version":[{"id":19234,"href":"https:\/\/akdenizolaygazetesi.com\/index.php?rest_route=\/wp\/v2\/posts\/19232\/revisions\/19234"}],"wp:featuredmedia":[{"embeddable":true,"href":"https:\/\/akdenizolaygazetesi.com\/index.php?rest_route=\/wp\/v2\/media\/19233"}],"wp:attachment":[{"href":"https:\/\/akdenizolaygazetesi.com\/index.php?rest_route=%2Fwp%2Fv2%2Fmedia&parent=19232"}],"wp:term":[{"taxonomy":"category","embeddable":true,"href":"https:\/\/akdenizolaygazetesi.com\/index.php?rest_route=%2Fwp%2Fv2%2Fcategories&post=19232"},{"taxonomy":"post_tag","embeddable":true,"href":"https:\/\/akdenizolaygazetesi.com\/index.php?rest_route=%2Fwp%2Fv2%2Ftags&post=19232"}],"curies":[{"name":"wp","href":"https:\/\/api.w.org\/{rel}","templated":true}]}}